{"id":276175,"date":"2025-07-26T23:04:14","date_gmt":"2025-07-26T23:04:14","guid":{"rendered":"https:\/\/www.europesays.com\/fr\/276175\/"},"modified":"2025-07-26T23:04:14","modified_gmt":"2025-07-26T23:04:14","slug":"lille-remporte-le-bras-de-fer-face-au-paris-fc-et-conserve-benjamin-andre","status":"publish","type":"post","link":"https:\/\/www.europesays.com\/fr\/276175\/","title":{"rendered":"Lille remporte le bras de fer face au Paris FC et conserve Benjamin Andr\u00e9"},"content":{"rendered":"<p>Le LOSC a annonc\u00e9 ce samedi la prolongation du milieu de terrain Benjamin Andr\u00e9, sur les tablettes du Paris FC depuis le d\u00e9but du mercato.<\/p>\n<p class=\"fig-paragraph\">Benjamin Andr\u00e9 \u00e9voluera bien sous le maillot lillois. Le milieu de terrain a prolong\u00e9 son contrat ce samedi avec le club du Nord, jusqu\u2019en 2028. R\u00e9gulier, le joueur de 34 ans est un \u00e9l\u00e9ment fort du club depuis son arriv\u00e9e en 2019. Au point m\u00eame d\u2019en devenir le capitaine.<\/p>\n<p class=\"fig-paragraph\">\u00abIl y a de la joie, de la fiert\u00e9 aussi. Je suis tr\u00e8s content de poursuivre l\u2019aventure, avec tout ce qu\u2019on a v\u00e9cu ici. J\u2019esp\u00e8re qu\u2019on aura encore de belles choses \u00e0 vivre ensemble. Je ferai ce que je sais faire, tout donner sur le terrain. Je tiens vraiment \u00e0 remercier le club, le pr\u00e9sident et les supporters\u00bb, a salu\u00e9 Benjamin Andr\u00e9.<\/p>\n<p>                                    <a class=\"fig-a11y-skip a11y-hidden\" href=\"#fig-a11y-skip-main-inarticle\"><br \/>\n        Passer la publicit\u00e9<br \/>\n    <\/a><\/p>\n<p>7e saison<\/p>\n<p class=\"fig-paragraph\">\u00abEt je d\u00e9die ce moment aux amoureux du LOSC parce que c\u2019est une confiance et un amour r\u00e9ciproques. On le sent tous les week-ends, chaque match, ils sont derri\u00e8re nous. C\u2019est plus qu\u2019un club, le LOSC c\u2019est ma famille\u00a0! Allez le LOSC !\u00bb, a fini par conclure le natif de Nice. En six saisons sous le maillot lillois, Andr\u00e9 a disput\u00e9 248 matches et compte, tous clubs confondus (Ajaccio, Rennes et Lille), 638 matches chez les professionnels dont 438 en Ligue 1. Aucun joueur en activit\u00e9 n\u2019en compte autant dans le championnat fran\u00e7ais.<\/p>\n<p class=\"fig-paragraph\">Benjamin Andr\u00e9 \u00e9tait \u00e9galement scrut\u00e9 par le promu ambitieux du\u00a0<a href=\"http:\/\/www.lefigaro.fr\/sports\/football\/ligue-1\/mercato-budget-staff-quelles-ambitions-pour-le-paris-fc-version-famille-arnault-en-ligue-1-20250504\" data-fig-type=\"Article\" data-gtm-custom-categorie=\"navigation\" data-gtm-custom-action=\"crossclick\" data-gtm-custom-label=\"Contextuel\" data-gtm-event=\"customEventSPE\" data-fig-domain=\"LEFIGARO\" target=\"_blank\" rel=\"noopener\">Paris FC<\/a>. Le club parisien en avait m\u00eame fait une priorit\u00e9 apr\u00e8s avoir attir\u00e9 dans ses filets le Nantais Moses Simon et le d\u00e9fenseur de Porto Otavio et le lat\u00e9ral gauche de Reims Nhoa Sangui. Le milieu lillois ne sera pas \u00e0 Paris d\u00e8s la rentr\u00e9e et jouera sa 7e saison avec les Dogues.<\/p>\n","protected":false},"excerpt":{"rendered":"Le LOSC a annonc\u00e9 ce samedi la prolongation du milieu de terrain Benjamin Andr\u00e9, sur les tablettes du&hellip;\n","protected":false},"author":2,"featured_media":276176,"comment_status":"","ping_status":"","sticky":false,"template":"","format":"standard","meta":{"footnotes":""},"categories":[1888],"tags":[1111,1928,11,1927,18011,1777,674,1011,27,2267,12,1926,626,445,1925,25],"class_list":{"0":"post-276175","1":"post","2":"type-post","3":"status-publish","4":"format-standard","5":"has-post-thumbnail","7":"category-paris","8":"tag-actu","9":"tag-actu-paris","10":"tag-actualites","11":"tag-actualites-paris","12":"tag-antoine-arnault","13":"tag-eu","14":"tag-europe","15":"tag-fr","16":"tag-france","17":"tag-losc","18":"tag-news","19":"tag-news-paris","20":"tag-paris","21":"tag-paris-fc","22":"tag-paris-news","23":"tag-republique-francaise"},"share_on_mastodon":{"url":"https:\/\/pubeurope.com\/@fr\/114922039790110998","error":""},"_links":{"self":[{"href":"https:\/\/www.europesays.com\/fr\/wp-json\/wp\/v2\/posts\/276175","targetHints":{"allow":["GET"]}}],"collection":[{"href":"https:\/\/www.europesays.com\/fr\/wp-json\/wp\/v2\/posts"}],"about":[{"href":"https:\/\/www.europesays.com\/fr\/wp-json\/wp\/v2\/types\/post"}],"author":[{"embeddable":true,"href":"https:\/\/www.europesays.com\/fr\/wp-json\/wp\/v2\/users\/2"}],"replies":[{"embeddable":true,"href":"https:\/\/www.europesays.com\/fr\/wp-json\/wp\/v2\/comments?post=276175"}],"version-history":[{"count":0,"href":"https:\/\/www.europesays.com\/fr\/wp-json\/wp\/v2\/posts\/276175\/revisions"}],"wp:featuredmedia":[{"embeddable":true,"href":"https:\/\/www.europesays.com\/fr\/wp-json\/wp\/v2\/media\/276176"}],"wp:attachment":[{"href":"https:\/\/www.europesays.com\/fr\/wp-json\/wp\/v2\/media?parent=276175"}],"wp:term":[{"taxonomy":"category","embeddable":true,"href":"https:\/\/www.europesays.com\/fr\/wp-json\/wp\/v2\/categories?post=276175"},{"taxonomy":"post_tag","embeddable":true,"href":"https:\/\/www.europesays.com\/fr\/wp-json\/wp\/v2\/tags?post=276175"}],"curies":[{"name":"wp","href":"https:\/\/api.w.org\/{rel}","templated":true}]}}