{"id":276181,"date":"2025-07-26T23:07:13","date_gmt":"2025-07-26T23:07:13","guid":{"rendered":"https:\/\/www.europesays.com\/fr\/276181\/"},"modified":"2025-07-26T23:07:13","modified_gmt":"2025-07-26T23:07:13","slug":"paris-un-message-denoncant-le-genocide-a-gaza-projete-sur-la-vasque-olympique","status":"publish","type":"post","link":"https:\/\/www.europesays.com\/fr\/276181\/","title":{"rendered":"Paris : un message d\u00e9non\u00e7ant le \u00ab\u00a0g\u00e9nocide \u00e0 Gaza\u00a0\u00bb projet\u00e9 sur la vasque olympique"},"content":{"rendered":"<ul class=\"jsx-862013697 ArticleChapo__List\">\n<li class=\"jsx-862013697 ArticleChapo__List_Item flex\">Un an apr\u00e8s le d\u00e9but des JO de Paris, l&rsquo;envol de la vasque olympique a \u00e9t\u00e9 perturb\u00e9 par la projection d&rsquo;un message sur le ballon samedi soir.<\/li>\n<li class=\"jsx-862013697 ArticleChapo__List_Item flex\">Une action revendiqu\u00e9e par Amnesty international pour d\u00e9noncer la situation humanitaire \u00e0 Gaza.<\/li>\n<\/ul>\n<p><a href=\"https:\/\/www.tf1info.fr\/actualite\/treve-a-gaza-cessez-le-feu-et-liberation-d-otages-13863\/\" rel=\"noopener\" class=\"jsx-484472199 Link jsx-1428418400 jsx-554215408\" target=\"_blank\"><\/p>\n<p style=\"font-weight:400\" class=\"jsx-1837267516\">Suivez la couverture compl\u00e8te<\/p>\n<p style=\"font-weight:800\" class=\"jsx-1837267516\">Isra\u00ebl veut prendre \u00ab\u00a0le contr\u00f4le\u00a0\u00bb de Gaza<\/p>\n<p><\/a><\/p>\n<p data-module=\"article-paragraph\" class=\"jsx-3046738180 Paragraph\">Quand la situation \u00e0 Gaza vient perturber l&rsquo;anniversaire des JO 2024. Samedi soir, vers 22h30, alors que s&rsquo;\u00e9levait la vasque olympique dans le ciel de Paris, un message g\u00e9ant s&rsquo;est affich\u00e9 sur le ballon sous le regard interloqu\u00e9 des spectateurs et officiels pr\u00e9sents. Le slogan \u00ab\u00a0Stop G\u00e9nocide \u00e0 Gaza\u00a0\u00bb a \u00e9t\u00e9 projet\u00e9 au laser depuis un immeuble de la rue de Rivoli par l&rsquo;ONG Amnesty international. Une action pour \u00ab\u00a0rappeler le sort tragique des populations civiles\u00a0\u00bb, a expliqu\u00e9 l&rsquo;organisation.<\/p>\n<p data-module=\"article-paragraph\" class=\"jsx-3046738180 Paragraph Paragraph__End\">\u00ab\u00a0Il y a un an, le monde c\u00e9l\u00e9brait \u00e0 Paris la f\u00eate olympique et paralympique mondiale, qui r\u00e9unissait dans un m\u00eame \u00e9lan tous les athl\u00e8tes de toutes les nations, au nom du m\u00eame id\u00e9al affich\u00e9 par la Charte Olympique dans son tout premier article, \u00e0 savoir construire &lsquo;un monde pacifique et meilleur'\u00a0\u00bb, affirme Anne Savinel-Barras, pr\u00e9sidente d&rsquo;Amnesty international France, dans un communiqu\u00e9.<\/p>\n<blockquote data-testid=\"EmbedTwitter\" id=\"tweet-1949214672294687130-:R2c6ij9n79m:\" class=\"jsx-aeff1a1c40f54d7a twitter-tweet flex justify-center items-center\"><p>Ce soir, nous avons r\u00e9alis\u00e9 une projection tr\u00e8s sp\u00e9ciale sur la vasque olympique.  L\u2019objectif ? Rappeler que la France a une responsabilit\u00e9. Elle doit faire respecter le droit international. @EmmanuelMacron agissez pour mettre fin \u00e0 l\u2019impunit\u00e9 d\u2019Isra\u00ebl.  pic.twitter.com\/ob8SpahRRc \u2014 amnestyfrance (@amnestyfrance)  July 26, 2025<\/p><\/blockquote>\n<p data-module=\"article-paragraph\" class=\"jsx-3046738180 Paragraph\">\u00ab\u00a0Nous sommes l\u00e0 pour dire toujours, le plus haut et le plus fort possible, que le droit international est notre seule boussole, et que le g\u00e9nocide en cours \u00e0 Gaza doit cesser imm\u00e9diatement\u00a0\u00bb, a-t-elle ajout\u00e9. \u00ab\u00a0Isra\u00ebl utilise de fa\u00e7on continue la famine comme m\u00e9thode de guerre, ce qui constitue un crime de guerre\u00a0\u00bb, r\u00e9affirme l&rsquo;ONG, demandant \u00e0 la France de \u00ab\u00a0passer des mots \u00e0 l&rsquo;action\u00a0\u00bb.<\/p>\n<p data-module=\"article-paragraph\" class=\"jsx-3046738180 Paragraph Paragraph__End\">La France, qui a annonc\u00e9 jeudi sa <a href=\"https:\/\/www.tf1info.fr\/international\/une-decision-a-double-versant-que-pourrait-changer-la-reconnaissance-de-la-palestine-par-la-france-par-emmanuel-macron-2385167.html\" target=\"_blank\" rel=\"noopener\">d\u00e9cision de reconna\u00eetre l&rsquo;Etat de Palestine<\/a> peu avant une conf\u00e9rence \u00e0 l&rsquo;ONU la semaine prochaine, \u00ab\u00a0doit agir (&#8230;) pour que les Etats r\u00e9unis prennent en urgence des mesures concr\u00e8tes pour mettre fin au g\u00e9nocide\u00a0\u00bb, ajoute Amnesty.<\/p>\n<p><a href=\"https:\/\/www.tf1info.fr\/international\/gaza-israel-annonce-la-mise-en-place-de-couloirs-humanitaires-et-la-reprise-des-largages-d-aide-2385318.html\" rel=\"noopener\" class=\"jsx-3308031228 Link flex\" target=\"_blank\"><img decoding=\"async\" src=\"https:\/\/www.europesays.com\/fr\/wp-content\/uploads\/2025\/07\/famine-aide-humanitaire-gaza-22-juillet-2025-77d7ae-0@1x.jpeg\" alt=\"Des Palestiniens affam\u00e9s lors d'une distribution de nourriture \u00e0 Khan Youn\u00e8s dans la bande de Gaza le 22 juillet 2025.\" loading=\"lazy\" importance=\"low\" fetchpriority=\"low\" class=\"\" aria-hidden=\"true\"\/><\/p>\n<p class=\"jsx-3657663356 ReadMoreArticle__Title\">Lire aussi<\/p>\n<p class=\"jsx-3657663356\">Gaza : Isra\u00ebl annonce la reprise des largages d&rsquo;aide et la mise en place de couloirs humanitaires <\/p>\n<p><\/a><\/p>\n<p data-module=\"article-paragraph\" class=\"jsx-3046738180 Paragraph Paragraph__End\">Des agences onusiennes et plusieurs ONG ont alert\u00e9 ces derniers jours sur un risque imminent de famine \u00e0 Gaza, d\u00e9vast\u00e9 par les bombardements et soumis depuis mars \u00e0 un blocus humanitaire strict. Ce blocus a entra\u00een\u00e9 de graves p\u00e9nuries de nourriture, m\u00e9dicaments et autres biens de premi\u00e8re n\u00e9cessit\u00e9 et n&rsquo;a \u00e9t\u00e9 que tr\u00e8s partiellement assoupli fin mai.\u00a0<\/p>\n<p data-module=\"article-paragraph\" class=\"jsx-3046738180 Paragraph Paragraph__End\">Sous pression, Isra\u00ebl a annonc\u00e9 samedi soir la reprise des parachutages d&rsquo;aide humanitaire et la prochaine ouverture de couloirs humanitaires pour permettre l&rsquo;acheminement de m\u00e9dicaments et de nourriture des Nations unies.<\/p>\n<p>T.M  avec AFP<\/p>\n<p><script async src=\"https:\/\/platform.twitter.com\/widgets.js\" charset=\"utf-8\"><\/script><\/p>\n","protected":false},"excerpt":{"rendered":"Un an apr\u00e8s le d\u00e9but des JO de Paris, l&rsquo;envol de la vasque olympique a \u00e9t\u00e9 perturb\u00e9 par&hellip;\n","protected":false},"author":2,"featured_media":276182,"comment_status":"","ping_status":"","sticky":false,"template":"","format":"standard","meta":{"footnotes":""},"categories":[1888],"tags":[1111,11,1921,4628,1777,674,1011,27,1922,664,24211,12,626,25,133,5010],"class_list":{"0":"post-276181","1":"post","2":"type-post","3":"status-publish","4":"format-standard","5":"has-post-thumbnail","7":"category-paris","8":"tag-actu","9":"tag-actualites","10":"tag-article-video","11":"tag-bande-de-gaza","12":"tag-eu","13":"tag-europe","14":"tag-fr","15":"tag-france","16":"tag-info","17":"tag-israel","18":"tag-israel-veut-prendre-le-controle-de-gaza","19":"tag-news","20":"tag-paris","21":"tag-republique-francaise","22":"tag-video","23":"tag-video-sujets-de-societe"},"share_on_mastodon":{"url":"https:\/\/pubeurope.com\/@fr\/114922051686652705","error":""},"_links":{"self":[{"href":"https:\/\/www.europesays.com\/fr\/wp-json\/wp\/v2\/posts\/276181","targetHints":{"allow":["GET"]}}],"collection":[{"href":"https:\/\/www.europesays.com\/fr\/wp-json\/wp\/v2\/posts"}],"about":[{"href":"https:\/\/www.europesays.com\/fr\/wp-json\/wp\/v2\/types\/post"}],"author":[{"embeddable":true,"href":"https:\/\/www.europesays.com\/fr\/wp-json\/wp\/v2\/users\/2"}],"replies":[{"embeddable":true,"href":"https:\/\/www.europesays.com\/fr\/wp-json\/wp\/v2\/comments?post=276181"}],"version-history":[{"count":0,"href":"https:\/\/www.europesays.com\/fr\/wp-json\/wp\/v2\/posts\/276181\/revisions"}],"wp:featuredmedia":[{"embeddable":true,"href":"https:\/\/www.europesays.com\/fr\/wp-json\/wp\/v2\/media\/276182"}],"wp:attachment":[{"href":"https:\/\/www.europesays.com\/fr\/wp-json\/wp\/v2\/media?parent=276181"}],"wp:term":[{"taxonomy":"category","embeddable":true,"href":"https:\/\/www.europesays.com\/fr\/wp-json\/wp\/v2\/categories?post=276181"},{"taxonomy":"post_tag","embeddable":true,"href":"https:\/\/www.europesays.com\/fr\/wp-json\/wp\/v2\/tags?post=276181"}],"curies":[{"name":"wp","href":"https:\/\/api.w.org\/{rel}","templated":true}]}}