{"id":276187,"date":"2025-07-26T23:10:09","date_gmt":"2025-07-26T23:10:09","guid":{"rendered":"https:\/\/www.europesays.com\/fr\/276187\/"},"modified":"2025-07-26T23:10:09","modified_gmt":"2025-07-26T23:10:09","slug":"craintes-face-aux-droits-de-douane-retroactifs-des-etats-unis-sur-le-bois-canadien","status":"publish","type":"post","link":"https:\/\/www.europesays.com\/fr\/276187\/","title":{"rendered":"Craintes face aux droits de douane r\u00e9troactifs des \u00c9tats-Unis sur le bois canadien"},"content":{"rendered":"<p>VANCOUVER \u2014 En Colombie-Britannique, les fabricants ind\u00e9pendants de produits du bois affirment que des centaines de petites et moyennes entreprises pourraient \u00eatre contraintes de fermer leurs portes \u00e0 la suite de la r\u00e9cente d\u00e9cision des \u00c9tats-Unis d\u2019augmenter les droits antidumping sur le bois d\u2019\u0153uvre canadien.<\/p>\n<p>L\u2019Association des transformateurs de bois ind\u00e9pendants de la province souligne dans un communiqu\u00e9 que la d\u00e9cision du d\u00e9partement du Commerce des \u00c9tats-Unis d\u2019augmenter les droits de douane comprend \u00e9galement l\u2019obligation pour les entreprises canadiennes de verser r\u00e9troactivement les droits sur les produits exp\u00e9di\u00e9s aux \u00c9tats-Unis depuis le 1er\u00a0janvier\u00a02023.<\/p>\n<p>Le pr\u00e9sident de l\u2019association, Andy Rielly, a affirm\u00e9 dans un communiqu\u00e9 que l\u2019obligation de payer les droits de douane sur les produits exp\u00e9di\u00e9s au cours des 31\u00a0derniers mois pourrait non seulement forcer les petits producteurs britanno-colombiens \u00e0 fermer leurs portes, mais aussi menacer leurs biens personnels, car ils pourraient \u00eatre contraints d\u2019utiliser leur maison comme garantie pour obtenir des cautions de paiement.<\/p>\n<p>M.\u00a0Rielly exhorte le gouvernement canadien \u00e0 cr\u00e9er des programmes de soutien pour garantir que les transformateurs de bois ind\u00e9pendants de la Colombie-Britannique puissent conserver leurs employ\u00e9s et maintenir leurs entreprises en activit\u00e9. Le d\u00e9partement du Commerce des \u00c9tats-Unis a annonc\u00e9 plus t\u00f4t cette semaine qu\u2019il augmenterait les droits antidumping sur le bois d\u2019\u0153uvre canadien \u00e0 20,56\u00a0%, suscitant la col\u00e8re de plusieurs groupes industriels de la Colombie-Britannique, comme le Conseil des industries foresti\u00e8res de la Colombie-Britannique et le Conseil du commerce du bois d\u2019\u0153uvre de la Colombie-Britannique.<\/p>\n<p>L\u2019Association des transformateurs de bois ind\u00e9pendants indique que le taux applicable \u00e0 tous ses membres passera de 14,4\u00a0% \u00e0 27,3\u00a0%, avec la possibilit\u00e9 d\u2019une nouvelle augmentation dans les semaines \u00e0 venir, ce qui pourrait porter les droits de douane sur leurs produits \u00e0 35\u00a0%.<\/p>\n<p>\u00abEn attendant que le gouvernement canadien parvienne \u00e0 un r\u00e8glement n\u00e9goci\u00e9 de ce conflit qui dure depuis longtemps, nous avons besoin d\u2019un programme de soutien gouvernemental pour maintenir nos travailleurs en emploi\u00bb, affirme M.\u00a0Rielly, ajoutant qu\u2019un droit total de 35\u00a0% obligerait ses membres \u00e0 payer des droits r\u00e9troactifs de 27\u00a0% sur les produits d\u00e9j\u00e0 exp\u00e9di\u00e9s. Brian Menzies, directeur g\u00e9n\u00e9ral de l\u2019Association, d\u00e9crit les producteurs ind\u00e9pendants de produits du bois comme des victimes collat\u00e9rales de la guerre commerciale et affirme que leur seul espoir d\u2019\u00e9viter le choc r\u00e9side soit dans un appel favorable de l\u2019Accord Canada-\u00c9tats-Unis-Mexique, soit dans la recherche d\u2019une entente bilat\u00e9rale.<\/p>\n<p>\u00abNous ne devrions pas \u00eatre confront\u00e9s \u00e0 des taxes ou des quotas \u00e0 l\u2019exportation, affirme M.\u00a0Menzies. Nos mati\u00e8res premi\u00e8res ne sont pas subventionn\u00e9es et nous sommes trop petits pour vendre nos produits \u00e0 bas prix sur le march\u00e9 am\u00e9ricain.\u00bb<\/p>\n<p>\u00abNous achetons des rondins et du bois d\u2019\u0153uvre de mani\u00e8re ind\u00e9pendante aupr\u00e8s de divers fournisseurs sur le libre march\u00e9, comme l\u2019affirment les membres de la U.S. Lumber Coalition, et pourtant, nos entreprises canadiennes, tout comme les consommateurs am\u00e9ricains, doivent payer ces droits injustes et co\u00fbteux.\u00bb<\/p>\n<p>Au Qu\u00e9bec, la d\u00e9cision am\u00e9ricaine a fait sourciller bien des gens. La ministre des Ressources naturelles et des For\u00eats, Ma\u00eft\u00e9 Blanchette V\u00e9zina, a d\u00e9clar\u00e9 samedi sur X que cette d\u00e9cision am\u00e9ricaine d\u2019imposer \u00e0 nouveau des droits injustifi\u00e9s sur le bois d\u2019\u0153uvre \u00e9tait inacceptable pour le Qu\u00e9bec.<\/p>\n<p>Elle a ajout\u00e9 que la nouvelle tarification du Bureau de la mise en march\u00e9 des bois et le projet de loi 97\u00a0\u00e9taient \u00abdes outils concrets pour prot\u00e9ger notre mod\u00e8le forestier, soutenir nos travailleurs et assurer une mise en march\u00e9 plus \u00e9quitable de notre ressource\u00bb.<\/p>\n<p>Le premier ministre Mark Carney avait pr\u00e9c\u00e9demment d\u00e9clar\u00e9 qu\u2019un futur accord commercial entre les \u00c9tats-Unis et le Canada pourrait inclure des quotas de bois d\u2019\u0153uvre r\u00e9sineux.<\/p>\n","protected":false},"excerpt":{"rendered":"VANCOUVER \u2014 En Colombie-Britannique, les fabricants ind\u00e9pendants de produits du bois affirment que des centaines de petites et&hellip;\n","protected":false},"author":2,"featured_media":276188,"comment_status":"","ping_status":"","sticky":false,"template":"","format":"standard","meta":{"footnotes":""},"categories":[1589],"tags":[11,73,1866,4574,4575,15788,41555,12,1864,1865,1863,308],"class_list":{"0":"post-276187","1":"post","2":"type-post","3":"status-publish","4":"format-standard","5":"has-post-thumbnail","7":"category-etats-unis","8":"tag-actualites","9":"tag-etats-unis","10":"tag-etats-unis-damerique","11":"tag-https-lactualite-com-sujet-affaires","12":"tag-https-lactualite-com-sujet-economie","13":"tag-https-lactualite-com-sujet-environnement","14":"tag-https-lactualite-com-sujet-foresterie","15":"tag-news","16":"tag-united-states","17":"tag-united-states-of-america","18":"tag-us","19":"tag-usa"},"share_on_mastodon":{"url":"https:\/\/pubeurope.com\/@fr\/114922063394995932","error":""},"_links":{"self":[{"href":"https:\/\/www.europesays.com\/fr\/wp-json\/wp\/v2\/posts\/276187","targetHints":{"allow":["GET"]}}],"collection":[{"href":"https:\/\/www.europesays.com\/fr\/wp-json\/wp\/v2\/posts"}],"about":[{"href":"https:\/\/www.europesays.com\/fr\/wp-json\/wp\/v2\/types\/post"}],"author":[{"embeddable":true,"href":"https:\/\/www.europesays.com\/fr\/wp-json\/wp\/v2\/users\/2"}],"replies":[{"embeddable":true,"href":"https:\/\/www.europesays.com\/fr\/wp-json\/wp\/v2\/comments?post=276187"}],"version-history":[{"count":0,"href":"https:\/\/www.europesays.com\/fr\/wp-json\/wp\/v2\/posts\/276187\/revisions"}],"wp:featuredmedia":[{"embeddable":true,"href":"https:\/\/www.europesays.com\/fr\/wp-json\/wp\/v2\/media\/276188"}],"wp:attachment":[{"href":"https:\/\/www.europesays.com\/fr\/wp-json\/wp\/v2\/media?parent=276187"}],"wp:term":[{"taxonomy":"category","embeddable":true,"href":"https:\/\/www.europesays.com\/fr\/wp-json\/wp\/v2\/categories?post=276187"},{"taxonomy":"post_tag","embeddable":true,"href":"https:\/\/www.europesays.com\/fr\/wp-json\/wp\/v2\/tags?post=276187"}],"curies":[{"name":"wp","href":"https:\/\/api.w.org\/{rel}","templated":true}]}}