{"id":276194,"date":"2025-07-26T23:14:12","date_gmt":"2025-07-26T23:14:12","guid":{"rendered":"https:\/\/www.europesays.com\/fr\/276194\/"},"modified":"2025-07-26T23:14:12","modified_gmt":"2025-07-26T23:14:12","slug":"ue-von-der-leyen-se-rend-en-ecosse-pour-negocier-avec-trump-26-07-2025-a-2155","status":"publish","type":"post","link":"https:\/\/www.europesays.com\/fr\/276194\/","title":{"rendered":"UE-Von der Leyen se rend en \u00c9cosse pour n\u00e9gocier avec Trump &#8211; 26\/07\/2025 \u00e0 21:55"},"content":{"rendered":"<p>\n (Actualis\u00e9 avec venue de Greer et Lutnick)\n<\/p>\n<p>\n par Andrew Gray et Andrea Shalal\n<\/p>\n<p>\n La<br \/>\npr\u00e9sidente de la Commission europ\u00e9enne Ursula von der Leyen<br \/>\ns&rsquo;est rendue en Ecosse samedi avant une rencontre avec le<br \/>\npr\u00e9sident am\u00e9ricain Donald Trump pr\u00e9vue dimanche apr\u00e8s-midi, ont<br \/>\nd\u00e9clar\u00e9 des porte-parole de la Commission, alors que des<br \/>\nofficiels de l&rsquo;UE ont pr\u00e9c\u00e9demment indiqu\u00e9 que les deux parties<br \/>\n\u00e9taient proches d&rsquo;un accord commercial.\n<\/p>\n<p>\n Une source au sein de l&rsquo;administration Trump a en outre<br \/>\nd\u00e9clar\u00e9 que le repr\u00e9sentant am\u00e9ricain au Commerce Jamieson Greer<br \/>\net le secr\u00e9taire au Commerce Howard Lutnick arriveraient eux<br \/>\naussi en Ecosse samedi pour des discussions de haut niveau avec<br \/>\ndes responsables de l&rsquo;Union europ\u00e9enne.\n<\/p>\n<p>\n \u00ab\u00a0Nous sommes prudemment optimistes quant \u00e0 la conclusion<br \/>\nd&rsquo;un accord\u00a0\u00bb, a ajout\u00e9 cette source.\n<\/p>\n<p>\n Donald Trump, qui est en visite en \u00c9cosse pour quelques<br \/>\njours de golf et de r\u00e9unions bilat\u00e9rales, a d\u00e9clar\u00e9 aux<br \/>\njournalistes \u00e0 son arriv\u00e9e vendredi soir qu&rsquo;il se r\u00e9jouissait de<br \/>\nrencontrer Ursula von der Leyen, la qualifiant de dirigeante<br \/>\n\u00ab\u00a0tr\u00e8s respect\u00e9e\u00a0\u00bb.\n<\/p>\n<p>\n Le pr\u00e9sident am\u00e9ricain a r\u00e9p\u00e9t\u00e9 qu&rsquo;il y avait selon lui une<br \/>\nchance sur deux pour que les \u00c9tats-Unis et les 27 membres de<br \/>\nl&rsquo;Union europ\u00e9enne parviennent \u00e0 un pacte commercial-cadre,<br \/>\najoutant que Bruxelles souhaitait \u00ab\u00a0vraiment conclure un accord\u00a0\u00bb.\n<\/p>\n<p>\n S&rsquo;il se concr\u00e9tisait, il s&rsquo;agirait du plus vaste accord<br \/>\ncommercial conclu par son administration, d\u00e9passant celui scell\u00e9<br \/>\navec le Japon en d\u00e9but de semaine.\n<\/p>\n<p>\n La Maison blanche n&rsquo;a donn\u00e9 aucun d\u00e9tail sur la r\u00e9union<br \/>\npr\u00e9vue ni sur les termes de l&rsquo;accord qui semble se profiler.\n<\/p>\n<p>\n Jeudi, la Commission europ\u00e9enne a d\u00e9clar\u00e9 qu&rsquo;une solution<br \/>\ncommerciale n\u00e9goci\u00e9e avec les \u00c9tats-Unis \u00e9tait \u00e0 port\u00e9e de main,<br \/>\nalors m\u00eame que les membres de l&rsquo;UE ont vot\u00e9 en faveur d&rsquo;un<br \/>\nensemble de mesures commerciales de r\u00e9torsion, \u00e0 hauteur de 93<br \/>\nmilliards d&rsquo;euros, qui viseraient les produits am\u00e9ricains en cas<br \/>\nd&rsquo;absence d&rsquo;accord et entreraient en vigueur apr\u00e8s le 7 ao\u00fbt.\n<\/p>\n<p>\n Pour parvenir \u00e0 un accord, Donald Trump a d\u00e9clar\u00e9 que l&rsquo;UE<br \/>\ndevrait \u00ab\u00a0racheter\u00a0\u00bb ces droits de douane, sans plus de<br \/>\npr\u00e9cisions.\n<\/p>\n<p>\n UN TAUX DE DROITS DE DOUANE US DE 15% PRESSENTI\n<\/p>\n<p>\n Selon des diplomates europ\u00e9ens, un \u00e9ventuel accord entre<br \/>\nWashington et Bruxelles inclurait probablement des droits de<br \/>\ndouane de 15% sur les produits europ\u00e9ens import\u00e9s aux<br \/>\n\u00c9tats-Unis, comme dans celui conclu entre les \u00c9tats-Unis et le<br \/>\nJapon, ainsi que des droits de douane de 50% sur l&rsquo;acier et<br \/>\nl&rsquo;aluminium europ\u00e9ens.\n<\/p>\n<p>\n Un taux global de droits de douane de 15% repr\u00e9senterait la<br \/>\nmoiti\u00e9 de celui de 30% que Donald Trump a menac\u00e9 d&rsquo;imposer aux<br \/>\nproduits de l&rsquo;UE \u00e0 partir du 1er ao\u00fbt.\n<\/p>\n<p>\n On ignore si Washington acceptera d&rsquo;exempter l&rsquo;UE des droits<br \/>\nde douane sectoriels sur les automobiles, les produits<br \/>\npharmaceutiques et d&rsquo;autres biens qui ont d\u00e9j\u00e0 \u00e9t\u00e9 annonc\u00e9s ou<br \/>\nsont en suspens.\n<\/p>\n<p>\n En combinant les biens, les services et les investissements,<br \/>\nl&rsquo;UE et les \u00c9tats-Unis sont de loin les plus grands partenaires<br \/>\ncommerciaux au niveau mondial. La Chambre de commerce am\u00e9ricaine<br \/>\n\u00e0 Bruxelles a pr\u00e9venu en mars que tout conflit mettait en p\u00e9ril<br \/>\nles 9.500 milliards de dollars d&rsquo;\u00e9changes que repr\u00e9sente cette<br \/>\nrelation commerciale.\n<\/p>\n<p>\n (Reportage d&rsquo;Andrew Gray et d&rsquo;Andrea Shalal, version fran\u00e7aise<br \/>\nBenjamin Mallet)<\/p>\n","protected":false},"excerpt":{"rendered":"(Actualis\u00e9 avec venue de Greer et Lutnick) par Andrew Gray et Andrea Shalal La pr\u00e9sidente de la Commission&hellip;\n","protected":false},"author":2,"featured_media":17400,"comment_status":"","ping_status":"","sticky":false,"template":"","format":"standard","meta":{"footnotes":""},"categories":[1586],"tags":[400,11,398,408,405,1777,674,1779,1011,27,403,402,399,404,12,25,401,406,1778,364,407],"class_list":{"0":"post-276194","1":"post","2":"type-post","3":"status-publish","4":"format-standard","5":"has-post-thumbnail","7":"category-europe","8":"tag-action-cac-40","9":"tag-actualites","10":"tag-bourse-de-paris","11":"tag-boursorama","12":"tag-cotations","13":"tag-eu","14":"tag-europe","15":"tag-european-union","16":"tag-fr","17":"tag-france","18":"tag-indices-devises","19":"tag-investir","20":"tag-investissement","21":"tag-marche-boursier","22":"tag-news","23":"tag-republique-francaise","24":"tag-sicav","25":"tag-trackers","26":"tag-ue","27":"tag-union-europeenne","28":"tag-warrants"},"share_on_mastodon":{"url":"https:\/\/pubeurope.com\/@fr\/114922079090735657","error":""},"_links":{"self":[{"href":"https:\/\/www.europesays.com\/fr\/wp-json\/wp\/v2\/posts\/276194","targetHints":{"allow":["GET"]}}],"collection":[{"href":"https:\/\/www.europesays.com\/fr\/wp-json\/wp\/v2\/posts"}],"about":[{"href":"https:\/\/www.europesays.com\/fr\/wp-json\/wp\/v2\/types\/post"}],"author":[{"embeddable":true,"href":"https:\/\/www.europesays.com\/fr\/wp-json\/wp\/v2\/users\/2"}],"replies":[{"embeddable":true,"href":"https:\/\/www.europesays.com\/fr\/wp-json\/wp\/v2\/comments?post=276194"}],"version-history":[{"count":0,"href":"https:\/\/www.europesays.com\/fr\/wp-json\/wp\/v2\/posts\/276194\/revisions"}],"wp:featuredmedia":[{"embeddable":true,"href":"https:\/\/www.europesays.com\/fr\/wp-json\/wp\/v2\/media\/17400"}],"wp:attachment":[{"href":"https:\/\/www.europesays.com\/fr\/wp-json\/wp\/v2\/media?parent=276194"}],"wp:term":[{"taxonomy":"category","embeddable":true,"href":"https:\/\/www.europesays.com\/fr\/wp-json\/wp\/v2\/categories?post=276194"},{"taxonomy":"post_tag","embeddable":true,"href":"https:\/\/www.europesays.com\/fr\/wp-json\/wp\/v2\/tags?post=276194"}],"curies":[{"name":"wp","href":"https:\/\/api.w.org\/{rel}","templated":true}]}}