{"id":276203,"date":"2025-07-26T23:20:14","date_gmt":"2025-07-26T23:20:14","guid":{"rendered":"https:\/\/www.europesays.com\/fr\/276203\/"},"modified":"2025-07-26T23:20:14","modified_gmt":"2025-07-26T23:20:14","slug":"transfert-issam-hamel-signe-a-valence-romans","status":"publish","type":"post","link":"https:\/\/www.europesays.com\/fr\/276203\/","title":{"rendered":"Transfert : Issam Hamel signe \u00e0 Valence-Romans"},"content":{"rendered":"<p>[Officiel] Valence-Romans engage Issam Hamel malgr\u00e9 une grosse blessure au genou<\/p>\n<p>Publi\u00e9 le samedi 26 juillet 2025 \u00e0 12:10<\/p>\n<p><img loading=\"lazy\" decoding=\"async\" src=\"https:\/\/www.europesays.com\/fr\/wp-content\/uploads\/2025\/07\/6884ab2418eb9.jpg\" alt=\"\" width=\"1280\" height=\"720\"\/><\/p>\n<p><strong>Dans un march\u00e9 tr\u00e8s concurrentiel, il n&rsquo;est pas facile de trouver un point de chute. En fin de contrat, ce n&rsquo;est pas le moment de connaitre une grosse blessure qui va refroidir bon nombre de candidats qui pourraient s&rsquo;int\u00e9resser \u00e0 vous. Mais certains tiennent parole et ne renoncent pas malgr\u00e9 la blessure.<br \/><\/strong><\/p>\n<p>M\u00eame si le march\u00e9 bouge toujours et ne semble pas connaitre une date de fin, ce n&rsquo;est pas \u00e9vident de se retrouver sans contrat alors que l&rsquo;\u00e9t\u00e9 est l\u00e0. Il faut trouver le bon projet et la bonne opportunit\u00e9. La pi\u00e8ce arrive \u00e0 tomber du bon c\u00f4t\u00e9 dans certains cas.<\/p>\n<p><strong>Valence-Romans officialise l&rsquo;arriv\u00e9e d&rsquo;Issam Hamel pour deux saisons.<br \/><\/strong><\/p>\n<blockquote class=\"twitter-tweet\">\n<p dir=\"ltr\" lang=\"fr\">\u270d\ufe0f | \ud835\udc11\ud835\udc04\ud835\udc02\ud835\udc11\ud835\udc14\ud835\udc13\ud835\udc04\ud835\udc0c\ud835\udc04\ud835\udc0d\ud835\udc13 \ud835\udfd0\ud835\udfce\ud835\udfd0\ud835\udfd3\/\ud835\udfd0\ud835\udfce\ud835\udfd0\ud835\udfd4<br \/>L\u2019ancien berjallien, pass\u00e9 derni\u00e8rement par le CA Brive, \ud835\udc08\ud835\udc2c\ud835\udc2c\ud835\udc1a\ud835\udc26 \ud835\udc07\ud835\udc00\ud835\udc0c\ud835\udc04\ud835\udc0b arrive dans la Dr\u00f4me pour les 2 prochaines saisons !<br \/>\ud83c\uddeb\ud83c\uddf7 &#8211; 27 ans &#8211; Talonneur<br \/>Toutes les infos ici : <a href=\"https:\/\/t.co\/JtDrLSPvcz\" rel=\"nofollow\">https:\/\/t.co\/JtDrLSPvcz<\/a> <a href=\"https:\/\/t.co\/z2nZ10vPeY\" rel=\"nofollow\">pic.twitter.com\/z2nZ10vPeY<\/a><\/p>\n<p>\u2014 VRDR Rugby (@VRDRrugby) <a href=\"https:\/\/twitter.com\/VRDRrugby\/status\/1949047042338431201?ref_src=twsrc%5Etfw\" rel=\"nofollow noopener\" target=\"_blank\">July 26, 2025<\/a><\/p><\/blockquote>\n<p>\u00a0<\/p>\n<p>L&rsquo;Is\u00e8re voit grandir <a href=\"https:\/\/www.allezbriverugby.com\/joueurs\/issam-hamel\/\" rel=\"nofollow noopener\" target=\"_blank\">Issam Hamel<\/a> et sa progression dans le rugby l&rsquo;am\u00e8ne \u00e0 d\u00e9buter en \u00e9quipe premi\u00e8re \u00e0 Bourgoin. Malgr\u00e9 la descente en F\u00e9d\u00e9rale 1, il continue \u00e0 prendre de l&rsquo;exp\u00e9rience. Il rejoint par la suite le centre de formation du Racing 92 o\u00f9 il aura droit \u00e0 quelques minutes en \u00e9quipe premi\u00e8re. <strong>C&rsquo;est lors de son d\u00e9part \u00e0 Nevers qu&rsquo;il va exploser<\/strong>. D\u00e8s son arriv\u00e9e, il fait partie de la rotation et se montre efficace \u00e0 chacune de ses apparitions. Lors de sa 2e saison, il devient le titulaire et devient un des meilleurs marqueurs de la division. <strong>Apr\u00e8s 3 saisons dans la Ni\u00e8vre, le talonneur rejoint Brive<\/strong>. L\u00e0 encore, il est efficace et performant et r\u00e9alise une tr\u00e8s bonne saison. La saison derni\u00e8re, il est moins utilis\u00e9 surtout comme titulaire mais continue \u00e0 marquer des essais.<\/p>\n<p>En fin de contrat, Issam Hamel s&rsquo;est retrouv\u00e9 sur le march\u00e9 et si plusieurs pistes \u00e9taient \u00e9voqu\u00e9es, rien ne s&rsquo;\u00e9tait concr\u00e9tis\u00e9 avant son d\u00e9part pour la Rugby Africa Cup o\u00f9 il d\u00e9fend les couleurs de l&rsquo;Alg\u00e9rie. Malheureusement, <strong>face \u00e0 la C\u00f4te d&rsquo;Ivoire, son genou l\u00e2che<\/strong>. <strong>Valence-Romans aurait pu partir totalement sur un autre joueur mais tient sa parole et recrute l&rsquo;ancien briviste malgr\u00e9 sa blessure<\/strong>. Il faudra \u00eatre patient pour voir Hamel sous ses nouvelles couleurs mais il ne sera pas seul dans son processus de r\u00e9\u00e9ducation.<\/p>\n<p>\u00a0<\/p>\n<p>Retrouvez toutes les infos dans notre tableau\u00a0<a href=\"https:\/\/www.allezbriverugby.com\/transferts\/transferts.html\" rel=\"nofollow noopener\" target=\"_blank\">transferts du CA Brive rugby<\/a>\u00a0pour la saison 2025\/2026<\/p>\n<p style=\"text-align: left;\">\u00a0<\/p>\n<p>                <script async src=\"https:\/\/platform.twitter.com\/widgets.js\" charset=\"utf-8\"><\/script><\/p>\n","protected":false},"excerpt":{"rendered":"[Officiel] Valence-Romans engage Issam Hamel malgr\u00e9 une grosse blessure au genou Publi\u00e9 le samedi 26 juillet 2025 \u00e0&hellip;\n","protected":false},"author":2,"featured_media":276204,"comment_status":"","ping_status":"","sticky":false,"template":"","format":"standard","meta":{"footnotes":""},"categories":[1416],"tags":[1011,27,479,1468,60],"class_list":{"0":"post-276203","1":"post","2":"type-post","3":"status-publish","4":"format-standard","5":"has-post-thumbnail","7":"category-rugby","8":"tag-fr","9":"tag-france","10":"tag-rugby","11":"tag-rugby-football","12":"tag-sports"},"share_on_mastodon":{"url":"https:\/\/pubeurope.com\/@fr\/114922102744218820","error":""},"_links":{"self":[{"href":"https:\/\/www.europesays.com\/fr\/wp-json\/wp\/v2\/posts\/276203","targetHints":{"allow":["GET"]}}],"collection":[{"href":"https:\/\/www.europesays.com\/fr\/wp-json\/wp\/v2\/posts"}],"about":[{"href":"https:\/\/www.europesays.com\/fr\/wp-json\/wp\/v2\/types\/post"}],"author":[{"embeddable":true,"href":"https:\/\/www.europesays.com\/fr\/wp-json\/wp\/v2\/users\/2"}],"replies":[{"embeddable":true,"href":"https:\/\/www.europesays.com\/fr\/wp-json\/wp\/v2\/comments?post=276203"}],"version-history":[{"count":0,"href":"https:\/\/www.europesays.com\/fr\/wp-json\/wp\/v2\/posts\/276203\/revisions"}],"wp:featuredmedia":[{"embeddable":true,"href":"https:\/\/www.europesays.com\/fr\/wp-json\/wp\/v2\/media\/276204"}],"wp:attachment":[{"href":"https:\/\/www.europesays.com\/fr\/wp-json\/wp\/v2\/media?parent=276203"}],"wp:term":[{"taxonomy":"category","embeddable":true,"href":"https:\/\/www.europesays.com\/fr\/wp-json\/wp\/v2\/categories?post=276203"},{"taxonomy":"post_tag","embeddable":true,"href":"https:\/\/www.europesays.com\/fr\/wp-json\/wp\/v2\/tags?post=276203"}],"curies":[{"name":"wp","href":"https:\/\/api.w.org\/{rel}","templated":true}]}}