{"id":276211,"date":"2025-07-26T23:25:10","date_gmt":"2025-07-26T23:25:10","guid":{"rendered":"https:\/\/www.europesays.com\/fr\/276211\/"},"modified":"2025-07-26T23:25:10","modified_gmt":"2025-07-26T23:25:10","slug":"vuelta-tour-despagne-jonas-vingegaard-a-annonce-participer-a-la-vuelta-en-fin-de-saison","status":"publish","type":"post","link":"https:\/\/www.europesays.com\/fr\/276211\/","title":{"rendered":"Vuelta. Tour d&rsquo;Espagne &#8211; Jonas Vingegaard a annonc\u00e9 participer \u00e0 La Vuelta en fin de saison"},"content":{"rendered":"<p><strong>Jonas Vingegaard <\/strong>(Team Visma | Lease a Bike) devrait repartir bredouille du <strong><a href=\"https:\/\/www.cyclismactu.net\/..\/news-tdf-route-tour-de-france-kaden-groves-remporte-20e-etape-beau-coup-de-jordan-jegat-89244.html\" target=\"_blank\" rel=\"nofollow noopener\">Tour de France<\/a><\/strong>, une premi\u00e8re depuis sa d\u00e9couverte des routes fran\u00e7aises, en 2021. Pour se rattraper, le Danois devrait donc participer \u00e0 <strong>La Vuelta <\/strong>\u00e0 partir du 23 ao\u00fbt prochain, comme il l&rsquo;a confirm\u00e9 au d\u00e9part de la 20e \u00e9tape ce samedi : \u00ab\u00a0D&rsquo;abord, je vais prendre une semaine de repos, mais j&rsquo;ai h\u00e2te que la Vuelta commence\u00a0\u00bb. Le Danois devrait ainsi retrouver son meilleur adversaire, <strong><a href=\"https:\/\/www.cyclismactu.net\/..\/news-tdf-route-tour-de-france-tadej-pogacar-l-un-des-tours-plus-durs-que-j-aie-faits-89259.html\" target=\"_blank\" rel=\"nofollow noopener\">Tadej Pogacar<\/a> <\/strong>(UAE Team Emirates XRG) qui a, lui aussi, annonc\u00e9 sa participation au Grand Tour espagnol.<\/p>\n<p>Vid\u00e9o &#8211; Vingegaard \/ Pogacar, revanche en Espagne ? Lire la suite de l&rsquo;article&#13;<\/p>\n<p>\u00a0<\/p>\n<p>&#13;<br \/>\n\u00ab\u00a0L&rsquo;ann\u00e9e derni\u00e8re, j&rsquo;\u00e9tais compl\u00e8tement mort\u00a0\u00bb&#13;<\/p>\n<p>En 2023, <strong>Jonas Vingegaard <\/strong>avait d\u00e9j\u00e0 particip\u00e9 \u00e0 <strong>La Vuelta <\/strong>\u00e0 la sortie du <strong>Tour de France<\/strong>, qu&rsquo;il avait remport\u00e9. Cette ann\u00e9e-l\u00e0, le Danois avait termin\u00e9 \u00e0 la deuxi\u00e8me place du classement g\u00e9n\u00e9ral, battu uniquement par son co\u00e9quipier, <strong>Sepp Kuss<\/strong>. Cette annonce vient confirmer le calendrier qu&rsquo;il avait d\u00e9voil\u00e9 en d\u00e9but de saison, o\u00f9 figurait le Grand Tour espagnol. \u00ab\u00a0L\u2019ann\u00e9e derni\u00e8re, \u00e0 la fin du Tour de France, j\u2019\u00e9tais compl\u00e8tement mort, cette fois-ci c\u2019est beaucoup mieux. Apr\u00e8s la fin du Tour, je vais prendre une semaine tranquille, puis je commencerai \u00e0 penser \u00e0 la Vuelta a Espa\u00f1a 2025.\u00a0\u00bb\u00a0a-t-il expliqu\u00e9 ce samedi matin, \u00e0 Nantua. Cette ann\u00e9e, et contrairement \u00e0 2023, le Danois devrait \u00eatre le leader unique de sa formation pour tenter de remporter un troisi\u00e8me Grand Tour, apr\u00e8s ses deux victoires sur le <strong>Tour de France <\/strong>(2022 et 2023).<\/p>\n<p>Tour de France &#8211; Classement de la 20\u00e8 \u00e9tape Tour de France &#8211; Classement g\u00e9n\u00e9ral provisoire apr\u00e8s la 20\u00e8 \u00e9tape<\/p>\n","protected":false},"excerpt":{"rendered":"Jonas Vingegaard (Team Visma | Lease a Bike) devrait repartir bredouille du Tour de France, une premi\u00e8re depuis&hellip;\n","protected":false},"author":2,"featured_media":276212,"comment_status":"","ping_status":"","sticky":false,"template":"","format":"standard","meta":{"footnotes":""},"categories":[1411],"tags":[1154,207,1011,27,209,60,3318,208],"class_list":{"0":"post-276211","1":"post","2":"type-post","3":"status-publish","4":"format-standard","5":"has-post-thumbnail","7":"category-cyclisme","8":"tag-cycling","9":"tag-cyclisme","10":"tag-fr","11":"tag-france","12":"tag-route","13":"tag-sports","14":"tag-tour-d","15":"tag-velo"},"share_on_mastodon":{"url":"https:\/\/pubeurope.com\/@fr\/114922122316108174","error":""},"_links":{"self":[{"href":"https:\/\/www.europesays.com\/fr\/wp-json\/wp\/v2\/posts\/276211","targetHints":{"allow":["GET"]}}],"collection":[{"href":"https:\/\/www.europesays.com\/fr\/wp-json\/wp\/v2\/posts"}],"about":[{"href":"https:\/\/www.europesays.com\/fr\/wp-json\/wp\/v2\/types\/post"}],"author":[{"embeddable":true,"href":"https:\/\/www.europesays.com\/fr\/wp-json\/wp\/v2\/users\/2"}],"replies":[{"embeddable":true,"href":"https:\/\/www.europesays.com\/fr\/wp-json\/wp\/v2\/comments?post=276211"}],"version-history":[{"count":0,"href":"https:\/\/www.europesays.com\/fr\/wp-json\/wp\/v2\/posts\/276211\/revisions"}],"wp:featuredmedia":[{"embeddable":true,"href":"https:\/\/www.europesays.com\/fr\/wp-json\/wp\/v2\/media\/276212"}],"wp:attachment":[{"href":"https:\/\/www.europesays.com\/fr\/wp-json\/wp\/v2\/media?parent=276211"}],"wp:term":[{"taxonomy":"category","embeddable":true,"href":"https:\/\/www.europesays.com\/fr\/wp-json\/wp\/v2\/categories?post=276211"},{"taxonomy":"post_tag","embeddable":true,"href":"https:\/\/www.europesays.com\/fr\/wp-json\/wp\/v2\/tags?post=276211"}],"curies":[{"name":"wp","href":"https:\/\/api.w.org\/{rel}","templated":true}]}}