{"id":276213,"date":"2025-07-26T23:26:10","date_gmt":"2025-07-26T23:26:10","guid":{"rendered":"https:\/\/www.europesays.com\/fr\/276213\/"},"modified":"2025-07-26T23:26:10","modified_gmt":"2025-07-26T23:26:10","slug":"om-mercato-leeds-sur-le-point-de-griller-la-priorite-a-lom-pour-igor-paixao","status":"publish","type":"post","link":"https:\/\/www.europesays.com\/fr\/276213\/","title":{"rendered":"OM Mercato : Leeds sur le point de griller la priorit\u00e9 \u00e0 l\u2019OM pour Igor Paix\u00e3o"},"content":{"rendered":"<p><strong>L\u2019OM pourrait bien faire une croix sur Igor Paix\u00e3o, tr\u00e8s courtis\u00e9 par Leeds.<\/strong><\/p>\n<p>Alors que l\u2019OM surveille toujours le march\u00e9 pour renforcer son secteur offensif, <a href=\"https:\/\/www.butfootballclub.fr\/ligue-1\/om\/om-mercato-paixao-aubameyang-weah-ca-saccelere-dans-tous-les-sens\/\" rel=\"noreferrer noopener nofollow\" target=\"_blank\">la piste menant \u00e0 Igor Paix\u00e3o<\/a> (Feyenoord) pourrait s\u2019\u00e9loigner. En effet, selon Fabrizio Romano, Leeds United a renforc\u00e9 son offre ce samedi dans l\u2019objectif de conclure rapidement l\u2019arriv\u00e9e de l\u2019ailier br\u00e9silien.<\/p>\n<p>Leeds pousse pour Igor Paix\u00e3o<\/p>\n<p>Le club anglais, d\u00e9termin\u00e9 \u00e0 boucler l\u2019affaire au plus vite, pousse pour un accord total avec Feyenoord. Une acc\u00e9l\u00e9ration qui pourrait compromettre les espoirs de l\u2019OM s\u2019il envisageait de pousser encore un peu plus dans ce dossier. Pour rappel, le club phoc\u00e9en \u00e9tait d\u00e9j\u00e0 d\u2019accord avec le joueur de 25 ans, et esp\u00e9rait boucler un accord avec son club pour un transfert estim\u00e9 \u00e0 30\u202fM\u20ac + 5\u202fM\u20ac de bonus.<\/p>\n","protected":false},"excerpt":{"rendered":"L\u2019OM pourrait bien faire une croix sur Igor Paix\u00e3o, tr\u00e8s courtis\u00e9 par Leeds. Alors que l\u2019OM surveille toujours&hellip;\n","protected":false},"author":2,"featured_media":276214,"comment_status":"","ping_status":"","sticky":false,"template":"","format":"standard","meta":{"footnotes":""},"categories":[1410],"tags":[11,448,63,1011,27,66,3388,12,60,10662],"class_list":{"0":"post-276213","1":"post","2":"type-post","3":"status-publish","4":"format-standard","5":"has-post-thumbnail","7":"category-football","8":"tag-actualites","9":"tag-champions-league","10":"tag-football","11":"tag-fr","12":"tag-france","13":"tag-ligue-1","14":"tag-matchs","15":"tag-news","16":"tag-sports","17":"tag-transferts"},"share_on_mastodon":{"url":"https:\/\/pubeurope.com\/@fr\/114922126421947755","error":""},"_links":{"self":[{"href":"https:\/\/www.europesays.com\/fr\/wp-json\/wp\/v2\/posts\/276213","targetHints":{"allow":["GET"]}}],"collection":[{"href":"https:\/\/www.europesays.com\/fr\/wp-json\/wp\/v2\/posts"}],"about":[{"href":"https:\/\/www.europesays.com\/fr\/wp-json\/wp\/v2\/types\/post"}],"author":[{"embeddable":true,"href":"https:\/\/www.europesays.com\/fr\/wp-json\/wp\/v2\/users\/2"}],"replies":[{"embeddable":true,"href":"https:\/\/www.europesays.com\/fr\/wp-json\/wp\/v2\/comments?post=276213"}],"version-history":[{"count":0,"href":"https:\/\/www.europesays.com\/fr\/wp-json\/wp\/v2\/posts\/276213\/revisions"}],"wp:featuredmedia":[{"embeddable":true,"href":"https:\/\/www.europesays.com\/fr\/wp-json\/wp\/v2\/media\/276214"}],"wp:attachment":[{"href":"https:\/\/www.europesays.com\/fr\/wp-json\/wp\/v2\/media?parent=276213"}],"wp:term":[{"taxonomy":"category","embeddable":true,"href":"https:\/\/www.europesays.com\/fr\/wp-json\/wp\/v2\/categories?post=276213"},{"taxonomy":"post_tag","embeddable":true,"href":"https:\/\/www.europesays.com\/fr\/wp-json\/wp\/v2\/tags?post=276213"}],"curies":[{"name":"wp","href":"https:\/\/api.w.org\/{rel}","templated":true}]}}