{"id":276219,"date":"2025-07-26T23:30:21","date_gmt":"2025-07-26T23:30:21","guid":{"rendered":"https:\/\/www.europesays.com\/fr\/276219\/"},"modified":"2025-07-26T23:30:21","modified_gmt":"2025-07-26T23:30:21","slug":"qui-a-gagne-le-jeu-darthur-ce-samedi-26-juillet","status":"publish","type":"post","link":"https:\/\/www.europesays.com\/fr\/276219\/","title":{"rendered":"Qui a gagn\u00e9 le jeu d&rsquo;Arthur ce samedi 26 juillet ?"},"content":{"rendered":"<p>Ce samedi 26 juillet, TF1 diffusait un num\u00e9ro in\u00e9dit du Grand Concours en prime. Arthur avait convi\u00e9 dix-neuf c\u00e9l\u00e9brit\u00e9s pour r\u00e9pondre \u00e0 des questions de culture g\u00e9n\u00e9rale et esp\u00e9rer remporter la comp\u00e9tition. Habitu\u00e9 ou nouveau, chacun a donn\u00e9 le meilleur de soi-m\u00eame pour repartir avec le troph\u00e9e. Mais qui a gagn\u00e9 ? T\u00e9l\u00e9-Loisirs vous r\u00e9sume la soir\u00e9e.<\/p>\n<p>Arthur a remis son costume de ma\u00eetre du jeu ce samedi 26 juillet 2025 pour <b>un nouveau num\u00e9ro du <\/b><b>Grand Concours<\/b>. Une \u00e9mission dont il est le pr\u00e9sentateur depuis 2022. Le principe du jeu est tr\u00e8s simple : apprendre en s&rsquo;amusant. Id\u00e9al en plein \u00e9t\u00e9. Pour cette \u00e9dition, l&rsquo;animateur de Vendredi tout est permis a convi\u00e9 dix-neuf c\u00e9l\u00e9brit\u00e9s : Ang\u00e9lique Angarni-Filopon (<a href=\"https:\/\/www.programme-tv.net\/news\/evenement\/miss-france-miss-france\/383227-angelique-angarni-filopon-miss-france-2025-se-confie-sur-sa-vie-amoureuse-j-ai-connu-les-garcons-tres-tard\/\" data-api-deeplink=\"teleloisirs:\/\/news\/383227\" rel=\"nofollow noopener\" target=\"_blank\">Miss France 2025<\/a>), Majid Bherila, <a href=\"https:\/\/www.programme-tv.net\/biographie\/48899-bonnec-sidonie\/\" data-link-people=\"1cad7202-3e31-4d7a-9372-27ff6e26fbdd\" rel=\"nofollow noopener\" target=\"_blank\">Sidonie Bonnec<\/a>, Camille Cerf, Claude Dartois, Charlotte Dhenaux, <a href=\"https:\/\/www.programme-tv.net\/biographie\/130049-doumbia-issa\/\" data-link-people=\"bd0d0496-e8c2-41a1-a05e-8057a898f6e2\" rel=\"nofollow noopener\" target=\"_blank\">Issa Doumbia<\/a>, G\u00e9rard Holtz, Jean-Luc Lemoine, H\u00e9l\u00e8ne Mannarino, <a href=\"https:\/\/www.programme-tv.net\/biographie\/262749-margeridon-caroline\/\" data-link-people=\"3824448d-fdf5-4e39-ae5d-272e50d4fe8b\" rel=\"nofollow noopener\" target=\"_blank\">Caroline Margeridon<\/a>, <a href=\"https:\/\/www.programme-tv.net\/biographie\/2755-mariotte-laurent\/\" data-link-people=\"86d959e1-1d98-46e9-b065-c8a8a5225c8b\" rel=\"nofollow noopener\" target=\"_blank\">Laurent Mariotte<\/a>, <a href=\"https:\/\/www.programme-tv.net\/biographie\/111463-marschall-alain\/\" data-link-people=\"1f22406b-bcb3-4651-895d-547b02a5d458\" rel=\"nofollow noopener\" target=\"_blank\">Alain Marschall<\/a>, <a href=\"https:\/\/www.programme-tv.net\/biographie\/254673-marimoutou-gwendal\/\" data-link-people=\"b7e463eb-fd68-44c8-a720-9779dba66bb1\" rel=\"nofollow noopener\" target=\"_blank\">Gwendal Marimoutou<\/a>, <a href=\"https:\/\/www.programme-tv.net\/biographie\/25489-monfort-nelson\/\" data-link-people=\"5c514a2d-d73c-4cd9-9537-d3e7bd02b33a\" rel=\"nofollow noopener\" target=\"_blank\">Nelson Monfort<\/a>, <a href=\"https:\/\/www.programme-tv.net\/biographie\/10309-romejko-laurent\/\" data-link-people=\"14878c12-1b35-49e2-8bc8-6f0763bc3ccc\" rel=\"nofollow noopener\" target=\"_blank\">Laurent Romejko<\/a>, Elie Semoun, Tareek et Olivier Truchot.<\/p>\n<p>Une premi\u00e8re manche de haut niveau dans Le Grand Concours ce samedi 26 juillet 2025<\/p>\n<p>Le<a href=\"https:\/\/www.programme-tv.net\/news\/tv\/379047-le-grand-concours-des-grosses-tetes-qui-a-gagne-le-jeu-d-arthur-sur-tf1-ce-samedi-17-mai\/\" data-api-deeplink=\"teleloisirs:\/\/news\/379047\" rel=\"nofollow noopener\" target=\"_blank\"> <\/a>Grand Concours est une \u00e9mission divis\u00e9e en trois manches. Dans la premi\u00e8re, les candidats sont r\u00e9partis en deux groupes. Chacun doit r\u00e9pondre \u00e0 vingt questions. \u00c0 la fin de chaque s\u00e9rie de questions, trois participants se qualifient pour la seconde manche. <b>L&rsquo;humoriste Tareek a impressionn\u00e9 tout le plateau en donnant 18 bonnes r\u00e9ponses sur les 20 questions pos\u00e9es. <\/b>C&rsquo;est donc tr\u00e8s ais\u00e9ment qu&rsquo;il s&rsquo;est qualifi\u00e9 aux c\u00f4t\u00e9s de Camille Cerf (<a href=\"https:\/\/www.programme-tv.net\/news\/people\/367657-je-me-demandais-si-jarriverai-a-aimer-mon-bebe-camille-cerf-evoque-sa-grossesse-surprise-et-ses-craintes-liees-a-la-maternite\/\" data-api-deeplink=\"teleloisirs:\/\/news\/367657\" rel=\"nofollow noopener\" target=\"_blank\">Miss France 2015<\/a>), Sidonie Bonnec, Jean-Luc Lemoine, Olivier Truchot et Laurent Mariotte. Dans cette seconde manche, les candidats jouent chacun leur tour et doivent r\u00e9pondre \u00e0 un maximum de questions en 90 secondes.<\/p>\n<p>                        Le Grand Concours : le classement des plus grands gagnants du jeu de TF1 chamboul\u00e9 !<\/p>\n<p>Pour sa premi\u00e8re participation, la pr\u00e9sentatrice de <a href=\"https:\/\/www.programme-tv.net\/news\/tv\/380626-je-taimerai-toujours-olivier-minne-quitte-tout-le-monde-a-son-mot-a-dire-sa-magnifique-declaration-a-sidonie-bonnec-lors-de-ses-adieux\/\" data-api-deeplink=\"teleloisirs:\/\/news\/380626\" rel=\"nofollow noopener\" target=\"_blank\">Tout le monde a son mot \u00e0 dire<\/a>, Sidonie Bonnec, a r\u00e9ussi \u00e0 se hisser en finale. Une \u00e9preuve lors de laquelle elle a affront\u00e9 le journaliste Olivier Truchot et l&rsquo;humoriste Jean-Luc Lemoine. <b>Ce dernier, d\u00e9j\u00e0 vainqueur \u00e0 quatre reprises, avait l&rsquo;occasion d&rsquo;\u00e9galiser <\/b><a href=\"https:\/\/www.programme-tv.net\/biographie\/42625-beaugrand-christophe\/\" data-link-people=\"c167a8d5-6211-4427-86cb-a1cdc2ec3741\" rel=\"nofollow noopener\" target=\"_blank\"><b>Christophe Beaugrand<\/b><\/a>, deuxi\u00e8me du <a href=\"https:\/\/www.programme-tv.net\/news\/tv\/346439-classement-le-grand-concours-quelles-personnalites-ont-le-plus-gagne-lemission-de-tf1\/\" data-api-deeplink=\"teleloisirs:\/\/news\/346439\" rel=\"nofollow noopener\" target=\"_blank\">classement des plus grands gagnants du jeu<\/a> avec cinq victoires. Et c&rsquo;est chose faite ! L&rsquo;animateur de Samedi d&rsquo;en rire est sorti vainqueur du Grand Concours ce samedi 26 juillet. Avec cinq troph\u00e9es, il n&rsquo;est plus qu&rsquo;\u00e0 une victoire du plus grand champion de l&rsquo;histoire de l&rsquo;\u00e9mission, <a href=\"https:\/\/www.programme-tv.net\/biographie\/27768-arnaud-julien\/\" data-link-people=\"6e99d37f-e5ca-4d63-95ae-6defbf7934fd\" rel=\"nofollow noopener\" target=\"_blank\">Julien Arnaud<\/a>.<\/p>\n","protected":false},"excerpt":{"rendered":"Ce samedi 26 juillet, TF1 diffusait un num\u00e9ro in\u00e9dit du Grand Concours en prime. Arthur avait convi\u00e9 dix-neuf&hellip;\n","protected":false},"author":2,"featured_media":276220,"comment_status":"","ping_status":"","sticky":false,"template":"","format":"standard","meta":{"footnotes":""},"categories":[1356],"tags":[14684,244,58,59,1011,27,41556,3034,252,199,2175,1364],"class_list":{"0":"post-276219","1":"post","2":"type-post","3":"status-publish","4":"format-standard","5":"has-post-thumbnail","7":"category-television","8":"tag-arthur","9":"tag-commentaire","10":"tag-divertissement","11":"tag-entertainment","12":"tag-fr","13":"tag-france","14":"tag-lenfant-de-la-tu00e9lu00e9-12262024-0910-pm-tf1","15":"tag-miss-france","16":"tag-television","17":"tag-tf1","18":"tag-tl-story","19":"tag-tv"},"share_on_mastodon":{"url":"https:\/\/pubeurope.com\/@fr\/114922142039150631","error":""},"_links":{"self":[{"href":"https:\/\/www.europesays.com\/fr\/wp-json\/wp\/v2\/posts\/276219","targetHints":{"allow":["GET"]}}],"collection":[{"href":"https:\/\/www.europesays.com\/fr\/wp-json\/wp\/v2\/posts"}],"about":[{"href":"https:\/\/www.europesays.com\/fr\/wp-json\/wp\/v2\/types\/post"}],"author":[{"embeddable":true,"href":"https:\/\/www.europesays.com\/fr\/wp-json\/wp\/v2\/users\/2"}],"replies":[{"embeddable":true,"href":"https:\/\/www.europesays.com\/fr\/wp-json\/wp\/v2\/comments?post=276219"}],"version-history":[{"count":0,"href":"https:\/\/www.europesays.com\/fr\/wp-json\/wp\/v2\/posts\/276219\/revisions"}],"wp:featuredmedia":[{"embeddable":true,"href":"https:\/\/www.europesays.com\/fr\/wp-json\/wp\/v2\/media\/276220"}],"wp:attachment":[{"href":"https:\/\/www.europesays.com\/fr\/wp-json\/wp\/v2\/media?parent=276219"}],"wp:term":[{"taxonomy":"category","embeddable":true,"href":"https:\/\/www.europesays.com\/fr\/wp-json\/wp\/v2\/categories?post=276219"},{"taxonomy":"post_tag","embeddable":true,"href":"https:\/\/www.europesays.com\/fr\/wp-json\/wp\/v2\/tags?post=276219"}],"curies":[{"name":"wp","href":"https:\/\/api.w.org\/{rel}","templated":true}]}}