{"id":276235,"date":"2025-07-26T23:39:12","date_gmt":"2025-07-26T23:39:12","guid":{"rendered":"https:\/\/www.europesays.com\/fr\/276235\/"},"modified":"2025-07-26T23:39:12","modified_gmt":"2025-07-26T23:39:12","slug":"a-lorient-quatorze-plongeurs-echappent-a-lexplosion-du-moteur-de-leur-bateau","status":"publish","type":"post","link":"https:\/\/www.europesays.com\/fr\/276235\/","title":{"rendered":"\u00c0 Lorient, quatorze plongeurs \u00e9chappent \u00e0 l\u2019explosion du moteur de leur bateau"},"content":{"rendered":"<p>\u00ab Il y avait de l\u2019agitation mais c\u2019\u00e9tait calme \u00bb, raconte Mathieu, habitu\u00e9 du port de La Base, \u00e0 Lorient, pour y avoir un bateau \u00e0 quai. Il est pr\u00e8s de 18 h, ce samedi 26 juillet 2025, et l\u2019homme de 49\u00a0ans se prom\u00e8ne aux abords du K3 quand il aper\u00e7oit, au loin, sur l\u2019un des pontons r\u00e9serv\u00e9s aux bateaux de course au large, \u00ab des hommes en combinaison de plong\u00e9e \u00bb et des bateaux \u00e0 leurs c\u00f4t\u00e9s. L\u2019un est un semi-rigide. Noir et bleu, il para\u00eet fonctionner parfaitement. Et pourtant, quelques minutes auparavant, son moteur a explos\u00e9, en entr\u00e9e de la rade de Lorient, \u00e0 500 m\u00e8tres de la c\u00f4te.<\/p>\n<p><img decoding=\"async\" src=\"https:\/\/www.europesays.com\/fr\/wp-content\/uploads\/2025\/07\/68853a8f3181f78b3307b14a.1.jpeg\" width=\"480\" height=\"300\" class=\"web_golden_m\" loading=\"lazy\" alt=\"Le bateau appartient au club de plong\u00e9e subaquatique Les V\u00e9n\u00e8tes.\"\/>Le bateau appartient au club de plong\u00e9e subaquatique Les V\u00e9n\u00e8tes. (Le T\u00e9l\u00e9gramme\/Isabelle Demangeat)Deux personnes projet\u00e9es hors du bateau<\/p>\n<p>\ufeff\u00ab Les causes et l\u2019origine de l\u2019explosion sont encore ind\u00e9termin\u00e9es \u00bb, pr\u00e9cise le chef de groupe des sapeurs-pompiers de Lorient. Mais celle-ci, qu\u2019il compare \u00e0 \u00ab une d\u00e9flagration \u00bb ou \u00e0 une \u00ab onde de choc \u00bb, n\u2019a pas \u00e9t\u00e9 suivie de feu. <\/p>\n<p>\u00c0 bord du bateau : quatorze personnes, des plongeurs du club subaquatique vannetais Les V\u00e9n\u00e8tes. Deux d\u2019entre elles sont alors projet\u00e9es hors du bateau, puis ramen\u00e9es \u00e0 bord avant que le semi-rigide soit remorqu\u00e9 par un plaisancier. Pas de bless\u00e9s graves, seulement cinq plongeurs \u00ab bless\u00e9s l\u00e9g\u00e8rement \u00bb qui ont \u00e9t\u00e9 transport\u00e9s au Groupe hospitalier Bretagne sud\u00a0(GHBS), \u00e0 Lorient.<\/p>\n<p><img decoding=\"async\" src=\"https:\/\/www.europesays.com\/fr\/wp-content\/uploads\/2025\/07\/68853a8f3181f78b3307b149.1.jpeg\" width=\"480\" height=\"300\" class=\"web_golden_m\" loading=\"lazy\" alt=\"Le semi-rigide transportant quatorze plongeurs a ensuite accost\u00e9 au port de La Base, \u00e0 Lorient.\"\/>Le semi-rigide transportant quatorze plongeurs a ensuite accost\u00e9 au port de La Base, \u00e0 Lorient. (Le T\u00e9l\u00e9gramme\/Isabelle Demangeat)Plan Nombreuses victimes d\u00e9ploy\u00e9<\/p>\n<p>Car, apr\u00e8s le calme, ce sont de nombreux v\u00e9hicules de secours que Mathieu a pu observer. \u00ab Des camions avec gyrophare \u00bb, d\u00e9taille-t-il. \u00c9tant donn\u00e9 le nombre de personnes pr\u00e9sentes sur le bateau, le plan Novi (Nombreuses victimes) a ainsi \u00e9t\u00e9 d\u00e9clench\u00e9. Dix-sept engins, dont sept v\u00e9hicules de secours et d\u2019assistance aux victimes (VSAV), ont \u00e9t\u00e9 mobilis\u00e9s par les sapeurs-pompiers de l\u2019ouest du Morbihan. La Soci\u00e9t\u00e9 nationale de sauvetage en mer (SNSM), le Smur, la police de Lorient ainsi que la gendarmerie maritime se sont \u00e9galement rendus sur place. Celle-ci a ouvert une enqu\u00eate pour d\u00e9terminer les causes de l\u2019explosion.<\/p>\n","protected":false},"excerpt":{"rendered":"\u00ab Il y avait de l\u2019agitation mais c\u2019\u00e9tait calme \u00bb, raconte Mathieu, habitu\u00e9 du port de La Base,&hellip;\n","protected":false},"author":2,"featured_media":276236,"comment_status":"","ping_status":"","sticky":false,"template":"","format":"standard","meta":{"footnotes":""},"categories":[4],"tags":[11,829,765,118,1011,27,1781,41558,3729,12,25],"class_list":{"0":"post-276235","1":"post","2":"type-post","3":"status-publish","4":"format-standard","5":"has-post-thumbnail","7":"category-france","8":"tag-actualites","9":"tag-bretagne","10":"tag-en-continu","11":"tag-faits-divers","12":"tag-fr","13":"tag-france","14":"tag-lorient","15":"tag-lorient-la-base","16":"tag-morbihan","17":"tag-news","18":"tag-republique-francaise"},"share_on_mastodon":{"url":"https:\/\/pubeurope.com\/@fr\/114922177482104990","error":""},"_links":{"self":[{"href":"https:\/\/www.europesays.com\/fr\/wp-json\/wp\/v2\/posts\/276235","targetHints":{"allow":["GET"]}}],"collection":[{"href":"https:\/\/www.europesays.com\/fr\/wp-json\/wp\/v2\/posts"}],"about":[{"href":"https:\/\/www.europesays.com\/fr\/wp-json\/wp\/v2\/types\/post"}],"author":[{"embeddable":true,"href":"https:\/\/www.europesays.com\/fr\/wp-json\/wp\/v2\/users\/2"}],"replies":[{"embeddable":true,"href":"https:\/\/www.europesays.com\/fr\/wp-json\/wp\/v2\/comments?post=276235"}],"version-history":[{"count":0,"href":"https:\/\/www.europesays.com\/fr\/wp-json\/wp\/v2\/posts\/276235\/revisions"}],"wp:featuredmedia":[{"embeddable":true,"href":"https:\/\/www.europesays.com\/fr\/wp-json\/wp\/v2\/media\/276236"}],"wp:attachment":[{"href":"https:\/\/www.europesays.com\/fr\/wp-json\/wp\/v2\/media?parent=276235"}],"wp:term":[{"taxonomy":"category","embeddable":true,"href":"https:\/\/www.europesays.com\/fr\/wp-json\/wp\/v2\/categories?post=276235"},{"taxonomy":"post_tag","embeddable":true,"href":"https:\/\/www.europesays.com\/fr\/wp-json\/wp\/v2\/tags?post=276235"}],"curies":[{"name":"wp","href":"https:\/\/api.w.org\/{rel}","templated":true}]}}