{"id":276240,"date":"2025-07-26T23:45:27","date_gmt":"2025-07-26T23:45:27","guid":{"rendered":"https:\/\/www.europesays.com\/fr\/276240\/"},"modified":"2025-07-26T23:45:27","modified_gmt":"2025-07-26T23:45:27","slug":"verdun-elka-signe-la-plus-grande-fresque-au-sol-de-france-pres-de-nancy","status":"publish","type":"post","link":"https:\/\/www.europesays.com\/fr\/276240\/","title":{"rendered":"Verdun. Elka signe la plus grande fresque au sol de France pr\u00e8s de Nancy"},"content":{"rendered":"<p>C\u2019est \u00e0 la fois une \u0153uvre d\u2019art et un terrain de jeu\u00a0!\u00a0\u00bb Quand <a href=\"https:\/\/www.estrepublicain.fr\/culture-loisirs\/2024\/09\/17\/la-palette-d-emotions-des-portraits-de-lydia-solastiouk\" target=\"_blank\" rel=\"noopener\"> l\u2019artiste verdunoise Elka<\/a> \u00e9voque son projet en cours, c\u2019est non sans une certaine forme d\u2019excitation. Les yeux p\u00e9tillants, elle d\u00e9taille cette collaboration avec la commune de Jarville-la-Malgrange, non loin de Nnacy, qui, s\u00e9duite par son travail, lui a demand\u00e9 de r\u00e9aliser une vaste, que dis-je, une monumentale fresque devant les \u00e9coles du quartier de La Californie.<\/p>\n<p>Ce contenu est bloqu\u00e9 car vous n&rsquo;avez pas accept\u00e9 les cookies et autres traceurs.<\/p>\n<p>En cliquant sur \u00ab J\u2019accepte \u00bb, les cookies et autres traceurs seront d\u00e9pos\u00e9s et vous pourrez visualiser les contenus  (<a href=\"\" class=\"consentModule_policy\" target=\"_blank\" title=\"Consulter la politique de protection des donn\u00e9es du fournisseur\">plus d&rsquo;informations<\/a>).<\/p>\n<p>En cliquant sur \u00ab J\u2019accepte tous les cookies \u00bb, vous autorisez des d\u00e9p\u00f4ts de cookies et autres traceurs pour le stockage de vos donn\u00e9es sur nos sites et applications \u00e0 des fins de personnalisation et de ciblage publicitaire.<\/p>\n<p class=\"consentModule_secondaryText\">Vous gardez la possibilit\u00e9 de retirer votre consentement \u00e0 tout moment en consultant notre <a href=\"https:\/\/www.estrepublicain.fr\/protection-des-donnees\" target=\"_blank\" title=\"Consulter notre politique de protection des donn\u00e9es\" rel=\"noopener\">politique de protection des donn\u00e9es<\/a>. <br \/>&#13;<br \/>\n            <a href=\"https:\/\/www.estrepublicain.fr\/culture-loisirs\/2025\/07\/24\/javascript:Didomi.notice.show()\" class=\"consentModule_cmp\" target=\"_blank\" rel=\"noopener\">G\u00e9rer mes choix<\/a>&#13;\n        <\/p>\n<p>&#13;<br \/>\n                        J&rsquo;accepte&#13;<br \/>\n            J&rsquo;accepte tous les cookies&#13;\n        <\/p>\n<p>  2000 m2\u00a0 de joie et de couleur<\/p>\n<p>Ainsi au sein de ce quartier populaire grouillant de vie, Elka a entam\u00e9, le 7\u00a0juillet, l\u2019ex\u00e9cution d\u2019une \u0153uvre mesurant 200 m\u00e8tres de long par 10\u00a0m de large. Les forts en calcul mental auront compris que la fresque s\u2019\u00e9talera donc sur 2000 m2\u00a0 \u00a0. <\/p>\n<p>Ce qui en fait tout simplement la plus grande fresque peinte au sol (ground painting) de France. \u00ab\u00a0L\u2019id\u00e9e c\u2019est d\u2019\u00e9gayer le quartier en cr\u00e9ant un chemin ludique et joyeux\u00a0\u00bb, se r\u00e9jouit l\u2019artiste qui a \u00e9t\u00e9 chaleureusement accueillie par des habitants curieux. De quoi booster notre Verdunoise qui carbure \u00e0 l\u2019humain, toujours gourmande d\u2019\u00e9changes et de partage.<\/p>\n<p>Le cahier des charges qui lui a \u00e9t\u00e9 pr\u00e9sent\u00e9 demande \u00e0 ce que l\u2019\u0153uvre inclut les volets ludiques, esth\u00e9tiques et \u00e9ducatifs. \u00ab\u00a0Cela s\u2019allie bien avec ce que je fais d\u2019habitude\u00a0\u00bb, confie Elka qui \u00e0 travers ses r\u00e9alisations aime transmettre les valeurs d\u2019humanisme, de diversit\u00e9 et de multiculturalisme. \u00ab\u00a0J\u2019ai propos\u00e9 des portraits d\u2019enfants et je les lie entre eux avec des jeux de cours de r\u00e9cr\u00e9ation\u00a0\u00bb, d\u00e9voile l\u2019artiste qui devra avoir termin\u00e9 l\u2019ensemble de son \u0153uvre avant la rentr\u00e9e scolaire. Un sacr\u00e9 challenge qui va \u00eatre soumis aux al\u00e9as climatiques. Apr\u00e8s deux semaines de travail, Elka, qui a d\u00e9j\u00e0 trac\u00e9 l\u2019ensemble de son dessin et pos\u00e9 environ un tiers de la couleur du fond se veut confiante.<\/p>\n<p>  Le vivre ensemble sous la roue<\/p>\n<p>De toute fa\u00e7on, l\u2019artiste n\u2019a pas d\u2019autre choix que de terminer \u00e0 temps puisqu\u2019en septembre, elle devra jongler avec ses pinceaux et ses pots de peinture sur un autre terrain de jeu. \u00c0 domicile cette fois. <\/p>\n<p>En effet, Elka va orner de ses couleurs <a href=\"https:\/\/www.estrepublicain.fr\/politique\/2025\/06\/19\/ca-compte-ca-aide-ca-rale-le-conseil-d-agglomeration-point-par-point\" target=\"_blank\" rel=\"noopener\"> le skate-park Saint-Victor.<\/a> Un projet co-construit avec la Ville et l\u2019association la Zintrie qui veut offrir une identit\u00e9 forte \u00e0 ce bel \u00e9quipement d\u00e9j\u00e0 tr\u00e8s largement pris\u00e9 par les riders de toutes roues. <\/p>\n<p>Dans un esprit participatif, deux maquettes ont \u00e9t\u00e9 soumises aux votes des internautes. Le projet gagnant, agr\u00e9ment\u00e9 \u00e9galement de trois portraits, portera \u00ab\u00a0les valeurs du vivre ensemble, de la diversit\u00e9, de l\u2019interg\u00e9n\u00e9rationnel\u00a0\u00bb.<\/p>\n","protected":false},"excerpt":{"rendered":"C\u2019est \u00e0 la fois une \u0153uvre d\u2019art et un terrain de jeu\u00a0!\u00a0\u00bb Quand l\u2019artiste verdunoise Elka \u00e9voque son&hellip;\n","protected":false},"author":2,"featured_media":276241,"comment_status":"","ping_status":"","sticky":false,"template":"","format":"standard","meta":{"footnotes":""},"categories":[9635],"tags":[1111,11,1687,10174,1777,674,2271,1011,27,775,1702,12,25,10172,10173],"class_list":{"0":"post-276240","1":"post","2":"type-post","3":"status-publish","4":"format-standard","5":"has-post-thumbnail","7":"category-nancy","8":"tag-actu","9":"tag-actualites","10":"tag-culture-loisirs","11":"tag-edition-verdun","12":"tag-eu","13":"tag-europe","14":"tag-exposition-arts-plastiques","15":"tag-fr","16":"tag-france","17":"tag-grand-est","18":"tag-nancy","19":"tag-news","20":"tag-republique-francaise","21":"tag-verdun","22":"tag-verdun-ville-55a"},"share_on_mastodon":{"url":"https:\/\/pubeurope.com\/@fr\/114922200945791134","error":""},"_links":{"self":[{"href":"https:\/\/www.europesays.com\/fr\/wp-json\/wp\/v2\/posts\/276240","targetHints":{"allow":["GET"]}}],"collection":[{"href":"https:\/\/www.europesays.com\/fr\/wp-json\/wp\/v2\/posts"}],"about":[{"href":"https:\/\/www.europesays.com\/fr\/wp-json\/wp\/v2\/types\/post"}],"author":[{"embeddable":true,"href":"https:\/\/www.europesays.com\/fr\/wp-json\/wp\/v2\/users\/2"}],"replies":[{"embeddable":true,"href":"https:\/\/www.europesays.com\/fr\/wp-json\/wp\/v2\/comments?post=276240"}],"version-history":[{"count":0,"href":"https:\/\/www.europesays.com\/fr\/wp-json\/wp\/v2\/posts\/276240\/revisions"}],"wp:featuredmedia":[{"embeddable":true,"href":"https:\/\/www.europesays.com\/fr\/wp-json\/wp\/v2\/media\/276241"}],"wp:attachment":[{"href":"https:\/\/www.europesays.com\/fr\/wp-json\/wp\/v2\/media?parent=276240"}],"wp:term":[{"taxonomy":"category","embeddable":true,"href":"https:\/\/www.europesays.com\/fr\/wp-json\/wp\/v2\/categories?post=276240"},{"taxonomy":"post_tag","embeddable":true,"href":"https:\/\/www.europesays.com\/fr\/wp-json\/wp\/v2\/tags?post=276240"}],"curies":[{"name":"wp","href":"https:\/\/api.w.org\/{rel}","templated":true}]}}