{"id":276250,"date":"2025-07-26T23:54:11","date_gmt":"2025-07-26T23:54:11","guid":{"rendered":"https:\/\/www.europesays.com\/fr\/276250\/"},"modified":"2025-07-26T23:54:11","modified_gmt":"2025-07-26T23:54:11","slug":"previsions-du-dimanche-27-juillet-2025","status":"publish","type":"post","link":"https:\/\/www.europesays.com\/fr\/276250\/","title":{"rendered":"pr\u00e9visions du dimanche 27 juillet 2025"},"content":{"rendered":"<p>\u00c0 Rennes, les valeurs seront comprises entre 13\u00b0C et 22\u00b0C dans la journ\u00e9e. Un petit vent de nord-ouest soufflera. Petits et grands pourront passer leur matin\u00e9e sous un ciel un peu nuageux. De petits nuages dans le ciel de l&rsquo;apr\u00e8s-midi g\u00eanent l&rsquo;apparition du soleil. Les temp\u00e9ratures iront de 20 \u00e0 22\u00b0C. Le ciel va s&rsquo;\u00e9claircir au cours de la soir\u00e9e. C&rsquo;est un ciel d\u00e9pourvu de nuages que conna\u00eetra la nuit de dimanche \u00e0 lundi.<\/p>\n<p>Demain, un important soleil brillera sur Rennes. Les valeurs afficheront entre 12 et 24\u00b0C. Un vent de nord-ouest rafra\u00eechira quelque peu l&rsquo;atmosph\u00e8re. Les temp\u00e9ratures vont grimper pendant l&rsquo;apr\u00e8s-midi de quelques degr\u00e9s. Les valeurs s&rsquo;\u00e9chelonneront entre 22 et 24\u00b0C.<\/p>\n<p>Les jours se suivent mais ne se ressemblent pas. Le temps sera variable les jours qui suivent. Mardi, la m\u00e9t\u00e9o sera pluvieuse alors qu&rsquo;une am\u00e9lioration est attendue mercredi.<\/p>\n<p><\/p>\n","protected":false},"excerpt":{"rendered":"\u00c0 Rennes, les valeurs seront comprises entre 13\u00b0C et 22\u00b0C dans la journ\u00e9e. Un petit vent de nord-ouest&hellip;\n","protected":false},"author":2,"featured_media":276251,"comment_status":"","ping_status":"","sticky":false,"template":"","format":"standard","meta":{"footnotes":""},"categories":[2821],"tags":[1111,11,829,1777,674,1011,27,848,12,2119,584,25],"class_list":{"0":"post-276250","1":"post","2":"type-post","3":"status-publish","4":"format-standard","5":"has-post-thumbnail","7":"category-rennes","8":"tag-actu","9":"tag-actualites","10":"tag-bretagne","11":"tag-eu","12":"tag-europe","13":"tag-fr","14":"tag-france","15":"tag-ille-et-vilaine","16":"tag-news","17":"tag-previsions-meteo","18":"tag-rennes","19":"tag-republique-francaise"},"share_on_mastodon":{"url":"https:\/\/pubeurope.com\/@fr\/114922236648627459","error":""},"_links":{"self":[{"href":"https:\/\/www.europesays.com\/fr\/wp-json\/wp\/v2\/posts\/276250","targetHints":{"allow":["GET"]}}],"collection":[{"href":"https:\/\/www.europesays.com\/fr\/wp-json\/wp\/v2\/posts"}],"about":[{"href":"https:\/\/www.europesays.com\/fr\/wp-json\/wp\/v2\/types\/post"}],"author":[{"embeddable":true,"href":"https:\/\/www.europesays.com\/fr\/wp-json\/wp\/v2\/users\/2"}],"replies":[{"embeddable":true,"href":"https:\/\/www.europesays.com\/fr\/wp-json\/wp\/v2\/comments?post=276250"}],"version-history":[{"count":0,"href":"https:\/\/www.europesays.com\/fr\/wp-json\/wp\/v2\/posts\/276250\/revisions"}],"wp:featuredmedia":[{"embeddable":true,"href":"https:\/\/www.europesays.com\/fr\/wp-json\/wp\/v2\/media\/276251"}],"wp:attachment":[{"href":"https:\/\/www.europesays.com\/fr\/wp-json\/wp\/v2\/media?parent=276250"}],"wp:term":[{"taxonomy":"category","embeddable":true,"href":"https:\/\/www.europesays.com\/fr\/wp-json\/wp\/v2\/categories?post=276250"},{"taxonomy":"post_tag","embeddable":true,"href":"https:\/\/www.europesays.com\/fr\/wp-json\/wp\/v2\/tags?post=276250"}],"curies":[{"name":"wp","href":"https:\/\/api.w.org\/{rel}","templated":true}]}}