{"id":276252,"date":"2025-07-26T23:55:09","date_gmt":"2025-07-26T23:55:09","guid":{"rendered":"https:\/\/www.europesays.com\/fr\/276252\/"},"modified":"2025-07-26T23:55:09","modified_gmt":"2025-07-26T23:55:09","slug":"mercato-stade-rennais-leo-ostigard-devrait-etre-prete-au-genoa-sport","status":"publish","type":"post","link":"https:\/\/www.europesays.com\/fr\/276252\/","title":{"rendered":"Mercato Stade Rennais.\u00a0Leo Ostigard devrait \u00eatre pr\u00eat\u00e9 au Genoa . Sport"},"content":{"rendered":"<p>Clap de fin pour <a href=\"https:\/\/rennes.maville.com\/sport\/detail_-info-ouest-france.-stade-rennais-leo-ostigard-vers-hoffenheim-albert-gronbaek-au-genoa-_7-6858403_actu.Htm\" target=\"_self\" rel=\"noopener\">L\u00e9o Ostigard<\/a> \u00e0 Rennes\u00a0? Selon les informations de  <a href=\"https:\/\/www.lequipe.fr\/Football\/Actualites\/Mercato-leo-ostigard-vers-un-pret-au-genoa\/1581063\" target=\"_self\" rel=\"noopener\">L\u2019\u00c9quipe<\/a> , le d\u00e9fenseur central norv\u00e9gien va quitter la Bretagne. Apr\u00e8s un passage tr\u00e8s m\u00e9diocre au Stade Rennais, puis six mois non concluants \u00e0\u00a0Hoffenheim en Allemagne la saison derni\u00e8re, L\u00e9o Ostigard devrait signer au Genoa, en Italie.<\/p>\n<p>Leo Ostigard va rejoindre Patrick\u00a0Vieira<\/p>\n<p>Le joueur de 25\u00a0va rejoindre le club entra\u00eeneur par Patrick Vieira dans le cadre d\u2019un pr\u00eat avec une option d\u2019achat estim\u00e9e \u00e0 huit millions d\u2019euros. Il va retrouver le Genoa, o\u00f9 il est d\u00e9j\u00e0 pass\u00e9 six mois en pr\u00eat entre janvier et juin\u00a02022, avant de rallier Naples, o\u00f9 il est rest\u00e9 deux ans. Sa dur\u00e9e la plus longue dans un club.<\/p>\n<p><strong>Lire aussi\u00a0:<\/strong> <a href=\"https:\/\/nantes.maville.com\/sport\/detail_-loire-atlantique-fc-nantes-stade-rennais.-valentin-rongier-a-rennes-qu-en-pensent-les-anciens-joueurs-du-fcn-_8-6914495_actu.Htm\" target=\"_self\" rel=\"noopener\">FC Nantes &#8211; Stade Rennais. Valentin Rongier \u00e0 Rennes\u00a0: qu\u2019en pensent les anciens joueurs du FCN\u00a0?<\/a><\/p>\n<p>Le Norv\u00e9gien est sous contrat avec le Stade Rennais jusqu\u2019en 2027.\u00a0Ostigard avait \u00e9t\u00e9 achet\u00e9 \u00e0 Naples contre environ 7\u00a0millions d\u2019euros l\u2019\u00e9t\u00e9 dernier, avant de se transformer en flop total chez les Rouge et Noir.<\/p>\n<p>\u00a0<\/p>\n","protected":false},"excerpt":{"rendered":"Clap de fin pour L\u00e9o Ostigard \u00e0 Rennes\u00a0? Selon les informations de L\u2019\u00c9quipe , le d\u00e9fenseur central norv\u00e9gien&hellip;\n","protected":false},"author":2,"featured_media":276253,"comment_status":"","ping_status":"","sticky":false,"template":"","format":"standard","meta":{"footnotes":""},"categories":[2821],"tags":[1111,11,3809,1465,829,1777,674,63,1011,27,1792,1922,12,584,25,479,517,1470],"class_list":{"0":"post-276252","1":"post","2":"type-post","3":"status-publish","4":"format-standard","5":"has-post-thumbnail","7":"category-rennes","8":"tag-actu","9":"tag-actualites","10":"tag-ball","11":"tag-basket","12":"tag-bretagne","13":"tag-eu","14":"tag-europe","15":"tag-football","16":"tag-fr","17":"tag-france","18":"tag-handball","19":"tag-info","20":"tag-news","21":"tag-rennes","22":"tag-republique-francaise","23":"tag-rugby","24":"tag-sport","25":"tag-volley"},"share_on_mastodon":{"url":"https:\/\/pubeurope.com\/@fr\/114922240358690178","error":""},"_links":{"self":[{"href":"https:\/\/www.europesays.com\/fr\/wp-json\/wp\/v2\/posts\/276252","targetHints":{"allow":["GET"]}}],"collection":[{"href":"https:\/\/www.europesays.com\/fr\/wp-json\/wp\/v2\/posts"}],"about":[{"href":"https:\/\/www.europesays.com\/fr\/wp-json\/wp\/v2\/types\/post"}],"author":[{"embeddable":true,"href":"https:\/\/www.europesays.com\/fr\/wp-json\/wp\/v2\/users\/2"}],"replies":[{"embeddable":true,"href":"https:\/\/www.europesays.com\/fr\/wp-json\/wp\/v2\/comments?post=276252"}],"version-history":[{"count":0,"href":"https:\/\/www.europesays.com\/fr\/wp-json\/wp\/v2\/posts\/276252\/revisions"}],"wp:featuredmedia":[{"embeddable":true,"href":"https:\/\/www.europesays.com\/fr\/wp-json\/wp\/v2\/media\/276253"}],"wp:attachment":[{"href":"https:\/\/www.europesays.com\/fr\/wp-json\/wp\/v2\/media?parent=276252"}],"wp:term":[{"taxonomy":"category","embeddable":true,"href":"https:\/\/www.europesays.com\/fr\/wp-json\/wp\/v2\/categories?post=276252"},{"taxonomy":"post_tag","embeddable":true,"href":"https:\/\/www.europesays.com\/fr\/wp-json\/wp\/v2\/tags?post=276252"}],"curies":[{"name":"wp","href":"https:\/\/api.w.org\/{rel}","templated":true}]}}