{"id":276254,"date":"2025-07-26T23:56:09","date_gmt":"2025-07-26T23:56:09","guid":{"rendered":"https:\/\/www.europesays.com\/fr\/276254\/"},"modified":"2025-07-26T23:56:09","modified_gmt":"2025-07-26T23:56:09","slug":"previsions-du-dimanche-27-juillet-2025-2","status":"publish","type":"post","link":"https:\/\/www.europesays.com\/fr\/276254\/","title":{"rendered":"pr\u00e9visions du dimanche 27 juillet 2025"},"content":{"rendered":"<p>\u00c0 Strasbourg, les temp\u00e9ratures afficheront entre 15\u00b0C et 21\u00b0C dans la journ\u00e9e. Un petit vent de sud-ouest soufflera. Le ciel va s&rsquo;\u00e9claircir dans la matin\u00e9e. Il fera environ 19\u00b0C. Avec des nuages l&rsquo;apr\u00e8s-midi, le ciel sera encore couvert. Il sera compliqu\u00e9 de rester au sec car de la pluie est annonc\u00e9e. Les maximales iront jusqu&rsquo;\u00e0 21\u00b0C et les minimales seront de 20\u00b0C. Dans la soir\u00e9e, de l\u00e9g\u00e8res averses seront possibles. Les valeurs s&rsquo;\u00e9chelonneront de 16 \u00e0 18\u00b0C. C&rsquo;est un ciel pluvieux que conna\u00eetra la nuit de dimanche \u00e0 lundi.<\/p>\n<p>Demain, les temp\u00e9ratures s&rsquo;\u00e9chelonneront entre 14 et 22\u00b0C \u00e0 Strasbourg. Un vent de nord-ouest rafra\u00eechira quelque peu l&rsquo;atmosph\u00e8re. Il faudra \u00eatre vigilant le matin : de petites averses auront lieu. Les valeurs avoisineront les 17\u00b0C. Demain apr\u00e8s-midi, le soleil sera dissimul\u00e9 derri\u00e8re des nuages. Intemp\u00e9ries : on annonce des pluies \u00e9parses. Les temp\u00e9ratures seront comprises entre 19 et 22\u00b0C. Demain soir, encore des nuages dans le ciel qui emp\u00eachent le soleil de faire son apparition. Il faudra pr\u00e9voir son parapluie pour \u00e9viter les pluies \u00e9parses. Le thermom\u00e8tre affichera 17\u00b0C en moyenne.<\/p>\n<p>Une am\u00e9lioration est \u00e0 pr\u00e9voir les prochains jours. Comptez sur 23\u00b0C en moyenne qui accompagneront des journ\u00e9es ensoleill\u00e9es.<\/p>\n<p><\/p>\n","protected":false},"excerpt":{"rendered":"\u00c0 Strasbourg, les temp\u00e9ratures afficheront entre 15\u00b0C et 21\u00b0C dans la journ\u00e9e. Un petit vent de sud-ouest soufflera.&hellip;\n","protected":false},"author":2,"featured_media":276255,"comment_status":"","ping_status":"","sticky":false,"template":"","format":"standard","meta":{"footnotes":""},"categories":[2820],"tags":[1111,11,2389,2649,1777,674,1011,27,775,12,2119,25,640],"class_list":{"0":"post-276254","1":"post","2":"type-post","3":"status-publish","4":"format-standard","5":"has-post-thumbnail","7":"category-strasbourg","8":"tag-actu","9":"tag-actualites","10":"tag-alsace","11":"tag-bas-rhin","12":"tag-eu","13":"tag-europe","14":"tag-fr","15":"tag-france","16":"tag-grand-est","17":"tag-news","18":"tag-previsions-meteo","19":"tag-republique-francaise","20":"tag-strasbourg"},"share_on_mastodon":{"url":"https:\/\/pubeurope.com\/@fr\/114922244194129656","error":""},"_links":{"self":[{"href":"https:\/\/www.europesays.com\/fr\/wp-json\/wp\/v2\/posts\/276254","targetHints":{"allow":["GET"]}}],"collection":[{"href":"https:\/\/www.europesays.com\/fr\/wp-json\/wp\/v2\/posts"}],"about":[{"href":"https:\/\/www.europesays.com\/fr\/wp-json\/wp\/v2\/types\/post"}],"author":[{"embeddable":true,"href":"https:\/\/www.europesays.com\/fr\/wp-json\/wp\/v2\/users\/2"}],"replies":[{"embeddable":true,"href":"https:\/\/www.europesays.com\/fr\/wp-json\/wp\/v2\/comments?post=276254"}],"version-history":[{"count":0,"href":"https:\/\/www.europesays.com\/fr\/wp-json\/wp\/v2\/posts\/276254\/revisions"}],"wp:featuredmedia":[{"embeddable":true,"href":"https:\/\/www.europesays.com\/fr\/wp-json\/wp\/v2\/media\/276255"}],"wp:attachment":[{"href":"https:\/\/www.europesays.com\/fr\/wp-json\/wp\/v2\/media?parent=276254"}],"wp:term":[{"taxonomy":"category","embeddable":true,"href":"https:\/\/www.europesays.com\/fr\/wp-json\/wp\/v2\/categories?post=276254"},{"taxonomy":"post_tag","embeddable":true,"href":"https:\/\/www.europesays.com\/fr\/wp-json\/wp\/v2\/tags?post=276254"}],"curies":[{"name":"wp","href":"https:\/\/api.w.org\/{rel}","templated":true}]}}