{"id":276258,"date":"2025-07-26T23:58:11","date_gmt":"2025-07-26T23:58:11","guid":{"rendered":"https:\/\/www.europesays.com\/fr\/276258\/"},"modified":"2025-07-26T23:58:11","modified_gmt":"2025-07-26T23:58:11","slug":"previsions-du-dimanche-27-juillet-2025-3","status":"publish","type":"post","link":"https:\/\/www.europesays.com\/fr\/276258\/","title":{"rendered":"pr\u00e9visions du dimanche 27 juillet 2025"},"content":{"rendered":"<p>C&rsquo;est une belle journ\u00e9e dont va profiter Nice, o\u00f9 le soleil va briller avec force. Les maximales atteindront les 25\u00b0C tandis que les minimales seront de 20\u00b0C. Il fera 24\u00b0C en moyenne le matin. Une brise de sud soufflera l\u00e9g\u00e8rement. Les valeurs s&rsquo;\u00e9chelonneront de 23 \u00e0 25\u00b0C sur l&rsquo;ensemble de l&rsquo;apr\u00e8s-midi. Le soir, le thermom\u00e8tre affichera 22\u00b0C en moyenne. On pr\u00e9voit une nuit claire entre dimanche et lundi.<\/p>\n<p>Demain, une chute des temp\u00e9ratures est \u00e0 pr\u00e9voir \u00e0 Nice. Les valeurs s&rsquo;\u00e9chelonneront entre 19 et 25\u00b0C. Des \u00e9claircies appara\u00eetront dans la matin\u00e9e. Les valeurs seront comprises entre 19 et 25\u00b0C. Un vent de nord-ouest rafra\u00eechira un peu l&rsquo;atmosph\u00e8re. Le ciel sera toujours couvert demain apr\u00e8s-midi avec des nuages. Il va pleuvoir. Les temp\u00e9ratures seront de 23\u00b0C au plus bas et de 25\u00b0C au maximum. Dans la soir\u00e9e, les temp\u00e9ratures avoisineront les 22\u00b0C. Un petit vent de sud-ouest sera ressenti par les habitants.<\/p>\n<p>La m\u00e9t\u00e9o restera stable les jours \u00e0 venir. Des temp\u00e9ratures dans les 26\u00b0C iront de pair avec un ciel ensoleill\u00e9.<\/p>\n<p><\/p>\n","protected":false},"excerpt":{"rendered":"C&rsquo;est une belle journ\u00e9e dont va profiter Nice, o\u00f9 le soleil va briller avec force. Les maximales atteindront&hellip;\n","protected":false},"author":2,"featured_media":276259,"comment_status":"","ping_status":"","sticky":false,"template":"","format":"standard","meta":{"footnotes":""},"categories":[2819],"tags":[1111,11,2898,1777,674,1011,27,12,2401,883,2119,882,25],"class_list":{"0":"post-276258","1":"post","2":"type-post","3":"status-publish","4":"format-standard","5":"has-post-thumbnail","7":"category-nice","8":"tag-actu","9":"tag-actualites","10":"tag-alpes-maritimes","11":"tag-eu","12":"tag-europe","13":"tag-fr","14":"tag-france","15":"tag-news","16":"tag-nice","17":"tag-paca","18":"tag-previsions-meteo","19":"tag-provence-alpes-cote-dazur","20":"tag-republique-francaise"},"share_on_mastodon":{"url":"https:\/\/pubeurope.com\/@fr\/114922252193752597","error":""},"_links":{"self":[{"href":"https:\/\/www.europesays.com\/fr\/wp-json\/wp\/v2\/posts\/276258","targetHints":{"allow":["GET"]}}],"collection":[{"href":"https:\/\/www.europesays.com\/fr\/wp-json\/wp\/v2\/posts"}],"about":[{"href":"https:\/\/www.europesays.com\/fr\/wp-json\/wp\/v2\/types\/post"}],"author":[{"embeddable":true,"href":"https:\/\/www.europesays.com\/fr\/wp-json\/wp\/v2\/users\/2"}],"replies":[{"embeddable":true,"href":"https:\/\/www.europesays.com\/fr\/wp-json\/wp\/v2\/comments?post=276258"}],"version-history":[{"count":0,"href":"https:\/\/www.europesays.com\/fr\/wp-json\/wp\/v2\/posts\/276258\/revisions"}],"wp:featuredmedia":[{"embeddable":true,"href":"https:\/\/www.europesays.com\/fr\/wp-json\/wp\/v2\/media\/276259"}],"wp:attachment":[{"href":"https:\/\/www.europesays.com\/fr\/wp-json\/wp\/v2\/media?parent=276258"}],"wp:term":[{"taxonomy":"category","embeddable":true,"href":"https:\/\/www.europesays.com\/fr\/wp-json\/wp\/v2\/categories?post=276258"},{"taxonomy":"post_tag","embeddable":true,"href":"https:\/\/www.europesays.com\/fr\/wp-json\/wp\/v2\/tags?post=276258"}],"curies":[{"name":"wp","href":"https:\/\/api.w.org\/{rel}","templated":true}]}}