{"id":276262,"date":"2025-07-27T00:00:12","date_gmt":"2025-07-27T00:00:12","guid":{"rendered":"https:\/\/www.europesays.com\/fr\/276262\/"},"modified":"2025-07-27T00:00:12","modified_gmt":"2025-07-27T00:00:12","slug":"previsions-du-dimanche-27-juillet-2025-4","status":"publish","type":"post","link":"https:\/\/www.europesays.com\/fr\/276262\/","title":{"rendered":"pr\u00e9visions du dimanche 27 juillet 2025"},"content":{"rendered":"<p>Aujourd&rsquo;hui, le soleil va progressivement se substituer aux nuages \u00e0 Nantes. Les temp\u00e9ratures afficheront entre 13 et 24\u00b0C. Un vent de nord-ouest rafra\u00eechira l\u00e9g\u00e8rement l&rsquo;atmosph\u00e8re. Une m\u00e9t\u00e9o plus chaude est attendue l&rsquo;apr\u00e8s-midi puisque les temp\u00e9ratures vont enregistrer une hausse. Les valeurs s&rsquo;\u00e9chelonneront de 21 \u00e0 24\u00b0C. Le ciel sera relativement lumineux, avec quelques \u00e9claircies le soir. On anticipe des temp\u00e9ratures d&rsquo;environ 19\u00b0C. Une nuit claire vous attendra entre dimanche et lundi.<\/p>\n<p>Le soleil appara\u00eet l\u00e9g\u00e8rement demain. Ces \u00e9claircies devraient r\u00e9jouir les Nantais. Il va faire 19\u00b0C en moyenne. Une l\u00e9g\u00e8re brise de nord-ouest sera ressentie par les habitants. Dans la matin\u00e9e, les temp\u00e9ratures tourneront autour des 20\u00b0C. Demain apr\u00e8s-midi, c&rsquo;est une hausse de plusieurs degr\u00e9s que vont conna\u00eetre les temp\u00e9ratures. Les valeurs s&rsquo;\u00e9chelonneront entre 25 et 26\u00b0C. La ville aura quelques \u00e9claircies demain soir.<\/p>\n<p>Les conditions m\u00e9t\u00e9orologiques seront plut\u00f4t mitig\u00e9es les jours qui suivent. Une am\u00e9lioration est pr\u00e9vue mercredi, alors que la journ\u00e9e de mardi aura \u00e9t\u00e9 pluvieuse.<\/p>\n<p><\/p>\n","protected":false},"excerpt":{"rendered":"Aujourd&rsquo;hui, le soleil va progressivement se substituer aux nuages \u00e0 Nantes. Les temp\u00e9ratures afficheront entre 13 et 24\u00b0C.&hellip;\n","protected":false},"author":2,"featured_media":276263,"comment_status":"","ping_status":"","sticky":false,"template":"","format":"standard","meta":{"footnotes":""},"categories":[2818],"tags":[1111,11,1777,674,1011,27,3047,766,12,2636,2119,25],"class_list":{"0":"post-276262","1":"post","2":"type-post","3":"status-publish","4":"format-standard","5":"has-post-thumbnail","7":"category-nantes","8":"tag-actu","9":"tag-actualites","10":"tag-eu","11":"tag-europe","12":"tag-fr","13":"tag-france","14":"tag-loire-atlantique","15":"tag-nantes","16":"tag-news","17":"tag-pays-de-la-loire","18":"tag-previsions-meteo","19":"tag-republique-francaise"},"share_on_mastodon":{"url":"https:\/\/pubeurope.com\/@fr\/114922260021789528","error":""},"_links":{"self":[{"href":"https:\/\/www.europesays.com\/fr\/wp-json\/wp\/v2\/posts\/276262","targetHints":{"allow":["GET"]}}],"collection":[{"href":"https:\/\/www.europesays.com\/fr\/wp-json\/wp\/v2\/posts"}],"about":[{"href":"https:\/\/www.europesays.com\/fr\/wp-json\/wp\/v2\/types\/post"}],"author":[{"embeddable":true,"href":"https:\/\/www.europesays.com\/fr\/wp-json\/wp\/v2\/users\/2"}],"replies":[{"embeddable":true,"href":"https:\/\/www.europesays.com\/fr\/wp-json\/wp\/v2\/comments?post=276262"}],"version-history":[{"count":0,"href":"https:\/\/www.europesays.com\/fr\/wp-json\/wp\/v2\/posts\/276262\/revisions"}],"wp:featuredmedia":[{"embeddable":true,"href":"https:\/\/www.europesays.com\/fr\/wp-json\/wp\/v2\/media\/276263"}],"wp:attachment":[{"href":"https:\/\/www.europesays.com\/fr\/wp-json\/wp\/v2\/media?parent=276262"}],"wp:term":[{"taxonomy":"category","embeddable":true,"href":"https:\/\/www.europesays.com\/fr\/wp-json\/wp\/v2\/categories?post=276262"},{"taxonomy":"post_tag","embeddable":true,"href":"https:\/\/www.europesays.com\/fr\/wp-json\/wp\/v2\/tags?post=276262"}],"curies":[{"name":"wp","href":"https:\/\/api.w.org\/{rel}","templated":true}]}}