{"id":276265,"date":"2025-07-27T00:03:12","date_gmt":"2025-07-27T00:03:12","guid":{"rendered":"https:\/\/www.europesays.com\/fr\/276265\/"},"modified":"2025-07-27T00:03:12","modified_gmt":"2025-07-27T00:03:12","slug":"renaud-gaudeul-lex-procureur-de-coutances-face-au-cas-cantat-a-bordeaux","status":"publish","type":"post","link":"https:\/\/www.europesays.com\/fr\/276265\/","title":{"rendered":"Renaud Gaudeul, l\u2019ex-procureur de Coutances face au \u00ab cas Cantat \u00bb \u00e0 Bordeaux"},"content":{"rendered":"<p>            Par<br \/>\n        <strong><br \/>\n            <a href=\"https:\/\/actu.fr\/auteur\/redaction-pressemanche\" title=\"Consulter tous les articles de R\u00e9daction La Presse de la Manche\" target=\"_blank\" rel=\"noopener\">R\u00e9daction La Presse de la Manche<\/a><br \/>\n        <\/strong><\/p>\n<p>        Publi\u00e9 le<\/p>\n<p>            26 juil. 2025 \u00e0 20h20        <\/p>\n<p>Jeudi 24\u00a0juillet 2025, le parquet de <a href=\"https:\/\/actu.fr\/bordeaux\/\" target=\"_blank\" rel=\"noopener\">Bordeaux<\/a> (Gironde) a annonc\u00e9 la r\u00e9ouverture d\u2019une enqu\u00eate \u00ab\u2009sur d\u2019<b>\u00e9ventuels faits de violences volontaires\u2009<\/b>\u00bb commis par le chanteur<a href=\"https:\/\/actu.fr\/nouvelle-aquitaine\/bordeaux_33063\/apres-le-documentaire-sur-bertrand-cantat-le-parquet-de-bordeaux-rouvre-l-enquete-sur-la-mort-de-son-ex-femme_62952038.html\" target=\"_blank\" rel=\"noopener\"> Bertrand Cantat<\/a> avant la mort de son ex-\u00e9pouse <b>Krisztina Rady<\/b>, retrouv\u00e9e<b> pendue chez elle en 2010.<\/b> Cette d\u00e9cision fait suite \u00e0 la diffusion d\u2019un <b>documentaire sur Netflix<\/b> sur le chanteur de Noir D\u00e9sir, <b>condamn\u00e9 en 2003 pour le meurtre de Marie Trintignant.<\/b><\/p>\n<p class=\" wall-content\">Et pour conduire cette nouvelle enqu\u00eate, qui s\u2019annonce aussi m\u00e9diatique que d\u00e9licate\u2009:<b> Renaud Gaudeul<\/b>, procureur de la R\u00e9publique de Bordeaux depuis janvier\u00a02025 et ancien procureur de la R\u00e9publique de <a href=\"https:\/\/actu.fr\/normandie\/coutances_50147\" target=\"_blank\" rel=\"noopener\">Coutances<\/a> (Manche). Une d\u00e9marche qu\u2019il qualifie de \u00ab\u2009<b>naturelle\u2009<\/b>\u00bb.<\/p>\n<p class=\" wall-content\">Ce quinquag\u00e9naire est en effet \u00ab\u2009<b>tr\u00e8s sensibilis\u00e9 <\/b>aux questions de violences intrafamiliales\u2009\u00bb, <a href=\"https:\/\/france3-regions.franceinfo.fr\/pays-de-la-loire\/loire-atlantique\/nantes\/affaire-bertrand-cantat-qui-est-renaud-gaudeul-le-procureur-qui-rouvre-l-enquete-15-ans-apres-la-mort-de-l-ex-femme-du-chanteur-3192996.html\" target=\"_blank\" rel=\"noopener\">comme le rappelle France 3 Pays de la Loire<\/a>, qui le cite\u2009: \u00ab\u2009Il y a encore un certain nombre d\u2019ann\u00e9es, nous n\u2019ouvrions une enqu\u00eate que si nous avions une plainte. <b>L\u00e0, je n\u2019attends pas<\/b> d\u2019avoir une nouvelle plainte\u2009\u00bb.<\/p>\n<blockquote class=\"ac-article-quote wall-content\">\n<p>Notre objectif, c\u2019est l\u2019\u00e9limination des violences faites aux femmes.<\/p>\n<p>Renaud Gaudeul, interview\u00e9 en juin par \u00ab\u2009Le T\u00e9l\u00e9gramme\u2009\u00bb<\/p><\/blockquote>\n<p class=\" wall-content\">Dans la Manche, Renaud Gaudeul avait assist\u00e9 \u00e0 la fusion des tribunaux et au <b>regroupement<\/b> du p\u00f4le criminel. Apr\u00e8s avoir \u00e9t\u00e9 procureur de la R\u00e9publique \u00e0 Coutances <b>de 2010 \u00e0 2016, <\/b>il avait rejoint le parquet de Nantes, o\u00f9 il avait d\u00e9sign\u00e9 une magistrate r\u00e9f\u00e9rente en mati\u00e8re de violences au sein du couple, puis cr\u00e9\u00e9 un comit\u00e9 de pilotage contre les violences intrafamiliales qui permettait, selon lui, d\u2019aller \u00ab<b>\u2009vraiment au fond des dossiers\u2009<\/b>\u00bb.<\/p>\n<p class=\" wall-content\">Un second comit\u00e9, d\u00e9di\u00e9 \u00e0 la pr\u00e9paration de la sortie de personnes condamn\u00e9es pour des des violences commises au sein du couple, avait \u00e9t\u00e9 \u00e9galement cr\u00e9\u00e9.<\/p>\n<p>Vid\u00e9os : en ce moment sur Actu<\/p>\n<p class=\" wall-content\">\u00c0 Nantes, un p\u00f4le sp\u00e9cifiquement charg\u00e9 de la lutte contre ces violences avait ainsi vu le jour sous \u00ab\u2009l\u2019\u00e8re Gaudeul\u2009\u00bb. \u00ab\u2009Cela a \u00e9t\u00e9 une <b>vraie r\u00e9volution<\/b>, expliquait-il en juin <a href=\"https:\/\/www.letelegramme.fr\/loire-atlantique\/nantes-44000\/renaud-gaudeul-ancien-procureur-de-nantes-notre-objectif-lelimination-des-violences-faites-aux-femmes-6831383.php\" target=\"_blank\" rel=\"noopener\">dans les colonnes de nos confr\u00e8res du T\u00e9l\u00e9gramme<\/a>. Quand on apprenait le m\u00e9tier, on nous enseignait qu\u2019un parquetier est l\u00e0 pour mener les enqu\u00eates, identifier les coupables, poursuivre devant la juridiction de jugement et, si possible, obtenir une condamnation. Aujourd\u2019hui, nous avons encore ces quatre missions, mais aussi <b>une cinqui\u00e8me\u2009: la protection des victimes. <\/b>Nous devons aussi veiller \u00e0 avoir attribu\u00e9 les dispositifs ad\u00e9quats lorsque nous consid\u00e9rons qu\u2019il faut une mesure de protection. C\u2019est tr\u00e8s nouveau dans l\u2019approche de notre m\u00e9tier, et \u00e7a, il a fallu l\u2019acqu\u00e9rir. Notre objectif, c\u2019est l<b>\u2019\u00e9limination des violences faites aux femmes.\u2009<\/b>\u00bb<\/p>\n<p>\u00ab\u2009Priorit\u00e9 de politique p\u00e9nale depuis 15\u00a0ans\u2009\u00bb<\/p>\n<p class=\" wall-content\">Mais il \u00e9tait sensibilis\u00e9 \u00e0 ces questions de longue date, comme il le pr\u00e9cisait encore dans ce m\u00eame article du T\u00e9l\u00e9gramme\u2009: \u00ab\u2009La question des violences faites aux femmes est, pour moi, une question de <b>priorit\u00e9 de politique p\u00e9nale depuis 15\u00a0ans.<\/b> J\u2019avais d\u00e9j\u00e0 cr\u00e9\u00e9, en 2009, alors que j\u2019\u00e9tais procureur \u00e0 Bernay, le<b> stage de responsabilisation<\/b> pour la pr\u00e9vention et la lutte contre les violences au sein du couple. Il a \u00e9t\u00e9, par la suite, introduit dans le code de proc\u00e9dure p\u00e9nale. La d\u00e9marche n\u2019est donc pas compl\u00e8tement neuve de ma part.\u2009\u00bb<\/p>\n<p>Le t\u00e9moignage d\u2019un infirmier<\/p>\n<p class=\" wall-content\">La s\u00e9rie documentaire intitul\u00e9e \u00ab\u2009Le cas Cantat\u2009\u00bb est diffus\u00e9e <b>depuis le printemps.<\/b> Le magistrat pr\u00e9cise qu\u2019elle contient \u00ab\u2009plusieurs affirmations et t\u00e9moignages<b> ne figurant pas\u2009<\/b>\u00bb dans les proc\u00e9dures d\u00e9j\u00e0 ouvertes sur les circonstances de la mort de Krisztina Rady, toutes class\u00e9es sans suite.<\/p>\n<p class=\" wall-content\">Outre le dossier en recherches des causes de la mort ouvert apr\u00e8s son d\u00e9c\u00e8s survenu au domicile conjugal, \u00ab\u2009trois proc\u00e9dures subs\u00e9quentes\u2009\u00bb avaient \u00e9t\u00e9 ouvertes en<b> 2013, 2014 puis 2018.<\/b><\/p>\n<p class=\" wall-content\">Yael Mellul, ancienne avocate du dernier compagnon de Krisztina Rady, y voit avec satisfaction un \u00ab\u2009changement radical de position du parquet\u2009\u00bb sur ce qu\u2019elle qualifie \u00ab\u2009d\u2019<b>affaire de suicide forc\u00e9<\/b>\u2009\u00bb. Selon elle, le t\u00e9moignage anonyme d\u2019un infirmier dans le documentaire \u00ab\u2009corrobore le fait que Krisztina Rady \u00e9tait <b>victime de violences conjugales<\/b>\u2009\u00bb.<\/p>\n<p class=\" wall-content\">Dans \u00ab\u2009Le cas Cantat\u2009\u00bb, cet infirmier affirme en effet qu\u2019elle \u00e9tait pass\u00e9e aux urgences \u00ab\u2009suite \u00e0 une altercation avec son compagnon, une violente dispute\u2009\u00bb avec \u00ab\u2009<b>d\u00e9collement du cuir chevelu et des bleus, des h\u00e9matomes<\/b>\u2009\u00bb.\u00a0<\/p>\n<p>Message de d\u00e9tresse<\/p>\n<p class=\" wall-content\">Il \u00e9tait \u00e9galement question d\u2019un <b>message de d\u00e9tresse<\/b> laiss\u00e9 par Krisztina Rady sur le r\u00e9pondeur de ses parents, o\u00f9 elle \u00e9voquait \u00ab\u2009l\u2019enfer\u2009\u00bb que lui faisait vivre le p\u00e8re de ses enfants, \u00ab\u2009<b>ce cauchemar que Bertrand appelle l\u2019amour<\/b>\u2009\u00bb. Yael Mellul assure avoir elle aussi \u00ab\u2009de <b>nouveaux t\u00e9moignages<\/b> \u00e0 transmettre au parquet de Bordeaux\u2009\u00bb, sans en pr\u00e9ciser la nature.<\/p>\n<p class=\" wall-content\">Condamn\u00e9 \u00e0<b> huit ans de prison<\/b> en Lituanie pour des coups mortels en 2003 \u00e0 Vilnius sur Marie Trintignant, le chanteur avait \u00e9t\u00e9 rapidement mis hors de cause dans le suicide de Krisztina Rady.<\/p>\n<p class=\" wall-content\"><b>AFP, avec Ludivine LANIEPCE<\/b><\/p>\n<p class=\" wall-content\">Suivez toute l\u2019actualit\u00e9 de vos villes et m\u00e9dias favoris en vous inscrivant \u00e0 <a href=\"https:\/\/moncompte.actu.fr\" title=\"D\u00e9couvez Mon Actu\" rel=\"nofollow noopener\" data-trk=\"{&quot;cta&quot;:{&quot;action&quot;:&quot;https:\\\/\\\/moncompte.actu.fr&quot;,&quot;category&quot;:&quot;mon compte&quot;,&quot;from&quot;:&quot;article footer&quot;,&quot;name&quot;:&quot;Mon actu&quot;,&quot;type&quot;:&quot;cta&quot;}}\" target=\"_blank\">Mon Actu<\/a>.<\/p>\n","protected":false},"excerpt":{"rendered":"Par R\u00e9daction La Presse de la Manche Publi\u00e9 le 26 juil. 2025 \u00e0 20h20 Jeudi 24\u00a0juillet 2025, le&hellip;\n","protected":false},"author":2,"featured_media":276266,"comment_status":"","ping_status":"","sticky":false,"template":"","format":"standard","meta":{"footnotes":""},"categories":[2817],"tags":[1111,11,1997,3168,1777,674,118,1011,27,12,2219,25,41559,798],"class_list":{"0":"post-276265","1":"post","2":"type-post","3":"status-publish","4":"format-standard","5":"has-post-thumbnail","7":"category-bordeaux","8":"tag-actu","9":"tag-actualites","10":"tag-bordeaux","11":"tag-cotentin","12":"tag-eu","13":"tag-europe","14":"tag-faits-divers","15":"tag-fr","16":"tag-france","17":"tag-news","18":"tag-nouvelle-aquitaine","19":"tag-republique-francaise","20":"tag-tribunal-de-coutances","21":"tag-violences-conjugales"},"share_on_mastodon":{"url":"https:\/\/pubeurope.com\/@fr\/114922271768154267","error":""},"_links":{"self":[{"href":"https:\/\/www.europesays.com\/fr\/wp-json\/wp\/v2\/posts\/276265","targetHints":{"allow":["GET"]}}],"collection":[{"href":"https:\/\/www.europesays.com\/fr\/wp-json\/wp\/v2\/posts"}],"about":[{"href":"https:\/\/www.europesays.com\/fr\/wp-json\/wp\/v2\/types\/post"}],"author":[{"embeddable":true,"href":"https:\/\/www.europesays.com\/fr\/wp-json\/wp\/v2\/users\/2"}],"replies":[{"embeddable":true,"href":"https:\/\/www.europesays.com\/fr\/wp-json\/wp\/v2\/comments?post=276265"}],"version-history":[{"count":0,"href":"https:\/\/www.europesays.com\/fr\/wp-json\/wp\/v2\/posts\/276265\/revisions"}],"wp:featuredmedia":[{"embeddable":true,"href":"https:\/\/www.europesays.com\/fr\/wp-json\/wp\/v2\/media\/276266"}],"wp:attachment":[{"href":"https:\/\/www.europesays.com\/fr\/wp-json\/wp\/v2\/media?parent=276265"}],"wp:term":[{"taxonomy":"category","embeddable":true,"href":"https:\/\/www.europesays.com\/fr\/wp-json\/wp\/v2\/categories?post=276265"},{"taxonomy":"post_tag","embeddable":true,"href":"https:\/\/www.europesays.com\/fr\/wp-json\/wp\/v2\/tags?post=276265"}],"curies":[{"name":"wp","href":"https:\/\/api.w.org\/{rel}","templated":true}]}}