{"id":276282,"date":"2025-07-27T00:14:14","date_gmt":"2025-07-27T00:14:14","guid":{"rendered":"https:\/\/www.europesays.com\/fr\/276282\/"},"modified":"2025-07-27T00:14:14","modified_gmt":"2025-07-27T00:14:14","slug":"la-justice-reconnait-lindignite-des-conditions-de-detention-a-la-prison-de-toulouse-seysses-3","status":"publish","type":"post","link":"https:\/\/www.europesays.com\/fr\/276282\/","title":{"rendered":"La justice reconna\u00eet \u00ab\u00a0l\u2019indignit\u00e9 des conditions de d\u00e9tention\u00a0\u00bb \u00e0 la prison de Toulouse-Seysses"},"content":{"rendered":"<p class=\"paragraph text_align_left lp-f-body-02\">Le juge des r\u00e9f\u00e9r\u00e9s du tribunal administratif de Toulouse a reconnu, dans une d\u00e9cision rendue ce vendredi, <a href=\"https:\/\/www.leparisien.fr\/faits-divers\/surpopulation-cafards-salete-visite-dans-la-prison-de-seysses-au-bord-de-limplosion-29-07-2022-GM44JG72BBBSDNC5AAR3PAKFIU.php\" target=\"_blank\" rel=\"noreferrer nofollow noopener\">\u00ab l\u2019indignit\u00e9 des conditions de d\u00e9tention \u00bb au centre p\u00e9nitentiaire de Toulouse-Seysses<\/a>, a fait savoir l\u2019Observatoire international des prisons (OIP) ce samedi. Il avait \u00e9t\u00e9 saisi par la branche fran\u00e7aise de l\u2019organisation.<\/p>\n<p class=\"paragraph text_align_left lp-f-body-02\"><a href=\"https:\/\/oip.org\/communique\/une-victoire-juridique-pour-les-conditions-materielles-de-detention-a-toulouse-seysses\/\" target=\"_blank\" rel=\"noreferrer nofollow noopener\">Dans sa d\u00e9cision<\/a>, le juge des r\u00e9f\u00e9r\u00e9s \u00ab enjoint l\u2019\u00c9tat de prendre douze mesures concr\u00e8tes et imm\u00e9diates \u00bb, parmi lesquelles \u00ab la protection des personnes vuln\u00e9rables, l\u2019am\u00e9lioration de l\u2019hygi\u00e8ne et de la propret\u00e9 \u00bb, ou encore \u00ab la r\u00e9paration des \u00e9quipements essentiels \u00bb, pr\u00e9cise l\u2019OIP dans un communiqu\u00e9.<\/p>\n<p class=\"paragraph text_align_left lp-f-body-02\">\u00ab Cette victoire juridique est un signal fort : face aux atteintes graves et structurelles aux droits fondamentaux, le droit reste un levier de protection \u00bb, ajoute l\u2019OIP.<\/p>\n<p>Des \u00ab conditions de d\u00e9tention inhumaines et d\u00e9gradantes \u00bb<\/p>\n<p class=\"paragraph text_align_left lp-f-body-02\">Un rapport du Contr\u00f4leur g\u00e9n\u00e9ral des lieux de privation de libert\u00e9 (CGLPL), datant du 4 juillet, avait une nouvelle fois alert\u00e9 sur la situation dans cet \u00e9tablissement, marqu\u00e9e par une surpopulation end\u00e9mique et des conditions sanitaires probl\u00e9matiques.<\/p>\n<p class=\"lp-card-podcast-highlighting__title  lp-f-subtitle-05\">[1\/4] C\u00e9cile Vallin, les secrets d\u2019une disparition<\/p>\n<p class=\"lp-card-podcast-highlighting__description lp-f-ui-05\">Crime story raconte chaque semaine les grandes affaires criminelles.<\/p>\n<p><a class=\"lp-card-podcast-highlighting__call-to-action\" data-page-type=\"HP\" data-block-name=\"podcast-highlight\">\u00c9couter<\/a><\/p>\n<p class=\"paragraph text_align_left lp-f-body-02\">\u00ab Alors que cette alerte n\u2019a suscit\u00e9 aucune r\u00e9action de la part du ministre de la Justice, la section fran\u00e7aise de l\u2019Observatoire international des prisons (OIP-SF) et l\u2019A3D (association d\u2019avocats pour la d\u00e9fense des droits des d\u00e9tenus) ont saisi le juge des r\u00e9f\u00e9r\u00e9s du tribunal administratif de Toulouse \u00bb, avaient indiqu\u00e9 ces organisations le 16 juillet, d\u00e9non\u00e7ant des \u00ab conditions de d\u00e9tention inhumaines et d\u00e9gradantes \u00bb.<\/p>\n<p>Un nombre important de \u00ab dysfonctionnements graves \u00bb<\/p>\n<p class=\"paragraph text_align_left lp-f-body-02\">Alors que le centre p\u00e9nitentiaire compte 743 places, les six contr\u00f4leurs qui l\u2019ont visit\u00e9 en avril 2025 ont d\u00e9nombr\u00e9 <a href=\"https:\/\/www.leparisien.fr\/societe\/a-la-prison-de-seysse-toulouse-une-surpopulation-inacceptable-pointe-la-controleuse-generale-13-07-2021-7UTJLJ3F7NA7VGGZUMAB4KY47E.php\" target=\"_blank\" rel=\"noreferrer nofollow noopener\">1 396 d\u00e9tenus, dont 30 % dorment sur un matelas au sol<\/a>.<\/p>\n<p class=\"paragraph text_align_left lp-f-body-02\">Lors d\u2019une visite au printemps 2021, un nombre important de \u00ab dysfonctionnements graves \u00bb avaient d\u00e9j\u00e0 \u00e9t\u00e9 list\u00e9s dans ce centre p\u00e9nitentiaire, tout comme lors de la pr\u00e9c\u00e9dente en 2017. En 2022, la justice administrative avait ordonn\u00e9 \u00e0 l\u2019\u00c9tat d\u2019y am\u00e9liorer les conditions de d\u00e9tention, jug\u00e9es \u00ab indignes \u00bb et d\u00e9nonc\u00e9es par des avocats et l\u2019OIP.<\/p>\n<p class=\"paragraph text_align_left lp-f-body-02\">La direction interr\u00e9gionale des services p\u00e9nitentiaires de Toulouse occupe depuis plusieurs ann\u00e9es le premier rang m\u00e9tropolitain concernant la surpopulation. En juin 2025 la densit\u00e9 carc\u00e9rale y \u00e9tait ainsi de 157,1 % pour une moyenne nationale \u00e0 135 %.<\/p>\n","protected":false},"excerpt":{"rendered":"Le juge des r\u00e9f\u00e9r\u00e9s du tribunal administratif de Toulouse a reconnu, dans une d\u00e9cision rendue ce vendredi, \u00ab&hellip;\n","protected":false},"author":2,"featured_media":276283,"comment_status":"","ping_status":"","sticky":false,"template":"","format":"standard","meta":{"footnotes":""},"categories":[1888],"tags":[1111,1928,11,1927,459,1777,674,118,1011,27,12,1926,626,1925,25],"class_list":{"0":"post-276282","1":"post","2":"type-post","3":"status-publish","4":"format-standard","5":"has-post-thumbnail","7":"category-paris","8":"tag-actu","9":"tag-actu-paris","10":"tag-actualites","11":"tag-actualites-paris","12":"tag-departements-horsidfo","13":"tag-eu","14":"tag-europe","15":"tag-faits-divers","16":"tag-fr","17":"tag-france","18":"tag-news","19":"tag-news-paris","20":"tag-paris","21":"tag-paris-news","22":"tag-republique-francaise"},"share_on_mastodon":{"url":"https:\/\/pubeurope.com\/@fr\/114922315087007893","error":""},"_links":{"self":[{"href":"https:\/\/www.europesays.com\/fr\/wp-json\/wp\/v2\/posts\/276282","targetHints":{"allow":["GET"]}}],"collection":[{"href":"https:\/\/www.europesays.com\/fr\/wp-json\/wp\/v2\/posts"}],"about":[{"href":"https:\/\/www.europesays.com\/fr\/wp-json\/wp\/v2\/types\/post"}],"author":[{"embeddable":true,"href":"https:\/\/www.europesays.com\/fr\/wp-json\/wp\/v2\/users\/2"}],"replies":[{"embeddable":true,"href":"https:\/\/www.europesays.com\/fr\/wp-json\/wp\/v2\/comments?post=276282"}],"version-history":[{"count":0,"href":"https:\/\/www.europesays.com\/fr\/wp-json\/wp\/v2\/posts\/276282\/revisions"}],"wp:featuredmedia":[{"embeddable":true,"href":"https:\/\/www.europesays.com\/fr\/wp-json\/wp\/v2\/media\/276283"}],"wp:attachment":[{"href":"https:\/\/www.europesays.com\/fr\/wp-json\/wp\/v2\/media?parent=276282"}],"wp:term":[{"taxonomy":"category","embeddable":true,"href":"https:\/\/www.europesays.com\/fr\/wp-json\/wp\/v2\/categories?post=276282"},{"taxonomy":"post_tag","embeddable":true,"href":"https:\/\/www.europesays.com\/fr\/wp-json\/wp\/v2\/tags?post=276282"}],"curies":[{"name":"wp","href":"https:\/\/api.w.org\/{rel}","templated":true}]}}