{"id":276290,"date":"2025-07-27T00:18:11","date_gmt":"2025-07-27T00:18:11","guid":{"rendered":"https:\/\/www.europesays.com\/fr\/276290\/"},"modified":"2025-07-27T00:18:11","modified_gmt":"2025-07-27T00:18:11","slug":"la-russie-annonce-la-prise-de-deux-villages-en-ukraine-kiev-fait-etat-de-combats-intenses","status":"publish","type":"post","link":"https:\/\/www.europesays.com\/fr\/276290\/","title":{"rendered":"La Russie annonce la prise de deux villages en Ukraine, Kiev fait \u00e9tat de combats intenses"},"content":{"rendered":"<p>Le minist\u00e8re russe de la D\u00e9fense a d\u00e9clar\u00e9 samedi que ses forces avaient captur\u00e9 deux nouveaux villages dans l&rsquo;est de l&rsquo;Ukraine, dont l&rsquo;un situ\u00e9 dans la r\u00e9gion de Dnipropetrovsk, o\u00f9 Moscou affirme que ses troupes commencent \u00e0 progresser.<\/p>\n<p>Les forces ukrainiennes n&rsquo;ont pas reconnu que ces villages \u00e9taient pass\u00e9s sous contr\u00f4le russe, mais ont rapport\u00e9 des combats particuli\u00e8rement violents.<\/p>\n<p>Le pr\u00e9sident ukrainien Volodymyr Zelensky, dressant le bilan de la situation le long de la ligne de front de 1\u00a0000 km, a indiqu\u00e9 que le centre logistique de Pokrovsk restait le point n\u00e9vralgique des affrontements.<\/p>\n<p>Il a \u00e9galement affirm\u00e9 que les forces ukrainiennes avaient men\u00e9 des \u00ab\u00a0actions r\u00e9ussies\u00a0\u00bb dans la r\u00e9gion de Soumy, \u00e0 la fronti\u00e8re nord du pays, o\u00f9 les troupes russes ont \u00e9tabli une t\u00eate de pont ces derni\u00e8res semaines.<\/p>\n<p>Reuters n&rsquo;a pas pu v\u00e9rifier de mani\u00e8re ind\u00e9pendante les informations avanc\u00e9es par l&rsquo;un ou l&rsquo;autre camp.<\/p>\n<p>Ces affrontements sur la ligne de front surviennent trois jours apr\u00e8s que les deux parties ont tenu leur troisi\u00e8me rencontre directe en Turquie, dans le but de trouver une issue \u00e0 une guerre qui dure depuis pr\u00e8s de trois ans et demi.<\/p>\n<p>Les deux camps ont fait \u00e9tat de progr\u00e8s concernant des \u00e9changes de prisonniers ou de d\u00e9pouilles de soldats, mais aucun d\u00e9veloppement majeur n&rsquo;a \u00e9t\u00e9 annonc\u00e9 concernant un cessez-le-feu ou une rencontre entre les dirigeants des deux pays.<\/p>\n<p>L&rsquo;arm\u00e9e russe annonce presque quotidiennement la prise de nouveaux villages dans sa lente progression vers l&rsquo;ouest.<\/p>\n<p>Le minist\u00e8re russe de la D\u00e9fense a indiqu\u00e9 que ses troupes avaient pris le contr\u00f4le de Zelenyi Hai, dans la r\u00e9gion de Donetsk, ainsi que de Maliivka, un village situ\u00e9 \u00e0 la lisi\u00e8re de la r\u00e9gion de Dnipropetrovsk.<\/p>\n<p>Le minist\u00e8re a d\u00e9crit Zelenyi Hai comme \u00ab\u00a0un important bastion des formations ukrainiennes dans cette partie du front, qui couvrait les acc\u00e8s \u00e0 la fronti\u00e8re administrative de la r\u00e9gion de Dnipropetrovsk\u00a0\u00bb.<\/p>\n<p>La r\u00e9gion de Dnipropetrovsk ne fait pas partie des cinq r\u00e9gions que Moscou revendique comme siennes &#8212; Donetsk, Louhansk, Kherson, Zaporijjia et la p\u00e9ninsule de Crim\u00e9e, annex\u00e9e en 2014.<\/p>\n<p>Le mois dernier, la Russie avait annonc\u00e9 que ses forces avaient franchi la fronti\u00e8re de la r\u00e9gion de Dnipropetrovsk et affirme d\u00e9sormais contr\u00f4ler au moins deux villages. L&rsquo;arm\u00e9e ukrainienne, de son c\u00f4t\u00e9, r\u00e9fute depuis plusieurs semaines tout contr\u00f4le russe sur ce territoire.<\/p>\n<p>L&rsquo;\u00e9tat-major g\u00e9n\u00e9ral de l&rsquo;arm\u00e9e ukrainienne, dans un rapport publi\u00e9 tard dans la soir\u00e9e, a mentionn\u00e9 Zelenyi Hai parmi plusieurs secteurs de la ligne de front ayant subi 11 attaques russes au cours des derni\u00e8res 24 heures. Il a pr\u00e9cis\u00e9 que Maliivka figurait parmi les villages o\u00f9 10 assauts russes avaient \u00e9t\u00e9 repouss\u00e9s.<\/p>\n<p>Dans son allocution vid\u00e9o nocturne, Volodymyr Zelensky a d\u00e9clar\u00e9 que le commandant en chef ukrainien, Oleksandr Syrsky, avait identifi\u00e9 Pokrovsk comme une zone n\u00e9cessitant \u00ab\u00a0une attention particuli\u00e8re\u00a0\u00bb en raison d&rsquo;attaques incessantes.<\/p>\n<p>Un porte-parole militaire, Viktor Trehubov, a d\u00e9clar\u00e9 \u00e0 la t\u00e9l\u00e9vision nationale que les forces russes attaquaient Pokrovsk \u00ab\u00a0dans un flot continu&#8230; qui ne s&rsquo;arr\u00eate tout simplement pas\u00a0\u00bb.<\/p>\n","protected":false},"excerpt":{"rendered":"Le minist\u00e8re russe de la D\u00e9fense a d\u00e9clar\u00e9 samedi que ses forces avaient captur\u00e9 deux nouveaux villages dans&hellip;\n","protected":false},"author":2,"featured_media":276291,"comment_status":"","ping_status":"","sticky":false,"template":"","format":"standard","meta":{"footnotes":""},"categories":[1591],"tags":[11,340,1887,12,1885,1886,132],"class_list":{"0":"post-276290","1":"post","2":"type-post","3":"status-publish","4":"format-standard","5":"has-post-thumbnail","7":"category-russie","8":"tag-actualites","9":"tag-bourse","10":"tag-federation-de-russie","11":"tag-news","12":"tag-russia","13":"tag-russian-federation","14":"tag-russie"},"share_on_mastodon":{"url":"https:\/\/pubeurope.com\/@fr\/114922330937659407","error":""},"_links":{"self":[{"href":"https:\/\/www.europesays.com\/fr\/wp-json\/wp\/v2\/posts\/276290","targetHints":{"allow":["GET"]}}],"collection":[{"href":"https:\/\/www.europesays.com\/fr\/wp-json\/wp\/v2\/posts"}],"about":[{"href":"https:\/\/www.europesays.com\/fr\/wp-json\/wp\/v2\/types\/post"}],"author":[{"embeddable":true,"href":"https:\/\/www.europesays.com\/fr\/wp-json\/wp\/v2\/users\/2"}],"replies":[{"embeddable":true,"href":"https:\/\/www.europesays.com\/fr\/wp-json\/wp\/v2\/comments?post=276290"}],"version-history":[{"count":0,"href":"https:\/\/www.europesays.com\/fr\/wp-json\/wp\/v2\/posts\/276290\/revisions"}],"wp:featuredmedia":[{"embeddable":true,"href":"https:\/\/www.europesays.com\/fr\/wp-json\/wp\/v2\/media\/276291"}],"wp:attachment":[{"href":"https:\/\/www.europesays.com\/fr\/wp-json\/wp\/v2\/media?parent=276290"}],"wp:term":[{"taxonomy":"category","embeddable":true,"href":"https:\/\/www.europesays.com\/fr\/wp-json\/wp\/v2\/categories?post=276290"},{"taxonomy":"post_tag","embeddable":true,"href":"https:\/\/www.europesays.com\/fr\/wp-json\/wp\/v2\/tags?post=276290"}],"curies":[{"name":"wp","href":"https:\/\/api.w.org\/{rel}","templated":true}]}}