{"id":276297,"date":"2025-07-27T00:22:14","date_gmt":"2025-07-27T00:22:14","guid":{"rendered":"https:\/\/www.europesays.com\/fr\/276297\/"},"modified":"2025-07-27T00:22:14","modified_gmt":"2025-07-27T00:22:14","slug":"ca-fout-la-rage-le-discours-de-laurent-bonadei-apres-lelimination-contre-lallemagne","status":"publish","type":"post","link":"https:\/\/www.europesays.com\/fr\/276297\/","title":{"rendered":"\u00ab\u00a0\u00c7a fout la rage\u00a0\u00bb, le discours de Laurent Bonadei apr\u00e8s l\u2019\u00e9limination contre l\u2019Allemagne"},"content":{"rendered":"<p class=\"mb-4 text-lg md:leading-8 break-words\">Attrist\u00e9 mais rassembleur. <a href=\"https:\/\/fr.news.yahoo.com\/sport\/france-allemagne-jai-pr%C3%A9f%C3%A9r%C3%A9-ne-222929770.html\" data-ylk=\"slk:Laurent Bonadei;elm:context_link;itc:0;sec:content-canvas;outcm:mb_qualified_link;_E:mb_qualified_link;ct:story;\" class=\"link  yahoo-link\" rel=\"nofollow noopener\" target=\"_blank\">Laurent Bonadei<\/a>, s\u00e9lectionneur de l\u2019\u00e9quipe de France de foot f\u00e9minine, a tenu un discours tourn\u00e9 vers l\u2019avenir, samedi apr\u00e8s <a href=\"https:\/\/rmcsport.bfmtv.com\/football\/feminin\/euro\/direct-france-allemagne-suivez-le-quart-de-finale-de-l-euro-feminin-2025-en-live_LS-202507190054.html\" rel=\"nofollow noopener\" target=\"_blank\" data-ylk=\"slk:l\u2019\u00e9limination des Bleues en quart de finale de l\u2019Euro contre l\u2019Allemagne (1-1, 6 t.a.b. 5);elm:context_link;itc:0;sec:content-canvas\" class=\"link \">l\u2019\u00e9limination des Bleues en quart de finale de l\u2019Euro contre l\u2019Allemagne (1-1, 6 t.a.b. 5)<\/a>. Les Fran\u00e7aises avaient pourtant \u00e9volu\u00e9 en sup\u00e9riorit\u00e9 num\u00e9rique pendant presque toute la rencontre suite \u00e0 l\u2019expulsion de Kathrin Hendrich (13e). Elles avaient m\u00eame ouvert le score sur un penalty de Grace Geyoro (15e) suivant la faute allemande. Mais Sjoeke N\u00fcsken (25e) avait \u00e9galis\u00e9 sur coup de pied arr\u00eat\u00e9 et les Bleues n\u2019avaient jamais r\u00e9ussi \u00e0 forcer la d\u00e9cision.<\/p>\n<p>\u00ab\u00a0Gardez votre dignit\u00e9, gardez la t\u00eate haute\u00a0\u00bb<\/p>\n<p class=\"mb-4 text-lg md:leading-8 break-words\">Le sc\u00e9nario a beaucoup frustr\u00e9 Bonad\u00e9i m\u00eame si le technicien a pris soin de vite remobiliser ses troupes dans le discours d\u2019apr\u00e8s-match, tenu sous les yeux du pr\u00e9sident de la F\u00e9d\u00e9ration fran\u00e7aise de football, Philippe Diallo, et diffus\u00e9 sur TF1. \u00ab\u00a0Je suis d\u00e9\u00e7u, je suis triste parce qu\u2019on sait qu&rsquo;\u00e0 11 contre 10, il y a 10% de chance de marquer un but et \u00e7a s\u2019est jou\u00e9 sur coup de pied arr\u00eat\u00e9, l\u00e0 o\u00f9 il n&rsquo;y a plus de sup\u00e9riorit\u00e9 num\u00e9rique. \u00c7a fout la rage parce que \u00e7a se joue sur des petits d\u00e9tails\u00a0\u00bb, a-t-il d\u00e9clar\u00e9.<\/p>\n<p class=\"mb-4 text-lg md:leading-8 break-words\">\u00ab\u00a0Gardez votre dignit\u00e9, gardez la t\u00eate haute\u00a0\u00bb, a-t-il poursuivi. \u00ab\u00a0Restez &#8211; dans la d\u00e9faite, comme dans la victoire &#8211; des femmes, des jeunes filles, des mamans, des personnes qui ont beaucoup de valeurs \u00e0 mes yeux. Je vous le dis encore une fois, je suis fier d\u2019\u00eatre \u00e0 la t\u00eate de cette \u00e9quipe pare que je vois dans vos yeux, dans ce groupe, qu&rsquo;il y a de la vie. Ce soir, c\u2019est un arr\u00eat, c\u2019est du sport. Ce n&rsquo;est pas l&rsquo;arr\u00eat du groupe, qui va continuer \u00e0 vivre et \u00e0 mettre des choses en place. Vous avez des valeurs et vous \u00eates toutes brillantes.\u00a0\u00bb<br \/>Malgr\u00e9 ce nouvel \u00e9chec de l\u2019\u00e9quipe de France f\u00e9minine dans une comp\u00e9tition majeure, <a href=\"https:\/\/fr.news.yahoo.com\/sport\/euro-f%C3%A9minin-2025-diallo-conforte-083820279.html\" data-ylk=\"slk:Bonadei a \u00e9t\u00e9 confirm\u00e9 dans ses fonctions par Diallo;elm:context_link;itc:0;sec:content-canvas;outcm:mb_qualified_link;_E:mb_qualified_link;ct:story;\" class=\"link  yahoo-link\" rel=\"nofollow noopener\" target=\"_blank\">Bonadei a \u00e9t\u00e9 confirm\u00e9 dans ses fonctions par Diallo<\/a>. \u00ab\u00a0Apr\u00e8s les JO, nous avons fait confiance \u00e0 Laurent jusqu&rsquo;\u00e0 la Coupe du monde (en 2027, ndlr) avec pour ambition d&rsquo;accompagner la transition de cette \u00e9quipe entre les g\u00e9n\u00e9rations. Onze victoires cons\u00e9cutives et une phase de groupe r\u00e9ussie (\u00e0 l&rsquo;Euro), il y a des choses positives \u00e0 retenir. Mais avec beaucoup d&rsquo;humilit\u00e9, il faut reprendre le travail et ce sera avec Laurent Bonadei\u00a0\u00bb, a affirm\u00e9 Diallo. Le dirigeant a aussi confi\u00e9 sa grande d\u00e9ception face \u00e0 cette \u00e9limination. \u00ab\u00a0C&rsquo;est une vraie contre-performance, c&rsquo;est la huiti\u00e8me fois dans les neuf derniers grands tournois que la France est \u00e9limin\u00e9e au niveau des quarts de finale. Il va falloir r\u00e9fl\u00e9chir avec le s\u00e9lectionneur et les responsables du foot f\u00e9minin \u00e0 la FFF sur la fa\u00e7on dont nous pouvons mieux travailler\u00a0\u00bb, avait-il conclu.<\/p>\n<p class=\"mb-4 text-lg md:leading-8 break-words\"><a href=\"https:\/\/rmcsport.bfmtv.com\/football\/feminin\/euro\/ca-fout-la-rage-le-discours-de-laurent-bonadei-apres-l-elimination-contre-l-allemagne_AV-202507240141.html#xtor=AL-68\" rel=\"nofollow noopener\" target=\"_blank\" data-ylk=\"slk:Article original publi\u00e9 sur RMC Sport;elm:context_link;itc:0;sec:content-canvas\" class=\"link \">Article original publi\u00e9 sur RMC Sport<\/a><\/p>\n","protected":false},"excerpt":{"rendered":"Attrist\u00e9 mais rassembleur. Laurent Bonadei, s\u00e9lectionneur de l\u2019\u00e9quipe de France de foot f\u00e9minine, a tenu un discours tourn\u00e9&hellip;\n","protected":false},"author":2,"featured_media":276298,"comment_status":"","ping_status":"","sticky":false,"template":"","format":"standard","meta":{"footnotes":""},"categories":[1587],"tags":[11,672,1804,1805,1803,1777,674,41565,27,1801,41566,41568,203,41567,12,20728,5573,1802,41564],"class_list":{"0":"post-276297","1":"post","2":"type-post","3":"status-publish","4":"format-standard","5":"has-post-thumbnail","7":"category-allemagne","8":"tag-actualites","9":"tag-allemagne","10":"tag-bundesrepublik-deutschland","11":"tag-de","12":"tag-deutschland","13":"tag-eu","14":"tag-europe","15":"tag-federation-francaise-de-football","16":"tag-france","17":"tag-germany","18":"tag-grace-geyoro","19":"tag-kathrin-hendrich","20":"tag-la-tete","21":"tag-laurent-bonadei","22":"tag-news","23":"tag-philippe-diallo","24":"tag-quarts-de-finale","25":"tag-republique-federale-dallemagne","26":"tag-selectionneur-de-lequipe-de-france"},"share_on_mastodon":{"url":"https:\/\/pubeurope.com\/@fr\/114922346502285978","error":""},"_links":{"self":[{"href":"https:\/\/www.europesays.com\/fr\/wp-json\/wp\/v2\/posts\/276297","targetHints":{"allow":["GET"]}}],"collection":[{"href":"https:\/\/www.europesays.com\/fr\/wp-json\/wp\/v2\/posts"}],"about":[{"href":"https:\/\/www.europesays.com\/fr\/wp-json\/wp\/v2\/types\/post"}],"author":[{"embeddable":true,"href":"https:\/\/www.europesays.com\/fr\/wp-json\/wp\/v2\/users\/2"}],"replies":[{"embeddable":true,"href":"https:\/\/www.europesays.com\/fr\/wp-json\/wp\/v2\/comments?post=276297"}],"version-history":[{"count":0,"href":"https:\/\/www.europesays.com\/fr\/wp-json\/wp\/v2\/posts\/276297\/revisions"}],"wp:featuredmedia":[{"embeddable":true,"href":"https:\/\/www.europesays.com\/fr\/wp-json\/wp\/v2\/media\/276298"}],"wp:attachment":[{"href":"https:\/\/www.europesays.com\/fr\/wp-json\/wp\/v2\/media?parent=276297"}],"wp:term":[{"taxonomy":"category","embeddable":true,"href":"https:\/\/www.europesays.com\/fr\/wp-json\/wp\/v2\/categories?post=276297"},{"taxonomy":"post_tag","embeddable":true,"href":"https:\/\/www.europesays.com\/fr\/wp-json\/wp\/v2\/tags?post=276297"}],"curies":[{"name":"wp","href":"https:\/\/api.w.org\/{rel}","templated":true}]}}