{"id":276301,"date":"2025-07-27T00:24:14","date_gmt":"2025-07-27T00:24:14","guid":{"rendered":"https:\/\/www.europesays.com\/fr\/276301\/"},"modified":"2025-07-27T00:24:14","modified_gmt":"2025-07-27T00:24:14","slug":"sommet-union-europeenne-chine-vives-tensions-entre-pekin-et-bruxelles","status":"publish","type":"post","link":"https:\/\/www.europesays.com\/fr\/276301\/","title":{"rendered":"Sommet Union europ\u00e9enne-Chine: vives tensions entre P\u00e9kin et Bruxelles"},"content":{"rendered":"<p>Pendant longtemps, on s&rsquo;attendait \u00e0 ce que la politique commerciale agressive des \u00c9tats-Unis rapproche les autres pays et r\u00e9gions industrialis\u00e9s. Mais le sommet de jeudi entre la Chine et l&rsquo;Union europ\u00e9enne (UE) va dans le sens inverse. Les tensions entre P\u00e9kin et Bruxelles n&rsquo;ont pas \u00e9t\u00e9 aussi fortes depuis des ann\u00e9es.<\/p>\n<p><img decoding=\"async\" class=\"db relative center\" loading=\"lazy\" src=\"https:\/\/www.europesays.com\/fr\/wp-content\/uploads\/2025\/07\/fbfaa21d-bb7c-44e3-9864-d0d505cf2188\" style=\"max-height:100%\"\/>Le Premier ministre chinois Li Qiang, quatri\u00e8me \u00e0 gauche, \u00e9coute la pr\u00e9sidente de la Commission europ\u00e9enne Ursula von der Leyen (troisi\u00e8me \u00e0 droite), le pr\u00e9sident du Conseil europ\u00e9en Antonio Costa (\u00e0 sa gauche) et la repr\u00e9sentante pour les Affaires \u00e9trang\u00e8res et la politique de s\u00e9curit\u00e9 et vice-pr\u00e9sidente de la Commission europ\u00e9enne Kaja Kallas (\u00e0 droite), au d\u00e9but de la r\u00e9union au Grand Palais du Peuple lors du sommet Union europ\u00e9enne-Chine \u00e0 P\u00e9kin, le jeudi 24 juillet 2025. [AP Photo\/Andres Martinez Casares]<\/p>\n<p>La pr\u00e9sidente de la Commission europ\u00e9enne, Ursula von der Leyen, qui accuse constamment les \u00c9tats-Unis de nuire \u00e0 toutes les parties avec leurs droits de douane, a menac\u00e9 la Chine de sanctions commerciales \u00e0 la Trump. Elle a averti que les relations entre la Chine et l&rsquo;UE \u00e9taient \u00e0 un \u00abpoint d\u2019inflexion\u00bb. Les relations commerciales \u00e9taient \u00abtr\u00e8s d\u00e9s\u00e9quilibr\u00e9es\u00bb et un r\u00e9\u00e9quilibrage des relations bilat\u00e9rales \u00abessentiel\u00bb. Si la Chine continuait \u00e0 s\u2019engouffrer dans les march\u00e9s mondiaux gr\u00e2ce \u00e0 ses surcapacit\u00e9s subventionn\u00e9es par l&rsquo;\u00c9tat, il serait \u00abtr\u00e8s difficile pour l&rsquo;UE de maintenir son degr\u00e9 d&rsquo;ouverture actuel\u00bb.<\/p>\n<p>La menace de guerre commerciale lanc\u00e9e par Von der Leyen contre la Chine montre que l&rsquo;imposition de droits de douane n&rsquo;est pas une lubie personnelle du pr\u00e9sident am\u00e9ricain Trump, mais une r\u00e9action \u00e0 la crise mondiale du syst\u00e8me capitaliste. Comme \u00e0 la veille des Premi\u00e8re et Seconde Guerres mondiales, la lutte pour les mati\u00e8res premi\u00e8res, les march\u00e9s et les profits ne se fait plus par la concurrence pacifique, mais par la coercition, le chantage et la force militaire.<\/p>\n<p>Ce sommet, le 25e du genre, visait \u00e0 c\u00e9l\u00e9brer le 50e anniversaire de l&rsquo;\u00e9tablissement de relations diplomatiques entre l&rsquo;UE et la Chine. Ces relations n&rsquo;ont jamais \u00e9t\u00e9 exemptes de tensions. Des conflits ont surgi concernant l&rsquo;acc\u00e8s \u00e0 la Chine des investissements et des marchandises europ\u00e9ens, la protection des droits d&rsquo;auteur et des brevets, le dumping, et les subventions, ainsi que de nombreux autres sujets. L&rsquo;UE a \u00e9galement exploit\u00e9 la situation des minorit\u00e9s ethniques au Tibet et au Xinjiang pour faire pression sur la Chine.<\/p>\n<p>Les relations \u00e9conomiques se sont n\u00e9anmoins fortement d\u00e9velopp\u00e9es. En 2024, la valeur des \u00e9changes de biens et services entre l&rsquo;UE et la Chine s&rsquo;\u00e9levait \u00e0 plus de 845 milliards d&rsquo;euros, soit un peu moins de 30 pour cent du commerce mondial. L&rsquo;UE est le premier partenaire commercial de la Chine, et la Chine le deuxi\u00e8me de l&rsquo;UE.<\/p>\n<p>Les exportations chinoises d\u00e9passent ses importations de plus du double. En 2024, l&rsquo;UE a enregistr\u00e9 un d\u00e9ficit commercial avec la Chine de plus de 300 milliards d&rsquo;euros. Cet \u00e9cart se creuse, d&rsquo;autant plus que la Chine ne se contente plus d&rsquo;\u00eatre une plate-forme \u00e0 bas salaires et un d\u00e9bouch\u00e9 pour les grandes entreprises europ\u00e9ennes, mais s&rsquo;est impos\u00e9e comme un leader mondial dans des technologies telles que les voitures \u00e9lectriques, les terres rares et, de plus en plus, l&rsquo;IA.<\/p>\n<p>En 2020, Volkswagen \u00e9tait encore le premier constructeur automobile en Chine avec une part de march\u00e9 de 19 pour cent, mais cette part a depuis chut\u00e9 \u00e0 12 pour cent. Les marques chinoises, quant \u00e0 elles, ont vu leur part de march\u00e9 passer de 36 \u00e0 69 pour cent au cours des cinq derni\u00e8res ann\u00e9es. Cette progression est principalement due \u00e0 la production de voitures \u00e9lectriques abordables et de haute qualit\u00e9.<\/p>\n<p>L&rsquo;\u00e9t\u00e9 dernier, l&rsquo;UE a impos\u00e9 des surtaxes suppl\u00e9mentaires de 17 \u00e0 35 pour cent sur les voitures chinoises, en plus du tarif de base de 10 pour cent, afin de les emp\u00eacher de conqu\u00e9rir \u00e9galement le march\u00e9 europ\u00e9en. La Chine d\u00e9tient un quasi-monopole mondial sur les terres rares, indispensables \u00e0 de nombreuses technologies modernes.<\/p>\n<p>L&rsquo;UE r\u00e9agit de mani\u00e8re extr\u00eamement agressive \u00e0 l&rsquo;essor \u00e9conomique de la Chine. Parall\u00e8lement, elle s&rsquo;efforce d\u2019\u00e9viter une rupture compl\u00e8te des liens \u00e9conomiques avec elle. Conjugu\u00e9e aux menaces de droits de douane punitifs des \u00c9tats-Unis, premier partenaire commercial de l&rsquo;UE, une telle coupure aurait des cons\u00e9quences \u00e9conomiques d\u00e9vastatrices.<\/p>\n<p>De leur c\u00f4t\u00e9, les dirigeants chinois ont soulign\u00e9 leur int\u00e9r\u00eat pour une coop\u00e9ration \u00e9conomique plus pouss\u00e9e, mais ne sont pas pr\u00eats \u00e0 c\u00e9der au chantage europ\u00e9en. Lors d&rsquo;une r\u00e9union avec les dirigeants de l&rsquo;UE, le pr\u00e9sident Xi Jinping a d\u00e9clar\u00e9 qu&rsquo;il n&rsquo;existait aucun conflit d&rsquo;int\u00e9r\u00eats fondamental ni contradiction g\u00e9opolitique entre la Chine et l&rsquo;UE. On esp\u00e9rait que le march\u00e9 europ\u00e9en resterait ouvert et que la partie europ\u00e9enne \u00abs&rsquo;abstiendrait d&rsquo;utiliser des instruments \u00e9conomiques et commerciaux restrictifs\u00bb.<\/p>\n<p>P\u00e9kin craint \u00e9galement que l&rsquo;UE ne parvienne \u00e0 un accord dans le conflit tarifaire avec les \u00c9tats-Unis en adoptant une position plus ferme \u00e0 l&rsquo;\u00e9gard de la Chine. L&rsquo;UE exerce d\u00e9j\u00e0 une pression politique et militaire croissante sur ce pays.<\/p>\n<p>L&rsquo;accusation que la Chine soutiendrait la Russie dans sa guerre contre l&rsquo;Ukraine en achetant son p\u00e9trole et en contournant les sanctions occidentales en lui fournissant des composants \u00e0 double usage, c&rsquo;est-\u00e0-dire pouvant \u00e9galement servir \u00e0 la production d&rsquo;armes, a \u00e9t\u00e9 un th\u00e8me r\u00e9current tout au long du sommet. L&rsquo;UE a exhort\u00e9 la Chine \u00e0 ne pas fournir de soutien mat\u00e9riel \u00e0 la base militaro-industrielle russe et \u00e0 user de son influence pour mettre fin \u00e0 la guerre.<\/p>\n<p>La veille du sommet de P\u00e9kin, les repr\u00e9sentants de l&rsquo;UE avaient particip\u00e9 \u00e0 un sommet UE-Japon \u00e0 Tokyo et convenu d&rsquo;une coop\u00e9ration plus \u00e9troite dans l\u2019industrie d&rsquo;armement et d&rsquo;une r\u00e9duction des d\u00e9pendances strat\u00e9giques dans le domaine des mati\u00e8res premi\u00e8res essentielles. Deux d\u00e9cisions dirig\u00e9es contre la Chine. Le Japon participe activement aux pr\u00e9paratifs de guerre des \u00c9tats-Unis visant la Chine, qui ont \u00e9galement le soutien de l&rsquo;OTAN.<\/p>\n<p>Le sommet UE-Chine s&rsquo;est donc termin\u00e9 sans r\u00e9sultat tangible. Initialement pr\u00e9vu pour deux jours, il avait d\u00e9j\u00e0 \u00e9t\u00e9 \u00e9court\u00e9 \u00e0 un jour. Il n&rsquo;y a pas eu de d\u00e9claration finale commune. Seuls ont \u00e9t\u00e9 convenus un m\u00e9canisme de consultation en cas de retard de livraison de mati\u00e8res premi\u00e8res essentielles et un engagement non contraignant en mati\u00e8re de protection du climat.<\/p>\n<p>Les guerres commerciales et les guerres se font sur le dos de la classe ouvri\u00e8re qui en subit les cons\u00e9quences sous forme de ch\u00f4mage, de coupes dans les d\u00e9penses sociales et comme chair \u00e0 canon. Elle ne doit pas se laisser diviser ni instrumentaliser par l&rsquo;agitation nationaliste. Elle doit s&rsquo;unir internationalement et lutter pour le renversement du capitalisme. C&rsquo;est la seule fa\u00e7on de mettre les formidables avanc\u00e9es technologiques au service du progr\u00e8s social, au lieu qu\u2019elles soient transform\u00e9es en moyens de destruction.<\/p>\n","protected":false},"excerpt":{"rendered":"Pendant longtemps, on s&rsquo;attendait \u00e0 ce que la politique commerciale agressive des \u00c9tats-Unis rapproche les autres pays et&hellip;\n","protected":false},"author":2,"featured_media":276302,"comment_status":"","ping_status":"","sticky":false,"template":"","format":"standard","meta":{"footnotes":""},"categories":[1586],"tags":[11,1777,674,1779,1011,27,41572,12,25,41571,9965,1778,364,2544],"class_list":{"0":"post-276301","1":"post","2":"type-post","3":"status-publish","4":"format-standard","5":"has-post-thumbnail","7":"category-europe","8":"tag-actualites","9":"tag-eu","10":"tag-europe","11":"tag-european-union","12":"tag-fr","13":"tag-france","14":"tag-menace-de-guerre-commerciale","15":"tag-news","16":"tag-republique-francaise","17":"tag-sommet-ue-chine","18":"tag-tensions","19":"tag-ue","20":"tag-union-europeenne","21":"tag-ursula-von-der-leyen"},"share_on_mastodon":{"url":"https:\/\/pubeurope.com\/@fr\/114922354479526852","error":""},"_links":{"self":[{"href":"https:\/\/www.europesays.com\/fr\/wp-json\/wp\/v2\/posts\/276301","targetHints":{"allow":["GET"]}}],"collection":[{"href":"https:\/\/www.europesays.com\/fr\/wp-json\/wp\/v2\/posts"}],"about":[{"href":"https:\/\/www.europesays.com\/fr\/wp-json\/wp\/v2\/types\/post"}],"author":[{"embeddable":true,"href":"https:\/\/www.europesays.com\/fr\/wp-json\/wp\/v2\/users\/2"}],"replies":[{"embeddable":true,"href":"https:\/\/www.europesays.com\/fr\/wp-json\/wp\/v2\/comments?post=276301"}],"version-history":[{"count":0,"href":"https:\/\/www.europesays.com\/fr\/wp-json\/wp\/v2\/posts\/276301\/revisions"}],"wp:featuredmedia":[{"embeddable":true,"href":"https:\/\/www.europesays.com\/fr\/wp-json\/wp\/v2\/media\/276302"}],"wp:attachment":[{"href":"https:\/\/www.europesays.com\/fr\/wp-json\/wp\/v2\/media?parent=276301"}],"wp:term":[{"taxonomy":"category","embeddable":true,"href":"https:\/\/www.europesays.com\/fr\/wp-json\/wp\/v2\/categories?post=276301"},{"taxonomy":"post_tag","embeddable":true,"href":"https:\/\/www.europesays.com\/fr\/wp-json\/wp\/v2\/tags?post=276301"}],"curies":[{"name":"wp","href":"https:\/\/api.w.org\/{rel}","templated":true}]}}