{"id":276310,"date":"2025-07-27T00:30:21","date_gmt":"2025-07-27T00:30:21","guid":{"rendered":"https:\/\/www.europesays.com\/fr\/276310\/"},"modified":"2025-07-27T00:30:21","modified_gmt":"2025-07-27T00:30:21","slug":"bru-soffre-un-ancien-du-stade-toulousain-pour-renforcer-son-staff","status":"publish","type":"post","link":"https:\/\/www.europesays.com\/fr\/276310\/","title":{"rendered":"Bru s\u2019offre un ancien du Stade Toulousain pour renforcer son staff"},"content":{"rendered":"<p>L\u2019Union Bordeaux-B\u00e8gles continue de s\u2019\u00e9toffer. Ces derni\u00e8res ann\u00e9es, le club girondin a connu une progression spectaculaire. Apr\u00e8s deux d\u00e9faites en finale du Top 14, les hommes de Yannick Bru se sont install\u00e9s au sommet du rugby fran\u00e7ais et europ\u00e9en, remportant la saison pass\u00e9e la Champions Cup.<\/p>\n<p>Un nouveau directeur analyste vid\u00e9o et data<\/p>\n<p>Bien d\u00e9cid\u00e9s \u00e0 conqu\u00e9rir leur premier Brennus, les co\u00e9quipiers de Louis Bielle-Biarrey partiront \u00e0 la poursuite du Stade Toulousain. Cette semaine, <a href=\"https:\/\/www.ubbrugby.com\/equipes\/equipe-premiere\/effectif\/s105-julien-bares.html\" rel=\"nofollow noopener\" target=\"_blank\">l\u2019UBB a officialis\u00e9 l\u2019arriv\u00e9e<\/a> d\u2019un nouveau membre dans le staff, en la personne de Julien Bar\u00e8s.<\/p>\n<p>Ce dernier a \u00e9t\u00e9 nomm\u00e9 directeur analyste vid\u00e9o et data. Il s\u2019agit d\u2019une vieille connaissance pour Yannick Bru, qui avait travaill\u00e9 pendant de longues ann\u00e9es \u00e0 ses c\u00f4t\u00e9s lorsqu\u2019il \u00e9tait dans le staff du Stade Toulousain. Parti du club rouge et noir en 2022, Bar\u00e8s va retrouver une formation de Top 14.<\/p>\n<p>Partagez cette info avec vos amis et vos proches en cliquant ici<br \/>Pour r\u00e9sumer<\/p>\n<p>L\u2019Union Bordeaux-B\u00e8gles a renforc\u00e9 son staff avec la venue d\u2019un analyste vid\u00e9o et data, pass\u00e9 par le Stade Toulousain. Julien Bar\u00e8s conna\u00eet bien Yannick Bru pour avoir travaill\u00e9 \u00e0 ses c\u00f4t\u00e9s lorsqu&rsquo;il \u00e9tait dans le staff rouge et noir.<\/p>\n<p> <img decoding=\"async\" width=\"76\" height=\"76\" loading=\"lazy\" src=\"https:\/\/www.europesays.com\/fr\/wp-content\/uploads\/2025\/04\/avatar-quinze.png\" alt=\"Arnaud D\u00e9chelotte\"\/><\/p>\n","protected":false},"excerpt":{"rendered":"L\u2019Union Bordeaux-B\u00e8gles continue de s\u2019\u00e9toffer. Ces derni\u00e8res ann\u00e9es, le club girondin a connu une progression spectaculaire. Apr\u00e8s deux&hellip;\n","protected":false},"author":2,"featured_media":276311,"comment_status":"","ping_status":"","sticky":false,"template":"","format":"standard","meta":{"footnotes":""},"categories":[1416],"tags":[1011,27,479,1468,60],"class_list":{"0":"post-276310","1":"post","2":"type-post","3":"status-publish","4":"format-standard","5":"has-post-thumbnail","7":"category-rugby","8":"tag-fr","9":"tag-france","10":"tag-rugby","11":"tag-rugby-football","12":"tag-sports"},"share_on_mastodon":{"url":"https:\/\/pubeurope.com\/@fr\/114922377959295148","error":""},"_links":{"self":[{"href":"https:\/\/www.europesays.com\/fr\/wp-json\/wp\/v2\/posts\/276310","targetHints":{"allow":["GET"]}}],"collection":[{"href":"https:\/\/www.europesays.com\/fr\/wp-json\/wp\/v2\/posts"}],"about":[{"href":"https:\/\/www.europesays.com\/fr\/wp-json\/wp\/v2\/types\/post"}],"author":[{"embeddable":true,"href":"https:\/\/www.europesays.com\/fr\/wp-json\/wp\/v2\/users\/2"}],"replies":[{"embeddable":true,"href":"https:\/\/www.europesays.com\/fr\/wp-json\/wp\/v2\/comments?post=276310"}],"version-history":[{"count":0,"href":"https:\/\/www.europesays.com\/fr\/wp-json\/wp\/v2\/posts\/276310\/revisions"}],"wp:featuredmedia":[{"embeddable":true,"href":"https:\/\/www.europesays.com\/fr\/wp-json\/wp\/v2\/media\/276311"}],"wp:attachment":[{"href":"https:\/\/www.europesays.com\/fr\/wp-json\/wp\/v2\/media?parent=276310"}],"wp:term":[{"taxonomy":"category","embeddable":true,"href":"https:\/\/www.europesays.com\/fr\/wp-json\/wp\/v2\/categories?post=276310"},{"taxonomy":"post_tag","embeddable":true,"href":"https:\/\/www.europesays.com\/fr\/wp-json\/wp\/v2\/tags?post=276310"}],"curies":[{"name":"wp","href":"https:\/\/api.w.org\/{rel}","templated":true}]}}