{"id":276346,"date":"2025-07-27T00:55:12","date_gmt":"2025-07-27T00:55:12","guid":{"rendered":"https:\/\/www.europesays.com\/fr\/276346\/"},"modified":"2025-07-27T00:55:12","modified_gmt":"2025-07-27T00:55:12","slug":"le-tableau-des-transferts-de-las-nancy-lorraine-et-des-equipes-de-ligue-2","status":"publish","type":"post","link":"https:\/\/www.europesays.com\/fr\/276346\/","title":{"rendered":"le tableau des transferts de l&rsquo;AS Nancy Lorraine et des \u00e9quipes de Ligue 2"},"content":{"rendered":"<p>AC Ajaccio (*)<\/p>\n<p>Entra\u00eeneur : Thierry Deb\u00e8s<\/p>\n<p><strong>D\u00e9parts :<\/strong> Jacob Valentin (fc, sans club), Thomas Mangani (fc, sans club), Michel Mathieu (fc, Montpellier), Stephen Quemper (fc, sans club), Moussa Soumano (NAC Breda, HOL), Yoann Touzghar (arr\u00eat).<\/p>\n<p><strong>Arriv\u00e9es :<\/strong> Michel Mathieu (rp, Valenciennes).<\/p>\n<p>(*) sous r\u00e9serves des proc\u00e9dures en cours<\/p>\n<p>Amiens<\/p>\n<p>Entra\u00eeneur\u00a0: Omar Daf<\/p>\n<p><strong>D\u00e9parts :<\/strong> Abdelhamid A\u00eft-Boudlal (rp, Rennes), Abdourahmane Barry (fc), S\u00e9bastien Corchia (fc, Cannes), R\u00e9gis Gurtner (fc, Lens), Mohamed Jaouab (rp, Rennes), Malick Mbaye (rp, Metz), Joan Tincres (rp, Monaco B), R\u00e9my Vita (rp, Fortuna Sittard, HOL).<\/p>\n<p><strong>Arriv\u00e9es :<\/strong> Teddy Averlant (Boulogne\/Mer), Yvan Ikia Dimi (rp, Bordeaux), Mathis Touho (rp, Foggia, ITA).<\/p>\n<p>Annecy<\/p>\n<p>Entra\u00eeneur\u00a0: Laurent Guyot<\/p>\n<p><strong>D\u00e9parts :<\/strong> Sidi Bane (rp, Lens), Anthony Bermont (rp, Lens B), Karim Ciss\u00e9 (rp, Saint-Etienne), Trevis Dago (rp, Lille), Yohan Demoncy (fc, Reims), Pierre-Ismaelo Ganiou (rp, Padoue, ITA), Hamjatou Soukouna (fc).<\/p>\n<p><strong>Arriv\u00e9es :<\/strong> Abdel Hbouch (Boulogne\/Mer, fc), C\u00e9dric Makutungu (Dijon), Samuel Ntamack (rp, Lokeren, BEL), Thibault Rambaud (Boulogne\/Mer, fc).<\/p>\n<p>Ce contenu est bloqu\u00e9 car vous n&rsquo;avez pas accept\u00e9 les cookies et autres traceurs.<\/p>\n<p>En cliquant sur \u00ab J\u2019accepte \u00bb, les cookies et autres traceurs seront d\u00e9pos\u00e9s et vous pourrez visualiser les contenus  (<a href=\"\" class=\"consentModule_policy\" target=\"_blank\" title=\"Consulter la politique de protection des donn\u00e9es du fournisseur\">plus d&rsquo;informations<\/a>).<\/p>\n<p>En cliquant sur \u00ab J\u2019accepte tous les cookies \u00bb, vous autorisez des d\u00e9p\u00f4ts de cookies et autres traceurs pour le stockage de vos donn\u00e9es sur nos sites et applications \u00e0 des fins de personnalisation et de ciblage publicitaire.<\/p>\n<p class=\"consentModule_secondaryText\">Vous gardez la possibilit\u00e9 de retirer votre consentement \u00e0 tout moment en consultant notre <a href=\"https:\/\/www.estrepublicain.fr\/protection-des-donnees\" target=\"_blank\" title=\"Consulter notre politique de protection des donn\u00e9es\" rel=\"noopener\">politique de protection des donn\u00e9es<\/a>. <br \/>&#13;<br \/>\n            <a href=\"https:\/\/www.estrepublicain.fr\/sport\/2025\/07\/24\/javascript:Didomi.notice.show()\" class=\"consentModule_cmp\" target=\"_blank\" rel=\"noopener\">G\u00e9rer mes choix<\/a>&#13;\n        <\/p>\n<p>&#13;<br \/>\n                        J&rsquo;accepte&#13;<br \/>\n            J&rsquo;accepte tous les cookies&#13;\n        <\/p>\n<p>\t<img class=\"placeholder-svg\" loading=\"lazy\" decoding=\"async\" src=\"https:\/\/cdn-files.prsmedia.fr\/files\/REDAC\/images\/svg\/placeholders\/twitter-X.svg\" alt=\"Twitter PlaceHolder\"\/><\/p>\n<p>Bastia<\/p>\n<p>Entra\u00eeneur \u00a0: Beno\u00eet Tavenot<\/p>\n<p><strong>D\u00e9parts :<\/strong> Ayman Aiki (rp, Saint-Etienne), Julien Maggiotti (fc, Laval), Yllan Okou (fc), Cl\u00e9ment Rodrigues (p, Orl\u00e9ans), Dylan Tavares (fc, Sochaux).<\/p>\n<p><strong>Arriv\u00e9es :<\/strong> Juan Guevara (Fortaleza Bogota, COL, poa), Issiaka Karamoko (Paris 13 Atletico, fc), Matteo Loubatti\u00e8res (Istres, rp), Illan Okou (fc), Lisandru Olmeta (Lille, p), Cl\u00e9ment Rodrigues (rp, Barnsley, ANG), J\u00e9r\u00e9my Sebas (Strasbourg, td).<\/p>\n<p>Clermont<\/p>\n<p>Entra\u00eeneur\u00a0: S\u00e9bastien Mazeyrat<\/p>\n<p><strong>D\u00e9parts :<\/strong> Yoel Armougom (fc, Panserra\u00efkos, GRE), Mehdi Baaloudj (fc, Rodez), Mons Bassouamina (Pafos, CHY), Tidyane Diagouraga (fc), Ba\u00efla Diallo (fc, Grenade, ESP), Mory Diaw (Le Havre), Ouparine Djoco (fc), Yoan Kor\u00e9 (rp, Paris FC), Yohann Magnin (fc), Ibrahim Outtara (td, Austria Lustenau, AUT), Giovani Versini (fc, Pau).<\/p>\n<p><strong>Arriv\u00e9es :<\/strong> Kenji-Van Boto (Pau, fc), Max Caufriez (RB Salzbourg, rp), Mory Diaw (Rodez, rp), Ouparine Djoco (Bergerac, rp), Adrien Hunou (Angers, fc), Andy Pelmard (rp, Las Palmas, ESP), Lo\u00efc Socka Bongue (rp, Ch\u00e2teauroux).<\/p>\n<p>Ce contenu est bloqu\u00e9 car vous n&rsquo;avez pas accept\u00e9 les cookies et autres traceurs.<\/p>\n<p>En cliquant sur \u00ab J\u2019accepte \u00bb, les cookies et autres traceurs seront d\u00e9pos\u00e9s et vous pourrez visualiser les contenus  (<a href=\"\" class=\"consentModule_policy\" target=\"_blank\" title=\"Consulter la politique de protection des donn\u00e9es du fournisseur\">plus d&rsquo;informations<\/a>).<\/p>\n<p>En cliquant sur \u00ab J\u2019accepte tous les cookies \u00bb, vous autorisez des d\u00e9p\u00f4ts de cookies et autres traceurs pour le stockage de vos donn\u00e9es sur nos sites et applications \u00e0 des fins de personnalisation et de ciblage publicitaire.<\/p>\n<p class=\"consentModule_secondaryText\">Vous gardez la possibilit\u00e9 de retirer votre consentement \u00e0 tout moment en consultant notre <a href=\"https:\/\/www.estrepublicain.fr\/protection-des-donnees\" target=\"_blank\" title=\"Consulter notre politique de protection des donn\u00e9es\" rel=\"noopener\">politique de protection des donn\u00e9es<\/a>. <br \/>&#13;<br \/>\n            <a href=\"https:\/\/www.estrepublicain.fr\/sport\/2025\/07\/24\/javascript:Didomi.notice.show()\" class=\"consentModule_cmp\" target=\"_blank\" rel=\"noopener\">G\u00e9rer mes choix<\/a>&#13;\n        <\/p>\n<p>&#13;<br \/>\n                        J&rsquo;accepte&#13;<br \/>\n            J&rsquo;accepte tous les cookies&#13;\n        <\/p>\n<p>\t<img class=\"placeholder-svg\" loading=\"lazy\" decoding=\"async\" src=\"https:\/\/cdn-files.prsmedia.fr\/files\/REDAC\/images\/svg\/placeholders\/twitter-X.svg\" alt=\"Twitter PlaceHolder\"\/><\/p>\n<p>Dunkerque<\/p>\n<p>Entra\u00eeneur\u00a0:<\/p>\n<p><strong>D\u00e9parts :<\/strong> Yahya Al-Saad Muhannad (rp, Neom FC, ARS), Abdoullah Ba (rp, Sunderland, ANG, Yacine Bammou (fc, Union Touarga, MAR), Ga\u00ebtan Courtet (fc, Valenciennes), Nehemiah Fernandez Veliz (fc, Nancy), Nurio Fortuna (rp, La Gantoise, BEL), Ewen Jouen (rp, Reims), Ibrahim Kone (fc, Boulogne\/Mer), Ugo Raghouber (rp, Lille), Maxence Rivera (Heerenveen, HOL), Junior Senneville Christian (fc, Calais), Bendjaloud Youssouf (fc, Sochaux), Alexi Pitu.<\/p>\n<p><strong>Arriv\u00e9es :<\/strong> Pape Daouda Diong (p, Strasbourg), Mathys Niflore (p, Toulouse), Aristide Zossou (p, Auxerre).<\/p>\n<p>Grenoble<\/p>\n<p>Entra\u00eeneur\u00a0: Franck Rizzetto<\/p>\n<p><strong>D\u00e9parts :<\/strong> Mamadou Diarra (fc), Nolan Mbemba (fc), Arial Mendy (fc\u00a0; Beitar Jerusalem, ISR), Loic Nestor (arr\u00eat), Dante Rigo (fc), Saiko Touray (fc).<\/p>\n<p>Premiers contrats pro :<\/p>\n<p><strong>Arriv\u00e9es :<\/strong> Mamady Bangr\u00e9 (rp, Pau), Baptiste Isola (rp, Le Poir\u00e9-sur-Vie), Muzalimoja (fc, Rodez), Mathieu Mion (fc, Rouen), Baptiste Mouazan (fc, Concarneau), Lo\u00efc N&rsquo;Gatta Ange (fc, Auxerre).<\/p>\n<p>Ce contenu est bloqu\u00e9 car vous n&rsquo;avez pas accept\u00e9 les cookies et autres traceurs.<\/p>\n<p>En cliquant sur \u00ab J\u2019accepte \u00bb, les cookies et autres traceurs seront d\u00e9pos\u00e9s et vous pourrez visualiser les contenus  (<a href=\"\" class=\"consentModule_policy\" target=\"_blank\" title=\"Consulter la politique de protection des donn\u00e9es du fournisseur\">plus d&rsquo;informations<\/a>).<\/p>\n<p>En cliquant sur \u00ab J\u2019accepte tous les cookies \u00bb, vous autorisez des d\u00e9p\u00f4ts de cookies et autres traceurs pour le stockage de vos donn\u00e9es sur nos sites et applications \u00e0 des fins de personnalisation et de ciblage publicitaire.<\/p>\n<p class=\"consentModule_secondaryText\">Vous gardez la possibilit\u00e9 de retirer votre consentement \u00e0 tout moment en consultant notre <a href=\"https:\/\/www.estrepublicain.fr\/protection-des-donnees\" target=\"_blank\" title=\"Consulter notre politique de protection des donn\u00e9es\" rel=\"noopener\">politique de protection des donn\u00e9es<\/a>. <br \/>&#13;<br \/>\n            <a href=\"https:\/\/www.estrepublicain.fr\/sport\/2025\/07\/24\/javascript:Didomi.notice.show()\" class=\"consentModule_cmp\" target=\"_blank\" rel=\"noopener\">G\u00e9rer mes choix<\/a>&#13;\n        <\/p>\n<p>&#13;<br \/>\n                        J&rsquo;accepte&#13;<br \/>\n            J&rsquo;accepte tous les cookies&#13;\n        <\/p>\n<p>\t<img class=\"placeholder-svg\" loading=\"lazy\" decoding=\"async\" src=\"https:\/\/cdn-files.prsmedia.fr\/files\/REDAC\/images\/svg\/placeholders\/twitter-X.svg\" alt=\"Twitter PlaceHolder\"\/><\/p>\n<p>Guingamp<\/p>\n<p>Entra\u00eeneur\u00a0: Sylvain Ripoll<\/p>\n<p><strong>D\u00e9parts :<\/strong> Enzo Basilio (Nancy), Sabri Guendouz (fc\u00a0; Beerschot Anvers, BEL), Th\u00e9o Le Bris (rp, Lorient), Taylor Luvambo (fc, Le Mans), Lucas Maronnier (fc, Troyes), Armando Mendes Junior (Alverca, POR), Babacar Niasse Mbaye (fc, Difaa El Jadida, MAR), Matthis Riou (fc, La Louvi\u00e8re, BEL), Lenny Vallier (fc, Nacional Mad\u00e8re, POR). <\/p>\n<p><strong>Arriv\u00e9es :<\/strong> Brown Irabor (rp, Bourg-en-Bresse), Erwin Koffi (fc, Neftchi Bakou, AZE), J\u00e9r\u00e9mie Matumona (fc, Le Mans), Darly Nlandu (fc).<\/p>\n<p>Laval<\/p>\n<p>Entra\u00eeneur\u00a0: Olivier Frapolli<\/p>\n<p><strong>D\u00e9parts :<\/strong> Jordan Ad\u00e9oti (fc), Sirin\u00e9 Doucour\u00e9 (rp, Lorient), Anthony Goncalves (fc), Christ-Owen Kouassi (tr, Lecce, ITA), Amijhad Nazih (fc), Jimmy Roye (arr\u00eat), Edson Seidou (fc), Jordan Tell (fc).<\/p>\n<p><strong>Arriv\u00e9es :<\/strong> Th\u00e9o Chatelain (rp, Furiani Agliani), Matt\u00e9o Commaret (fc, Bourg-en-Bresse), Julien Maggiotti (fc, Bastia), Noa Mupemba (rp, Avranches), Cyril Mandouki.<\/p>\n<p>Le Mans<\/p>\n<p>Entra\u00eeneur\u00a0: Patrick Videira<\/p>\n<p><strong>D\u00e9parts :<\/strong> Za\u00efd Amir (fc), Gabon Bernardeau (fc, Nice), Vincent Burlet (rp, Lille B), Nathan Dekoke (fc, Villefranche\/Saone), Kembo Diliwidi (rp, Lens B), Zakary Lamgahez (HUS Agadir, MAR), J\u00e9r\u00e9mie Matumona (fc, Guingamp), Ali Ouchen (fc, Versailles), Adam Oudjani (fc), Arnold Vula (fc).<\/p>\n<p>Premiers contrats pro :<\/p>\n<p><strong>Arriv\u00e9es :<\/strong> Georges Malang (p, Nantes B), Taylor Luvambo (fc, Guingamp), Robin Milan (fc, Martigues), Jean Vercruysse (fc, Boulogne\/Mer).<\/p>\n<p>Montpellier<\/p>\n<p>Entra\u00eeneur\u00a0: Zoumana Camara<\/p>\n<p><strong>D\u00e9parts :<\/strong> Dimitry Bertaud (fc), Stefan Dzodic (fc, Almeria, ESP), Wahbi Kazri (fc), Othmane Maamma (Watford, ANG), Bamo Me\u00eft\u00e9 (rp, Marseille), Rabby Nzingoula (rp, Strasbourg), Issiaga Sylla (fc, Asteras Tripolis, GRE). <\/p>\n<p><strong>Arriv\u00e9es :<\/strong> Naoufel El Hannach (p, Paris SG B), Julien Laporte (fc, Lorient), Nathana\u00ebl Mbuku (poa, Augsbourg, ALL), Alexandre Mendy (Caen), Mathieu Michel (fc, Ajaccio), Victor Orakpo (p, Nice), Birama Tour\u00e9 (rp, Manisa FK, TUR).<\/p>\n<p>Ce contenu est bloqu\u00e9 car vous n&rsquo;avez pas accept\u00e9 les cookies et autres traceurs.<\/p>\n<p>En cliquant sur \u00ab J\u2019accepte \u00bb, les cookies et autres traceurs seront d\u00e9pos\u00e9s et vous pourrez visualiser les contenus  (<a href=\"\" class=\"consentModule_policy\" target=\"_blank\" title=\"Consulter la politique de protection des donn\u00e9es du fournisseur\">plus d&rsquo;informations<\/a>).<\/p>\n<p>En cliquant sur \u00ab J\u2019accepte tous les cookies \u00bb, vous autorisez des d\u00e9p\u00f4ts de cookies et autres traceurs pour le stockage de vos donn\u00e9es sur nos sites et applications \u00e0 des fins de personnalisation et de ciblage publicitaire.<\/p>\n<p class=\"consentModule_secondaryText\">Vous gardez la possibilit\u00e9 de retirer votre consentement \u00e0 tout moment en consultant notre <a href=\"https:\/\/www.estrepublicain.fr\/protection-des-donnees\" target=\"_blank\" title=\"Consulter notre politique de protection des donn\u00e9es\" rel=\"noopener\">politique de protection des donn\u00e9es<\/a>. <br \/>&#13;<br \/>\n            <a href=\"https:\/\/www.estrepublicain.fr\/sport\/2025\/07\/24\/javascript:Didomi.notice.show()\" class=\"consentModule_cmp\" target=\"_blank\" rel=\"noopener\">G\u00e9rer mes choix<\/a>&#13;\n        <\/p>\n<p>&#13;<br \/>\n                        J&rsquo;accepte&#13;<br \/>\n            J&rsquo;accepte tous les cookies&#13;\n        <\/p>\n<p>\t<img class=\"placeholder-svg\" loading=\"lazy\" decoding=\"async\" src=\"https:\/\/cdn-files.prsmedia.fr\/files\/REDAC\/images\/svg\/placeholders\/twitter-X.svg\" alt=\"Twitter PlaceHolder\"\/><\/p>\n<p>Nancy<\/p>\n<p>Entra\u00eeneur\u00a0: Pablo Correa<\/p>\n<p><strong>D\u00e9parts :<\/strong> Louis Carnot (fc), Simon Ebonog (rp, Le Havre), Marco Giagnorio (fc, Balagne), Benjamin Gomel (fc, Sochaux), Lucas Pellegrini (fc, Farul Costanta, ROU), Aliou Thiar\u00e9 (rp, Le Havre).<\/p>\n<p><strong>Arriv\u00e9es :<\/strong> Enzo Basilio (Guingamp), Nehemiah Fernandez Veliz (fc, Dunkerque), Patrick Ouotro (Strasbourg), Louis Carnot (rp, Andr\u00e9zieux).<\/p>\n<p>Ce contenu est bloqu\u00e9 car vous n&rsquo;avez pas accept\u00e9 les cookies et autres traceurs.<\/p>\n<p>En cliquant sur \u00ab J\u2019accepte \u00bb, les cookies et autres traceurs seront d\u00e9pos\u00e9s et vous pourrez visualiser les contenus  (<a href=\"\" class=\"consentModule_policy\" target=\"_blank\" title=\"Consulter la politique de protection des donn\u00e9es du fournisseur\">plus d&rsquo;informations<\/a>).<\/p>\n<p>En cliquant sur \u00ab J\u2019accepte tous les cookies \u00bb, vous autorisez des d\u00e9p\u00f4ts de cookies et autres traceurs pour le stockage de vos donn\u00e9es sur nos sites et applications \u00e0 des fins de personnalisation et de ciblage publicitaire.<\/p>\n<p class=\"consentModule_secondaryText\">Vous gardez la possibilit\u00e9 de retirer votre consentement \u00e0 tout moment en consultant notre <a href=\"https:\/\/www.estrepublicain.fr\/protection-des-donnees\" target=\"_blank\" title=\"Consulter notre politique de protection des donn\u00e9es\" rel=\"noopener\">politique de protection des donn\u00e9es<\/a>. <br \/>&#13;<br \/>\n            <a href=\"https:\/\/www.estrepublicain.fr\/sport\/2025\/07\/24\/javascript:Didomi.notice.show()\" class=\"consentModule_cmp\" target=\"_blank\" rel=\"noopener\">G\u00e9rer mes choix<\/a>&#13;\n        <\/p>\n<p>&#13;<br \/>\n                        J&rsquo;accepte&#13;<br \/>\n            J&rsquo;accepte tous les cookies&#13;\n        <\/p>\n<p>\t<img class=\"placeholder-svg\" loading=\"lazy\" decoding=\"async\" src=\"https:\/\/cdn-files.prsmedia.fr\/files\/REDAC\/images\/svg\/placeholders\/twitter-X.svg\" alt=\"Twitter PlaceHolder\"\/><\/p>\n<p>Pau<\/p>\n<p>Entra\u00eeneur\u00a0: Nicolas Usa\u00ef<\/p>\n<p><strong>D\u00e9parts :<\/strong> Mamady Bangr\u00e9 (rp, Grenoble), Kenji-Van Boto (fc, Clermont), Mehdi Chahiri (fc), Kandet Diawara (rp, Le Havre), Jean Lambert Evans (fc), Mehdi Jeannin (fc, Sochaux), Bingourou Kamara (fc), Xavier Laglais Kouassi (fc), Joseph-Romeric Lopy (fc), Njoh Yonis (tr, Viborg, DAN), Johann Obiang, Therence Koudou (tr, Malines, BEL).\u00a0<\/p>\n<p><strong>Arriv\u00e9es :<\/strong> Anthony Brian\u00e7on (fc, Saint-Etienne), Kyllian Gasnier (rp, Valenciennes), Neil Glossoa (fc, Auxerre), Setigui Karamoko (fc, Aubagne), Daylam Meddah (fc, Caen), Omar Sadik (p, Espanyol Barcelone, ESP), Esteban Salles (fc, Concarneau), Giovani Versini (fc, Clermont), Edhy Zuliani (p, Toulouse), Noah Raveyre (Milan AC, ITA).<\/p>\n<p>Ce contenu est bloqu\u00e9 car vous n&rsquo;avez pas accept\u00e9 les cookies et autres traceurs.<\/p>\n<p>En cliquant sur \u00ab J\u2019accepte \u00bb, les cookies et autres traceurs seront d\u00e9pos\u00e9s et vous pourrez visualiser les contenus  (<a href=\"\" class=\"consentModule_policy\" target=\"_blank\" title=\"Consulter la politique de protection des donn\u00e9es du fournisseur\">plus d&rsquo;informations<\/a>).<\/p>\n<p>En cliquant sur \u00ab J\u2019accepte tous les cookies \u00bb, vous autorisez des d\u00e9p\u00f4ts de cookies et autres traceurs pour le stockage de vos donn\u00e9es sur nos sites et applications \u00e0 des fins de personnalisation et de ciblage publicitaire.<\/p>\n<p class=\"consentModule_secondaryText\">Vous gardez la possibilit\u00e9 de retirer votre consentement \u00e0 tout moment en consultant notre <a href=\"https:\/\/www.estrepublicain.fr\/protection-des-donnees\" target=\"_blank\" title=\"Consulter notre politique de protection des donn\u00e9es\" rel=\"noopener\">politique de protection des donn\u00e9es<\/a>. <br \/>&#13;<br \/>\n            <a href=\"https:\/\/www.estrepublicain.fr\/sport\/2025\/07\/24\/javascript:Didomi.notice.show()\" class=\"consentModule_cmp\" target=\"_blank\" rel=\"noopener\">G\u00e9rer mes choix<\/a>&#13;\n        <\/p>\n<p>&#13;<br \/>\n                        J&rsquo;accepte&#13;<br \/>\n            J&rsquo;accepte tous les cookies&#13;\n        <\/p>\n<p>\t<img class=\"placeholder-svg\" loading=\"lazy\" decoding=\"async\" src=\"https:\/\/cdn-files.prsmedia.fr\/files\/REDAC\/images\/svg\/placeholders\/twitter-X.svg\" alt=\"Twitter PlaceHolder\"\/><\/p>\n<p>Red Star<\/p>\n<p>Entra\u00eeneur\u00a0: Gr\u00e9gory Poirier<\/p>\n<p><strong>D\u00e9parts :<\/strong> William Avognan Yapobi (fc), Aliou Badji (fc), Fred Dembi (fc, HUS Agadir, MAR), Fod\u00e9 Doucour\u00e9 (tr, Le Havre), Alioune Fall (fc), Merwane Ifnaoui (Troyes), Lo\u00efc Kouagba (fc), Hiang&rsquo;a Mbock (rp, Brest), Bissenty Mendy (fc), Blondon Meyapya (fc), Robin Risser (rp, Strasbourg), Ivann Botella (Caen).<\/p>\n<p><strong>Arriv\u00e9es :<\/strong> Achille Anani (rp, Villefranche), Ivann Botella (rp, La Louvi\u00e8re, BEL), Abdelsamad Hachem (fc, Paris 13 Atletico), Jovany Ikanga (rp, Dijon), Sa\u00eff-Eddine Khaoui (fc, Macarthur FC, AUS), Guillaume Trani (fc, Differdange, LUX), Dembo Sylla (p, Lorient).<\/p>\n<p>Reims<\/p>\n<p>Entra\u00eeneur\u00a0: Karel Geraerts<\/p>\n<p><strong>D\u00e9parts :<\/strong> Aur\u00e9lio Buta (rp, Eintracht Francfort, ALL), Ludovic Butelle (fc), Thibault De Smet (tr, Paris FC), Yehvann Diouf (tr, Nice), Fallou Fall (tr, Fredrikstad FK, NOR), C\u00e9dric Kipr\u00e9 (p, Ipswich, ANG), Amadou Kon\u00e9 (tr, Neom FC, ARS), Gabriel Moscardo (rp, Paris SG), Nhoa Sangui (tr, Paris FC). <\/p>\n<p><strong>Arriv\u00e9es :<\/strong> Adama Bojang (rp, Grasshopper Zurich, SUI), Maxime Busi (rp, NAC Breda, HOL), Maiky De la Cruz (rp, Marignane), Yohan Demoncy (fc, Annecy), Ewen Jaouen (rp, Dunkerque), Nicolas Pallois (fc, Nantes), Amine Salama (rp, Torino, ITA), Arthur Tchaptchet (rp, Concarneau). <\/p>\n<p>Ce contenu est bloqu\u00e9 car vous n&rsquo;avez pas accept\u00e9 les cookies et autres traceurs.<\/p>\n<p>En cliquant sur \u00ab J\u2019accepte \u00bb, les cookies et autres traceurs seront d\u00e9pos\u00e9s et vous pourrez visualiser les contenus  (<a href=\"\" class=\"consentModule_policy\" target=\"_blank\" title=\"Consulter la politique de protection des donn\u00e9es du fournisseur\">plus d&rsquo;informations<\/a>).<\/p>\n<p>En cliquant sur \u00ab J\u2019accepte tous les cookies \u00bb, vous autorisez des d\u00e9p\u00f4ts de cookies et autres traceurs pour le stockage de vos donn\u00e9es sur nos sites et applications \u00e0 des fins de personnalisation et de ciblage publicitaire.<\/p>\n<p class=\"consentModule_secondaryText\">Vous gardez la possibilit\u00e9 de retirer votre consentement \u00e0 tout moment en consultant notre <a href=\"https:\/\/www.estrepublicain.fr\/protection-des-donnees\" target=\"_blank\" title=\"Consulter notre politique de protection des donn\u00e9es\" rel=\"noopener\">politique de protection des donn\u00e9es<\/a>. <br \/>&#13;<br \/>\n            <a href=\"https:\/\/www.estrepublicain.fr\/sport\/2025\/07\/24\/javascript:Didomi.notice.show()\" class=\"consentModule_cmp\" target=\"_blank\" rel=\"noopener\">G\u00e9rer mes choix<\/a>&#13;\n        <\/p>\n<p>&#13;<br \/>\n                        J&rsquo;accepte&#13;<br \/>\n            J&rsquo;accepte tous les cookies&#13;\n        <\/p>\n<p>\t<img class=\"placeholder-svg\" loading=\"lazy\" decoding=\"async\" src=\"https:\/\/cdn-files.prsmedia.fr\/files\/REDAC\/images\/svg\/placeholders\/twitter-X.svg\" alt=\"Twitter PlaceHolder\"\/><\/p>\n<p>Rodez<\/p>\n<p>Entra\u00eeneur\u00a0: Didier Santini<\/p>\n<p><strong>D\u00e9parts :<\/strong> Hakim Abdel Abdallah (fc), Tawfik Bentayeb (rp, Union Touarga, MAR), Noah Cadiou (tr, Lorient), Joris Chougrani (arr\u00eat), S\u00e9bastien Cibois (fc, Portimonense SC, POR), Till Cissokho (rp, Estrela Amadora, POR), Mory, Diaw (rp, Clermont), Cheick Doumbia (p, Le Puy), Muzalimoja Mamba Stone (fc, Grenoble), Lionel Mpasi (fc), Ahmad Ngouyamsa (fc), Waniss Ta\u00efbi (tr, Hanovre, ALL), Eric Vandenabeele (fc).\u00a0 <\/p>\n<p><strong>Arriv\u00e9es :<\/strong> Mehdi Baaloudj (fc, Clermont), Quentin Braat (fc, Oviedo, ESP), Gr\u00e9gory Coelho (rp, Balagne), Cl\u00e9ment Jolibois (fc, Bourg-en-Bresse), Octave Joly (fc, Villefranche), Mathis Magnin (Etoile Carouge, SUI), Jordan Mendes Correia (Versailles), Ryan Ponti (fc, Orl\u00e9ans), Luzolo Vangi Vungele (fc, Metz).<\/p>\n<p>Saint-Etienne<\/p>\n<p>Entra\u00eeneur : Eirik Horneland<\/p>\n<p><strong>D\u00e9parts :<\/strong> Yunis Abdelhamid (fc, FAR Rabat, MAR), Mahmoud Bentayg (tr, Zamalek Le Caire, EGY), Darling Bladi, Anthony Brian\u00e7on (fc, Pau), Pierre Cornud (tr, Maccabi Ha\u00effa, ISR), Boubacar Fall (fc), Louis Mouton (fc, Angers), Marwann Nzuzi (fc), L\u00e9o P\u00e9trot (fc, Elche, ESP), Ibrahim Sissoko (fc, Bochum, ALL), Ibrahima Wadji (fc). \u00a0 <\/p>\n<p><strong>Arriv\u00e9es :<\/strong> Aiki Ayman (rp, Bastia), Maxime Bernauer (tr, Dinamo Zagreb), Darling Bladi (rp, Bourg-en-Bresse), Irvin Cardona (tr, Augsbourg), Karim Ciss\u00e9 (rp, Annecy), Pierre Ekwah (tr, Sunderland, ANG), Mahmoud Jaber (tr, Maccabi Ha\u00effa, ISR), Chico Lamba (tr, Arouca, POR), Jibril Othman (rp, Francs Borains, BEL), Beres Owusu (rp, QRM).<\/p>\n<p>Troyes<\/p>\n<p>Entra\u00eeneur\u00a0: St\u00e9phane Dumont<\/p>\n<p><strong>D\u00e9parts :<\/strong> Nicolads de Pr\u00e9ville (fc), Junior Diaz Michel (p, Brest), Kyliane Dong (fc, Augsbourg), Ryan Fage (fc), Amar Fatah (p, Dundee United, ECO), Cyriaque Iri\u00e9 (tr, Fribourg), Youssouf M&rsquo;Changama (fc), Houboulang Mendes (rp, Almeria, ESP), Metinho (FC B\u00e2le), Renaud Ripart (fc), Rafiki Sa\u00efd (tr, Standard de Li\u00e8ge, BEL), Mehdi Tahrat (fc).<\/p>\n<p><strong>Arriv\u00e9es :<\/strong> Andreas Bruus (rp, Aalborg, DAN), Noa Cervantes (rp, Paris 13 Atletico), Abdu Cont\u00e9 (rp, Young Boys Berne, SUI), Amar Fatah (rp, Willem II, HOL), Merwan Ifnaoui (Red Star), Hillel Konat\u00e9 (fc, Ch\u00e2teauroux), Yasser Larouci (rp, Watford, ANG), Lucas Maronnier (fc, Guingfamp), Metinho (rp, B\u00e2le), Niakat\u00e9 Ndiaye Abdoulaye (rp, Brest).\u00a0 <\/p>\n<p>Ce contenu est bloqu\u00e9 car vous n&rsquo;avez pas accept\u00e9 les cookies et autres traceurs.<\/p>\n<p>En cliquant sur \u00ab J\u2019accepte \u00bb, les cookies et autres traceurs seront d\u00e9pos\u00e9s et vous pourrez visualiser les contenus  (<a href=\"\" class=\"consentModule_policy\" target=\"_blank\" title=\"Consulter la politique de protection des donn\u00e9es du fournisseur\">plus d&rsquo;informations<\/a>).<\/p>\n<p>En cliquant sur \u00ab J\u2019accepte tous les cookies \u00bb, vous autorisez des d\u00e9p\u00f4ts de cookies et autres traceurs pour le stockage de vos donn\u00e9es sur nos sites et applications \u00e0 des fins de personnalisation et de ciblage publicitaire.<\/p>\n<p class=\"consentModule_secondaryText\">Vous gardez la possibilit\u00e9 de retirer votre consentement \u00e0 tout moment en consultant notre <a href=\"https:\/\/www.estrepublicain.fr\/protection-des-donnees\" target=\"_blank\" title=\"Consulter notre politique de protection des donn\u00e9es\" rel=\"noopener\">politique de protection des donn\u00e9es<\/a>. <br \/>&#13;<br \/>\n            <a href=\"https:\/\/www.estrepublicain.fr\/sport\/2025\/07\/24\/javascript:Didomi.notice.show()\" class=\"consentModule_cmp\" target=\"_blank\" rel=\"noopener\">G\u00e9rer mes choix<\/a>&#13;\n        <\/p>\n<p>&#13;<br \/>\n                        J&rsquo;accepte&#13;<br \/>\n            J&rsquo;accepte tous les cookies&#13;\n        <\/p>\n<p>\t<img class=\"placeholder-svg\" loading=\"lazy\" decoding=\"async\" src=\"https:\/\/cdn-files.prsmedia.fr\/files\/REDAC\/images\/svg\/placeholders\/twitter-X.svg\" alt=\"Twitter PlaceHolder\"\/><\/p>\n","protected":false},"excerpt":{"rendered":"AC Ajaccio (*) Entra\u00eeneur : Thierry Deb\u00e8s D\u00e9parts : Jacob Valentin (fc, sans club), Thomas Mangani (fc, sans&hellip;\n","protected":false},"author":2,"featured_media":276347,"comment_status":"","ping_status":"","sticky":false,"template":"","format":"standard","meta":{"footnotes":""},"categories":[9635],"tags":[1111,11,3703,3602,1704,1706,1705,10174,1777,674,107,1701,63,1011,27,775,1702,12,25,517,1700],"class_list":{"0":"post-276346","1":"post","2":"type-post","3":"status-publish","4":"format-standard","5":"has-post-thumbnail","7":"category-nancy","8":"tag-actu","9":"tag-actualites","10":"tag-asnl","11":"tag-edition-bar-le-duc","12":"tag-edition-nancy-et-agglomeration","13":"tag-edition-pont-a-mousson","14":"tag-edition-toul","15":"tag-edition-verdun","16":"tag-eu","17":"tag-europe","18":"tag-fil-info","19":"tag-fil-info-sport","20":"tag-football","21":"tag-fr","22":"tag-france","23":"tag-grand-est","24":"tag-nancy","25":"tag-news","26":"tag-republique-francaise","27":"tag-sport","28":"tag-sport-lorrain"},"share_on_mastodon":{"url":"https:\/\/pubeurope.com\/@fr\/114922476342187844","error":""},"_links":{"self":[{"href":"https:\/\/www.europesays.com\/fr\/wp-json\/wp\/v2\/posts\/276346","targetHints":{"allow":["GET"]}}],"collection":[{"href":"https:\/\/www.europesays.com\/fr\/wp-json\/wp\/v2\/posts"}],"about":[{"href":"https:\/\/www.europesays.com\/fr\/wp-json\/wp\/v2\/types\/post"}],"author":[{"embeddable":true,"href":"https:\/\/www.europesays.com\/fr\/wp-json\/wp\/v2\/users\/2"}],"replies":[{"embeddable":true,"href":"https:\/\/www.europesays.com\/fr\/wp-json\/wp\/v2\/comments?post=276346"}],"version-history":[{"count":0,"href":"https:\/\/www.europesays.com\/fr\/wp-json\/wp\/v2\/posts\/276346\/revisions"}],"wp:featuredmedia":[{"embeddable":true,"href":"https:\/\/www.europesays.com\/fr\/wp-json\/wp\/v2\/media\/276347"}],"wp:attachment":[{"href":"https:\/\/www.europesays.com\/fr\/wp-json\/wp\/v2\/media?parent=276346"}],"wp:term":[{"taxonomy":"category","embeddable":true,"href":"https:\/\/www.europesays.com\/fr\/wp-json\/wp\/v2\/categories?post=276346"},{"taxonomy":"post_tag","embeddable":true,"href":"https:\/\/www.europesays.com\/fr\/wp-json\/wp\/v2\/tags?post=276346"}],"curies":[{"name":"wp","href":"https:\/\/api.w.org\/{rel}","templated":true}]}}