{"id":276348,"date":"2025-07-27T00:57:20","date_gmt":"2025-07-27T00:57:20","guid":{"rendered":"https:\/\/www.europesays.com\/fr\/276348\/"},"modified":"2025-07-27T00:57:20","modified_gmt":"2025-07-27T00:57:20","slug":"agriculture-odeurs-insectes-predateurs-des-alternatives-aux-neonicotinoides-existent","status":"publish","type":"post","link":"https:\/\/www.europesays.com\/fr\/276348\/","title":{"rendered":"Agriculture. Odeurs, insectes pr\u00e9dateurs&#8230; des alternatives aux n\u00e9onicotino\u00efdes existent"},"content":{"rendered":"<p>La jaunisse fait craindre une nouvelle ann\u00e9e noire aux producteurs de betteraves. Ceux-ci ont encore en m\u00e9moire la <strong>\u00ab\u00a0crise s\u00e9v\u00e8re de la jaunisse de 2020\u00a0\u00bb<\/strong> qui s\u2019\u00e9tait traduite par une<strong> \u00ab\u00a0perte de 30\u00a0% de la r\u00e9colte nationale, soit 280\u00a0million d\u2019euros, et jusqu\u2019\u00e0 70\u00a0% du rendement dans certaines r\u00e9gions\u00a0\u00bb.<\/strong>\u00a0<a href=\"https:\/\/rennes.maville.com\/actu\/actudet_-les-betteraviers-denoncent-une-surtransposition-_54135-6627523_actu.Htm\" target=\"_blank\" rel=\"noopener\">La conf\u00e9d\u00e9ration des planteurs de betterave fran\u00e7ais (CGB)<\/a> a rappel\u00e9 ces chiffres dans un communiqu\u00e9 diffus\u00e9 il y a dix jours.<\/p>\n<p>Depuis d\u00e9but juillet, la jaunisse virale touche \u00e0 nouveau les r\u00e9gions betteravi\u00e8res en \u00cele-de-France, Champagne, Haute-Normandie, Centre-Val de Loire. Les mesures prophylactiques et les <strong>\u00ab\u00a0traitements insecticides <\/strong>(flonicamide et spirot\u00e9tramate)<strong> n\u2019ont pas permis d\u2019endiguer les infestations de pucerons\u00a0\u00bb,<\/strong> indiquent les professionnels.<\/p>\n<p>\u00ab\u00a0Impasse technique\u00a0\u00bb<\/p>\n<p>La d\u00e9monstration, selon eux, que les travaux conduits depuis 2021 avec l\u2019Inrae (Institut national pour l\u2019agriculture, l\u2019alimentation et l\u2019environnement) <strong>\u00ab\u00a0n\u2019ont pas encore permis de mettre au point des alternatives efficaces aux n\u00e9onicotino\u00efdes\u00a0\u00bb. <\/strong>Cette <strong>\u00ab\u00a0impasse technique\u00a0\u00bb<\/strong> leur fait craindre le pire.<\/p>\n<p>C\u2019est pourquoi, ils esp\u00e8rent voir appliqu\u00e9e <a href=\"https:\/\/rennes.maville.com\/actu\/actudet_-loi-duplomb-le-conseil-constitutionnel-devrait-trancher-a-priori-le-7-aout-_54135-6913529_actu.Htm\" target=\"_self\" rel=\"noopener\">la loi Duplomb<\/a>, qui vise \u00e0 lever les contraintes \u00e0 l\u2019exercice de l\u2019activit\u00e9 agricole. Le texte adopt\u00e9 le 8\u00a0juillet pr\u00e9voit de r\u00e9introduire, \u00e0 titre d\u00e9rogatoire, l\u2019usage de l\u2019ac\u00e9tamipride, un insecticide interdit depuis 2018 en France, mais autoris\u00e9 dans le reste de l\u2019Union europ\u00e9enne. C\u2019est pr\u00e9cis\u00e9ment le sujet qui f\u00e2che. <a href=\"https:\/\/rennes.maville.com\/actu\/actudet_-temoignages.-un-espoir-ils-expliquent-pourquoi-ils-ont-signe-la-petition-contre-la-loi-duplomb-_54135-6908420_actu.Htm\" target=\"_self\" rel=\"noopener\">La p\u00e9tition demandant l\u2019abrogation de la loi Duplomb<\/a> est en passe de d\u00e9passer les deux millions de signatures.<\/p>\n<p>Pour r\u00e9pondre \u00e0 la col\u00e8re, Gabriel Attal, chef de file des d\u00e9put\u00e9s macronistes et la ministre de la Transition \u00e9cologique Agn\u00e8s Pannier-Runacher, ont annonc\u00e9 vouloir saisir l\u2019Anses sur ces questions. Or, l\u2019agence sanitaire a d\u00e9j\u00e0 \u00e9t\u00e9 saisie \u00e0 deux reprises sur le sujet, et publi\u00e9 deux volumineux rapports en 2018 puis en 2021, le second portant pr\u00e9cis\u00e9ment sur \u00ab\u00a0les alternatives aux n\u00e9onicotino\u00efdes pour lutter contre la jaunisse dans les cultures de betteraves\u00a0\u00bb.<\/p>\n<p>Odeurs r\u00e9pulsives et insectes pr\u00e9dateurs<\/p>\n<p><strong>\u00ab\u00a0Et oui, ces alternatives existent\u00a0\u00bb,<\/strong> souligne Philippe Grandcolas, directeur de recherche au CNRS. Elles s\u2019appuient notamment sur <strong>\u00ab\u00a0l\u2019usage de substances r\u00e9pulsives\u00a0\u00bb,<\/strong> \u00e0 l\u2019image des parfums con\u00e7us par l\u2019entreprise <a href=\"https:\/\/rennes.maville.com\/actu\/actudet_-agriculture.-parfumer-les-champs-a-la-place-des-pesticides-_52674-6202156_actu.Htm\" target=\"_blank\" rel=\"noopener\">Agriodor \u00e0 Rennes,<\/a>\u00a0<strong>\u00ab\u00a0sur le m\u00e9lange de plantes compagnes avec les betteraves\u00a0\u00bb<\/strong> ou encore <strong>\u00ab\u00a0le recours aux chrysopes\u00a0\u00bb,<\/strong> ces insectes pr\u00e9dateurs des pucerons.<\/p>\n<p><strong>\u00ab\u00a0Mais cela suppose d\u2019aider les producteurs d\u00e9sireux de s\u2019engager dans ces alternatives\u00a0\u00bb,<\/strong> sugg\u00e8re le chercheur, qui n\u2019a de cesse de d\u00e9noncer la dangerosit\u00e9 de l\u2019ac\u00e9tamipride. <strong>\u00ab\u00a0Et pas seulement pour les abeilles\u00a0! Des \u00e9tudes montrent que ce neurotoxique est capable de traverser la barri\u00e8re placentaire. Il est aussi tr\u00e8s soluble dans l\u2019eau et on en a m\u00eame retrouv\u00e9 dans l\u2019eau de pluie au Japon.\u00a0\u00bb<\/strong><\/p>\n<p>\u00a0<\/p>\n","protected":false},"excerpt":{"rendered":"La jaunisse fait craindre une nouvelle ann\u00e9e noire aux producteurs de betteraves. Ceux-ci ont encore en m\u00e9moire la&hellip;\n","protected":false},"author":2,"featured_media":276349,"comment_status":"","ping_status":"","sticky":false,"template":"","format":"standard","meta":{"footnotes":""},"categories":[9619],"tags":[1111,11,327,1132,1777,674,41575,1011,27,24925,25756,12,38803,41574,882,25,2310],"class_list":{"0":"post-276348","1":"post","2":"type-post","3":"status-publish","4":"format-standard","5":"has-post-thumbnail","7":"category-toulon","8":"tag-actu","9":"tag-actualites","10":"tag-agriculture","11":"tag-alternatives","12":"tag-eu","13":"tag-europe","14":"tag-existent","15":"tag-fr","16":"tag-france","17":"tag-insectes","18":"tag-neonicotinoides","19":"tag-news","20":"tag-odeurs","21":"tag-predateurs","22":"tag-provence-alpes-cote-dazur","23":"tag-republique-francaise","24":"tag-toulon"},"share_on_mastodon":{"url":"https:\/\/pubeurope.com\/@fr\/114922484055360972","error":""},"_links":{"self":[{"href":"https:\/\/www.europesays.com\/fr\/wp-json\/wp\/v2\/posts\/276348","targetHints":{"allow":["GET"]}}],"collection":[{"href":"https:\/\/www.europesays.com\/fr\/wp-json\/wp\/v2\/posts"}],"about":[{"href":"https:\/\/www.europesays.com\/fr\/wp-json\/wp\/v2\/types\/post"}],"author":[{"embeddable":true,"href":"https:\/\/www.europesays.com\/fr\/wp-json\/wp\/v2\/users\/2"}],"replies":[{"embeddable":true,"href":"https:\/\/www.europesays.com\/fr\/wp-json\/wp\/v2\/comments?post=276348"}],"version-history":[{"count":0,"href":"https:\/\/www.europesays.com\/fr\/wp-json\/wp\/v2\/posts\/276348\/revisions"}],"wp:featuredmedia":[{"embeddable":true,"href":"https:\/\/www.europesays.com\/fr\/wp-json\/wp\/v2\/media\/276349"}],"wp:attachment":[{"href":"https:\/\/www.europesays.com\/fr\/wp-json\/wp\/v2\/media?parent=276348"}],"wp:term":[{"taxonomy":"category","embeddable":true,"href":"https:\/\/www.europesays.com\/fr\/wp-json\/wp\/v2\/categories?post=276348"},{"taxonomy":"post_tag","embeddable":true,"href":"https:\/\/www.europesays.com\/fr\/wp-json\/wp\/v2\/tags?post=276348"}],"curies":[{"name":"wp","href":"https:\/\/api.w.org\/{rel}","templated":true}]}}