{"id":276361,"date":"2025-07-27T01:09:11","date_gmt":"2025-07-27T01:09:11","guid":{"rendered":"https:\/\/www.europesays.com\/fr\/276361\/"},"modified":"2025-07-27T01:09:11","modified_gmt":"2025-07-27T01:09:11","slug":"oscar-peterson-est-lun-des-premiers-que-jai-decouverts-avec-duke-ellington-art-tatum-et-erroll-garner-on-a-rencontre-le-genie-americain-du-piano-sullivan-fortner-au-nice-jazz-fe-2","status":"publish","type":"post","link":"https:\/\/www.europesays.com\/fr\/276361\/","title":{"rendered":"\u00ab\u00a0Oscar Peterson est l\u2019un des premiers que j\u2019ai d\u00e9couverts, avec Duke Ellington, Art Tatum et Erroll Garner\u00a0\u00bb: on a rencontr\u00e9 le g\u00e9nie am\u00e9ricain du piano Sullivan Fortner au Nice Jazz Fest"},"content":{"rendered":"<p>On dit que les Am\u00e9ricains sont les champions du small talk, capables de montrer un enthousiasme d\u00e9bordant pour des \u00e9changes insignifiants et d\u2019afficher un sourire XXL m\u00eame quand l\u2019arri\u00e8re-cour est moins reluisante. Sullivan Fortner, lui, n\u2019a pas fait semblant. Jeudi apr\u00e8s-midi, quand on lui a demand\u00e9 comment \u00e7a allait, le pianiste n\u00e9 \u00e0 La Nouvelle-Orl\u00e9ans a r\u00e9pliqu\u00e9: \u00ab\u00a0Fatigu\u00e9, mec&#8230; Depuis le 27 juin, j\u2019ai encha\u00een\u00e9 avec trois groupes diff\u00e9rents, trois partitions \u00e0 apprendre et encore deux autres quand j\u2019aurai fini cette tourn\u00e9e. Donc, ouais, je suis tr\u00e8s fatigu\u00e9 de la musique en ce moment\u00a0\u00bb, avouait-il, avant d\u2019\u00e9clater de rire.<\/p>\n<p>On pouvait parier que quelques heures plus tard, le public du Nice Jazz Fest n\u2019y a vu que du feu. Avec son trio, compos\u00e9 du bassiste Tyrone Allen et du batteur Kayvon Gordon, il a r\u00e9gal\u00e9 les puristes, avant de remettre le couvert le lendemain, pour un hommage \u00e0 Oscar Peterson, monument du piano disparu en 2007.<\/p>\n<p>\u00e0 38 ans, Sullivan Fortner est plus qu\u2019une valeur s\u00fbre. Partenaire remarqu\u00e9 du regrett\u00e9 Roy Hargrove, de Theo Croker, de C\u00e9cile McLorin Salvant (avec laquelle il a remport\u00e9 son premier Grammy Award en 2019 pour l\u2019album The Window) ou plus r\u00e9cemment de Samara Joy (chanteuse avec laquelle il a remport\u00e9 le Grammy de la meilleure performance jazz pour le titre Twinkle Twinkle Little Me, en f\u00e9vrier), il brille aussi en tant que leader. Son dernier disque, Southern Nights, lui a d\u2019ailleurs valu une nouvelle salve de louanges.<\/p>\n<p><strong>Southern Nights a \u00e9t\u00e9 enregistr\u00e9 avec beaucoup de spontan\u00e9it\u00e9&#8230;<\/strong><\/p>\n<p>Oui, il a \u00e9t\u00e9 enregistr\u00e9 en une seule journ\u00e9e, en l\u2019espace de quatre heures. C\u2019\u00e9tait au milieu d\u2019une semaine qu\u2019on a pass\u00e9e au Village Vanguard, \u00e0 New York. On a capt\u00e9 notre set, et voil\u00e0. En fait, ce n\u2019\u00e9tait pas cens\u00e9 donner un album. C\u2019est ma compagne qui m\u2019a dit qu\u2019on ferait bien de sortir \u00e7a. Elle est souvent de tr\u00e8s bon conseil!<\/p>\n<p><strong>Vous aimez ce genre d\u2019\u00e9nergie?<\/strong><\/p>\n<p>Oui, parce que c\u2019est dans l\u2019esprit d\u2019une premi\u00e8re fois. Votre premi\u00e8re petite copine, votre premier t\u00e9l\u00e9phone ou la premi\u00e8re fois que vous pr\u00e9parez un plat, c\u2019est toujours quelque chose de m\u00e9morable, que ce soit en bien ou en mal.<\/p>\n<p><strong>Vous souvenez de la premi\u00e8re fois o\u00f9 on vous a pay\u00e9 pour jouer?<\/strong><\/p>\n<p>Bien s\u00fbr. J\u2019\u00e9tais en troisi\u00e8me, c\u2019\u00e9tait un concert pour lever des fonds en faveur de notre \u00e9cole, le New Orleans Center for Creative Arts. J\u2019avais appris que je devais bien m\u2019habiller pour cette occasion, j\u2019avais mis mon uniforme de coll\u00e9gien. J\u2019\u00e9tais avec le trompettiste Christian Scott (aujourd\u2019hui nomm\u00e9 Chief Xian Adjuah) et un gars qui s\u2019appelait Charlie Smith. J\u2019avais \u00e9t\u00e9 pay\u00e9 50 dollars, j\u2019\u00e9tais tellement excit\u00e9 \u00e0 l\u2019id\u00e9e de jouer!<\/p>\n<p><strong>Gagner un premier Grammy avec C\u00e9cile McLorin Salvant, c\u2019\u00e9tait comment?<\/strong><\/p>\n<p>C\u2019est vraiment sympa d\u2019\u00eatre reconnu par mes coll\u00e8gues et par l\u2019industrie. Mais j\u2019essaye de ne pas penser \u00e0 ces choses-l\u00e0. Si je joue une certaine musique, c\u2019est parce que je l\u2019aime. Je pr\u00e9f\u00e8re me concentrer sur le fait de performer avec des gens que j\u2019estime et desquels j\u2019apprends.<\/p>\n<p><strong>Qu\u2019avez-vous appris du l\u00e9gendaire Roy Hargrove, que vous avez accompagn\u00e9 pendant sept ans?<\/strong><\/p>\n<p>Il \u00e9tait beaucoup plus vieux que moi quand je suis arriv\u00e9 dans son groupe. Il \u00e9tait tr\u00e8s sympa avec moi, il m\u2019a trait\u00e9 comme un ami, pas comme un b\u00e9b\u00e9. Et j\u2019ai probablement beaucoup plus appris de cette mani\u00e8re. Il m\u2019a montr\u00e9 ce que c\u2019\u00e9tait d\u2019\u00eatre totalement d\u00e9di\u00e9 \u00e0 la musique, \u00e0 son instrument. Vers la fin [Roy Hargrove est mort d\u2019un arr\u00eat cardiaque \u00e0 49 ans, en 2018, ndlr], il s\u2019\u00e9touffait, il se faisait mal en jouant. Je l\u2019ai regard\u00e9 se battre chaque nuit, c\u2019\u00e9tait une vraie lutte pour monter sur sc\u00e8ne et tirer un son.<\/p>\n<p><strong>Votre premi\u00e8re fois \u00e0 Nice, en 2011, c\u2019\u00e9tait d\u2019ailleurs avec son groupe&#8230;<\/strong><\/p>\n<p>Oui, et c\u2019\u00e9tait la premi\u00e8re fois que je rencontrais Ahmad Jamal [autre immense pianiste, d\u00e9c\u00e9d\u00e9 en 2023]. J\u2019avais entendu de mauvais \u00e9chos sur lui, mais je me suis rendu compte qu\u2019il \u00e9tait cool. Alors, j\u2019\u00e9tais all\u00e9 lui demander comment il avait pu composer autant de classiques. Il m\u2019a r\u00e9pondu: \u00ab\u00a0Je ne bois pas, je ne fume pas, je me tiens loin des mauvaises femmes, je ne mange pas de porc, et je prie tous les jours.\u00a0\u00bb C\u2019est tout ce qu\u2019il m\u2019a dit! (il rit)<\/p>\n<p><strong>Oscar Peterson, \u00e0 qui vous rendez hommage, vous a beaucoup inspir\u00e9?<\/strong><\/p>\n<p>Quand je me suis int\u00e9ress\u00e9 au jazz, c\u2019est l\u2019un des premiers que j\u2019ai d\u00e9couverts, avec Duke Ellington, Art Tatum et Erroll Garner. Revenir \u00e0 cette musique apr\u00e8s m\u2019en \u00eatre longtemps \u00e9loign\u00e9, c\u2019est vraiment int\u00e9ressant. Oscar Peterson \u00e9tait un pianiste insolent, ind\u00e9pendant. Avec lui, \u00e7a ne s\u2019arr\u00eatait jamais. Chaque note qu\u2019il jouait en attirait une autre. Je m\u2019en rends compte en jouant ses morceaux. Le public r\u00e9pond \u00e0 chaque petite chose que je fais.<\/p>\n<p><strong>Savoir+<\/strong><\/p>\n<p>Ce samedi soir au Nice Jazz Fest: Goldlink, Masego et Jorja Smith sur la Sc\u00e8ne Mass\u00e9na. Tyreek McDole, Nubya Garcia, Christian McBride et The Cookers au Th\u00e9\u00e2tre de Verdure.<\/p>\n","protected":false},"excerpt":{"rendered":"On dit que les Am\u00e9ricains sont les champions du small talk, capables de montrer un enthousiasme d\u00e9bordant pour&hellip;\n","protected":false},"author":2,"featured_media":275378,"comment_status":"","ping_status":"","sticky":false,"template":"","format":"standard","meta":{"footnotes":""},"categories":[2819],"tags":[1111,11,4156,251,1777,674,1011,27,873,12,2401,882,25],"class_list":{"0":"post-276361","1":"post","2":"type-post","3":"status-publish","4":"format-standard","5":"has-post-thumbnail","7":"category-nice","8":"tag-actu","9":"tag-actualites","10":"tag-concerts","11":"tag-culture","12":"tag-eu","13":"tag-europe","14":"tag-fr","15":"tag-france","16":"tag-musique","17":"tag-news","18":"tag-nice","19":"tag-provence-alpes-cote-dazur","20":"tag-republique-francaise"},"share_on_mastodon":{"url":"https:\/\/pubeurope.com\/@fr\/114922531379535141","error":""},"_links":{"self":[{"href":"https:\/\/www.europesays.com\/fr\/wp-json\/wp\/v2\/posts\/276361","targetHints":{"allow":["GET"]}}],"collection":[{"href":"https:\/\/www.europesays.com\/fr\/wp-json\/wp\/v2\/posts"}],"about":[{"href":"https:\/\/www.europesays.com\/fr\/wp-json\/wp\/v2\/types\/post"}],"author":[{"embeddable":true,"href":"https:\/\/www.europesays.com\/fr\/wp-json\/wp\/v2\/users\/2"}],"replies":[{"embeddable":true,"href":"https:\/\/www.europesays.com\/fr\/wp-json\/wp\/v2\/comments?post=276361"}],"version-history":[{"count":0,"href":"https:\/\/www.europesays.com\/fr\/wp-json\/wp\/v2\/posts\/276361\/revisions"}],"wp:featuredmedia":[{"embeddable":true,"href":"https:\/\/www.europesays.com\/fr\/wp-json\/wp\/v2\/media\/275378"}],"wp:attachment":[{"href":"https:\/\/www.europesays.com\/fr\/wp-json\/wp\/v2\/media?parent=276361"}],"wp:term":[{"taxonomy":"category","embeddable":true,"href":"https:\/\/www.europesays.com\/fr\/wp-json\/wp\/v2\/categories?post=276361"},{"taxonomy":"post_tag","embeddable":true,"href":"https:\/\/www.europesays.com\/fr\/wp-json\/wp\/v2\/tags?post=276361"}],"curies":[{"name":"wp","href":"https:\/\/api.w.org\/{rel}","templated":true}]}}