{"id":276363,"date":"2025-07-27T01:11:13","date_gmt":"2025-07-27T01:11:13","guid":{"rendered":"https:\/\/www.europesays.com\/fr\/276363\/"},"modified":"2025-07-27T01:11:13","modified_gmt":"2025-07-27T01:11:13","slug":"les-femmes-de-loire-devoilees-dans-cette-commune-au-nord-de-nantes","status":"publish","type":"post","link":"https:\/\/www.europesays.com\/fr\/276363\/","title":{"rendered":"Les femmes de Loire d\u00e9voil\u00e9es dans cette commune au nord de Nantes"},"content":{"rendered":"<p>\u00abFemmes\u00a0de\u00a0Loire\u00a0\u00bb est\u00a0une\u00a0exposition\u00a0\u00e9v\u00e9nement de photographies. Ce sont des portraits r\u00e9alis\u00e9s par le photographe de Trentemoult Eric Perraud.<\/p>\n<p>Ils sont expos\u00e9s en plein air sur de panneaux grands formats en bord de Loire quai Brunais \u00e0 <a href=\"https:\/\/nantes.maville.com\/actu\/actudet_-indre.-l-ete-indrais-s-annonce-festif-cette-annee-_8-6892421_actu.Htm\" target=\"_blank\" rel=\"noopener\">Indre<\/a>. Des textes d\u2019Edmond Guibert-Bertreux les accompagnent.<\/p>\n<p>Un vibrant hommage \u00e0 des figures f\u00e9minines de l\u2019Estuaire de la Loire<\/p>\n<p>Inspir\u00e9e du livre Femmes de Loire des m\u00eames auteurs, l\u2019exposition rend un vibrant hommage \u00e0 des figures f\u00e9minines de l\u2019Estuaire de la Loire\u00a0: officier de marine, capitaine de Navibus, conteuse, autrice, \u00e9tudiante, capitaine de port\u2026<\/p>\n<p>Une relation avec la Loire maritime<\/p>\n<p>Elles ont en commun leur relation avec la Loire maritime sur laquelle elles naviguent ou ont navigu\u00e9, ou pr\u00e8s de laquelle elles vivent. C\u2019est un fleuve qu\u2019elles ont au c\u0153ur et qui les inspire fortement.<\/p>\n<p>Cette exposition in\u00e9dite et originale est \u00e0 d\u00e9couvrir librement au fil de l\u2019eau jusqu\u2019au 15\u00a0septembre.<\/p>\n<p>\u00a0<\/p>\n","protected":false},"excerpt":{"rendered":"\u00abFemmes\u00a0de\u00a0Loire\u00a0\u00bb est\u00a0une\u00a0exposition\u00a0\u00e9v\u00e9nement de photographies. Ce sont des portraits r\u00e9alis\u00e9s par le photographe de Trentemoult Eric Perraud. Ils sont&hellip;\n","protected":false},"author":2,"featured_media":276364,"comment_status":"","ping_status":"","sticky":false,"template":"","format":"standard","meta":{"footnotes":""},"categories":[2818],"tags":[1111,11,7052,36459,1777,674,4651,1011,27,3367,766,12,1308,2636,25,3272],"class_list":{"0":"post-276363","1":"post","2":"type-post","3":"status-publish","4":"format-standard","5":"has-post-thumbnail","7":"category-nantes","8":"tag-actu","9":"tag-actualites","10":"tag-commune","11":"tag-devoilees","12":"tag-eu","13":"tag-europe","14":"tag-femmes","15":"tag-fr","16":"tag-france","17":"tag-loire","18":"tag-nantes","19":"tag-news","20":"tag-nord","21":"tag-pays-de-la-loire","22":"tag-republique-francaise","23":"tag-saint-nazaire"},"share_on_mastodon":{"url":"https:\/\/pubeurope.com\/@fr\/114922539612560716","error":""},"_links":{"self":[{"href":"https:\/\/www.europesays.com\/fr\/wp-json\/wp\/v2\/posts\/276363","targetHints":{"allow":["GET"]}}],"collection":[{"href":"https:\/\/www.europesays.com\/fr\/wp-json\/wp\/v2\/posts"}],"about":[{"href":"https:\/\/www.europesays.com\/fr\/wp-json\/wp\/v2\/types\/post"}],"author":[{"embeddable":true,"href":"https:\/\/www.europesays.com\/fr\/wp-json\/wp\/v2\/users\/2"}],"replies":[{"embeddable":true,"href":"https:\/\/www.europesays.com\/fr\/wp-json\/wp\/v2\/comments?post=276363"}],"version-history":[{"count":0,"href":"https:\/\/www.europesays.com\/fr\/wp-json\/wp\/v2\/posts\/276363\/revisions"}],"wp:featuredmedia":[{"embeddable":true,"href":"https:\/\/www.europesays.com\/fr\/wp-json\/wp\/v2\/media\/276364"}],"wp:attachment":[{"href":"https:\/\/www.europesays.com\/fr\/wp-json\/wp\/v2\/media?parent=276363"}],"wp:term":[{"taxonomy":"category","embeddable":true,"href":"https:\/\/www.europesays.com\/fr\/wp-json\/wp\/v2\/categories?post=276363"},{"taxonomy":"post_tag","embeddable":true,"href":"https:\/\/www.europesays.com\/fr\/wp-json\/wp\/v2\/tags?post=276363"}],"curies":[{"name":"wp","href":"https:\/\/api.w.org\/{rel}","templated":true}]}}