{"id":276365,"date":"2025-07-27T01:12:29","date_gmt":"2025-07-27T01:12:29","guid":{"rendered":"https:\/\/www.europesays.com\/fr\/276365\/"},"modified":"2025-07-27T01:12:29","modified_gmt":"2025-07-27T01:12:29","slug":"fc-nantes-5-defenseurs-centraux-sans-contrat-pour-remplacer-nathan-zeze","status":"publish","type":"post","link":"https:\/\/www.europesays.com\/fr\/276365\/","title":{"rendered":"FC Nantes. 5 d\u00e9fenseurs centraux sans contrat pour remplacer Nathan Z\u00e9z\u00e9"},"content":{"rendered":"<p><img fetchpriority=\"high\" decoding=\"async\" width=\"620\" height=\"413\" src=\"https:\/\/www.europesays.com\/fr\/wp-content\/uploads\/2025\/07\/Chancel-Mbemba--620x413.jpg\" alt=\"FC Nantes. 5 d\u00e9fenseurs centraux sans contrat pour remplacer Nathan Z\u00e9z\u00e9\" class=\"wp-image-288540\"  \/>Chancel Mbemba, une piste pour renforcer le FC Nantes ?<\/p>\n<p>Le <a href=\"https:\/\/sportune.20minutes.fr\/fc-nantes\" rel=\"nofollow noopener\" target=\"_blank\">FC Nantes<\/a> est en passe de boucler un transfert record dans le sens des d\u00e9parts avec la cession de son d\u00e9fenseur central international espoir, Nathan Z\u00e9z\u00e9. Selon le journal L\u2019Equipe, il est question d\u2019une indemnit\u00e9 de 20 millions d\u2019euros pour les trois ann\u00e9es de contrat restantes (jusqu\u2019en 2028) \u00e0 venir depuis le Neom SC, un promu en Saudi Pro League \u00e0 l\u2019ambition d\u00e9vorante.<\/p>\n<p>L\u2019op\u00e9ration offrira de substantielles liquidit\u00e9s au <a href=\"https:\/\/sportune.20minutes.fr\/fc-nantes\" rel=\"nofollow noopener\" target=\"_blank\">FC Nantes<\/a>, mais le club de la Loire compte parmi les \u00e9quipes fragilis\u00e9es par la tournure des \u00e9v\u00e9nements sur le dossier des droits TV et l\u2019incertitude qui entoure la naissance de la nouvelle cha\u00eene, Ligue1+. Alors les Canaris seront-ils peut-\u00eatre tent\u00e9s de remplacer le joueur \u00e0 l\u2019\u00e9conomie, plut\u00f4t que par un transfert on\u00e9reux.<\/p>\n<p>Le march\u00e9 des d\u00e9fenseurs centraux pr\u00e9sentement sans contrat propose quelques profils s\u00e9duisants. Nous en avons retenu cinq qui ont tous l\u2019avantage de bien conna\u00eetre la <a href=\"https:\/\/sportune.20minutes.fr\/ligue-1-l1\" rel=\"nofollow noopener\" target=\"_blank\">Ligue 1<\/a> et ses rudiments. Ce n\u2019est pas sans quelques doutes, notamment en ce qui concerne Samuel Umtiti, un champion du monde certes, mais un joueur fragilis\u00e9 depuis son sacre en Russie. Apr\u00e8s une exp\u00e9rience compliqu\u00e9e au <a href=\"https:\/\/sportune.20minutes.fr\/losc-lille-losc\" rel=\"nofollow noopener\" target=\"_blank\">LOSC Lille<\/a>, il semble avoir r\u00e9cup\u00e9r\u00e9 de ses blessures r\u00e9currentes.<\/p>\n<p>Mbemba et Zouma, les pistes les plus s\u00e9duisantes<\/p>\n<p>L\u2019ancien joueur de l\u2019<a href=\"https:\/\/sportune.20minutes.fr\/olympique-de-marseille-om\" rel=\"nofollow noopener\" target=\"_blank\">Olympique de Marseille<\/a>, Eric Bailly, et l\u2019ex de l\u2019<a href=\"https:\/\/sportune.20minutes.fr\/olympique-lyonnais-ol\" rel=\"nofollow noopener\" target=\"_blank\">Olympique Lyonnais<\/a>, Jason Denayer sont deux autres \u00e9l\u00e9ments d\u2019exp\u00e9rience, aux exigences possiblement plus \u00e9lev\u00e9es au niveau salarial.<\/p>\n<p>Restent les deux profils les plus s\u00e9duisants, au moins sur le papier. Le premier, Chancel Mbemba, sort certes d\u2019une saison totalement blanche avec l\u2019<a href=\"https:\/\/sportune.20minutes.fr\/olympique-de-marseille-om\" rel=\"nofollow noopener\" target=\"_blank\">Olympique de Marseille<\/a>, mais il a port\u00e9 le maillot phoc\u00e9en avec beaucoup d\u2019efficacit\u00e9 avant d\u2019\u00eatre mis \u00e0 l\u2019\u00e9cart par le coach phoc\u00e9en, Roberto De Zerbi. Enfin Kurt Zouma, un autre international fran\u00e7ais, qui a longtemps tra\u00een\u00e9 ses gu\u00eatres sur les pelouses de la redoutable <a href=\"https:\/\/sportune.20minutes.fr\/premier-league\" rel=\"nofollow noopener\" target=\"_blank\">Premier League<\/a> anglaise, entre les Blues de <a href=\"https:\/\/sportune.20minutes.fr\/chelsea-fc\" rel=\"nofollow noopener\" target=\"_blank\">Chelsea FC<\/a>, les Toffees d\u2019<a href=\"https:\/\/sportune.20minutes.fr\/everton-fc\" rel=\"nofollow noopener\" target=\"_blank\">Everton FC<\/a> et les Hammers de <a href=\"https:\/\/sportune.20minutes.fr\/west-ham-united\" rel=\"nofollow noopener\" target=\"_blank\">West Ham United<\/a>. Puisque la p\u00e9riode est au retour des anciens (Giroud, Aubameyang, Pogba\u2026), pourquoi ne pas rapatrier le d\u00e9fenseur form\u00e9 par les Verts de l\u2019<a href=\"https:\/\/sportune.20minutes.fr\/as-saint-etienne-asse\" rel=\"nofollow noopener\" target=\"_blank\">AS Saint-Etienne<\/a> ?\u2026<\/p>\n","protected":false},"excerpt":{"rendered":"Chancel Mbemba, une piste pour renforcer le FC Nantes ? Le FC Nantes est en passe de boucler&hellip;\n","protected":false},"author":2,"featured_media":276366,"comment_status":"","ping_status":"","sticky":false,"template":"","format":"standard","meta":{"footnotes":""},"categories":[2818],"tags":[1111,11,1777,674,462,1011,27,766,12,2636,25,969],"class_list":{"0":"post-276365","1":"post","2":"type-post","3":"status-publish","4":"format-standard","5":"has-post-thumbnail","7":"category-nantes","8":"tag-actu","9":"tag-actualites","10":"tag-eu","11":"tag-europe","12":"tag-fc-nantes","13":"tag-fr","14":"tag-france","15":"tag-nantes","16":"tag-news","17":"tag-pays-de-la-loire","18":"tag-republique-francaise","19":"tag-transfert"},"share_on_mastodon":{"url":"https:\/\/pubeurope.com\/@fr\/114922543042874229","error":""},"_links":{"self":[{"href":"https:\/\/www.europesays.com\/fr\/wp-json\/wp\/v2\/posts\/276365","targetHints":{"allow":["GET"]}}],"collection":[{"href":"https:\/\/www.europesays.com\/fr\/wp-json\/wp\/v2\/posts"}],"about":[{"href":"https:\/\/www.europesays.com\/fr\/wp-json\/wp\/v2\/types\/post"}],"author":[{"embeddable":true,"href":"https:\/\/www.europesays.com\/fr\/wp-json\/wp\/v2\/users\/2"}],"replies":[{"embeddable":true,"href":"https:\/\/www.europesays.com\/fr\/wp-json\/wp\/v2\/comments?post=276365"}],"version-history":[{"count":0,"href":"https:\/\/www.europesays.com\/fr\/wp-json\/wp\/v2\/posts\/276365\/revisions"}],"wp:featuredmedia":[{"embeddable":true,"href":"https:\/\/www.europesays.com\/fr\/wp-json\/wp\/v2\/media\/276366"}],"wp:attachment":[{"href":"https:\/\/www.europesays.com\/fr\/wp-json\/wp\/v2\/media?parent=276365"}],"wp:term":[{"taxonomy":"category","embeddable":true,"href":"https:\/\/www.europesays.com\/fr\/wp-json\/wp\/v2\/categories?post=276365"},{"taxonomy":"post_tag","embeddable":true,"href":"https:\/\/www.europesays.com\/fr\/wp-json\/wp\/v2\/tags?post=276365"}],"curies":[{"name":"wp","href":"https:\/\/api.w.org\/{rel}","templated":true}]}}