{"id":276381,"date":"2025-07-27T01:25:15","date_gmt":"2025-07-27T01:25:15","guid":{"rendered":"https:\/\/www.europesays.com\/fr\/276381\/"},"modified":"2025-07-27T01:25:15","modified_gmt":"2025-07-27T01:25:15","slug":"lancien-du-psg-serge-aurier-en-route-pour-une-destination-surprenante","status":"publish","type":"post","link":"https:\/\/www.europesays.com\/fr\/276381\/","title":{"rendered":"l\u2019ancien du PSG Serge Aurier en route pour une destination&#8230; surprenante"},"content":{"rendered":"<p>Serge Aurier, pass\u00e9 par le PSG et Toulouse entre autres, pourrait poser ses valises en Iran.<\/p>\n<p class=\"fig-paragraph\">Direction l\u2019Iran pour\u00a0<a href=\"http:\/\/www.lefigaro.fr\/sports\/football\/foot-je-prefere-ne-pas-manger-que-de-signer-a-l-om-la-sortie-fracassante-d-aurier-20250703\" data-fig-type=\"NewsFlash\" data-gtm-custom-categorie=\"navigation\" data-gtm-custom-action=\"crossclick\" data-gtm-custom-label=\"Contextuel\" data-gtm-event=\"customEventSPE\" data-fig-domain=\"LEFIGARO\" rel=\"nofollow noopener\" target=\"_blank\">Serge Aurier<\/a>\u00a0? Selon l\u2019agence de presse locale\u00a0<a href=\"https:\/\/www.isna.ir\/news\/1404050100534\/%D9%85%D8%AF%D8%A7%D9%81%D8%B9-%D8%B3%D8%A7%D8%A8%D9%82-%D8%AA%D8%A7%D8%AA%D9%86%D9%87%D8%A7%D9%85-%D9%88-%D9%BE%D8%A7%D8%B1%DB%8C-%D8%B3%D9%86-%DA%98%D8%B1%D9%85%D9%86-%D8%AF%D8%B1-%D8%A7%D8%B1%D8%AF%D9%88%DB%8C-%D9%BE%D8%B1%D8%B3%D9%BE%D9%88%D9%84%DB%8C%D8%B3\" target=\"_blank\" rel=\"sponsored noopener nofollow\" data-gtm-custom-categorie=\"navigation\" data-gtm-custom-action=\"crossclick\" data-gtm-custom-label=\"Contextuel\" data-gtm-event=\"customEventSPE\">Isna<\/a>, l\u2019ancien d\u00e9fenseur de Lens, de Tottenham, du PSG ou encore de Toulouse pourrait rejoindre le club de Persepolis. D\u2019ailleurs, l\u2019international ivoirien a obtenu un visa pour rejoindre le club en pr\u00e9-saison en Turquie o\u00f9 il sera mis \u00e0 l\u2019essai.<\/p>\n<p class=\"fig-paragraph\">Apr\u00e8s son d\u00e9part de Tottenham en 2021, le joueur de 32 ans peine \u00e0 s\u2019imposer. Aurier est notamment pass\u00e9 par Villarreal, Nottingham et, plus r\u00e9cemment, Galatasaray. Sans r\u00e9ussite.<\/p>\n<p>                                    <a class=\"fig-a11y-skip a11y-hidden\" href=\"#fig-a11y-skip-main-inarticle\"><br \/>\n        Passer la publicit\u00e9<br \/>\n    <\/a><\/p>\n<p class=\"fig-paragraph\">D\u00e9but juillet, le d\u00e9fenseur droit avait confirm\u00e9 avoir \u00e9t\u00e9 approch\u00e9 par l\u2019Olympique de Marseille. Mais impossible pour lui de rejoindre le club phoc\u00e9en. \u00abOn m\u2019a d\u00e9j\u00e0 propos\u00e9. Benatia m\u2019en a parl\u00e9 mais je lui ai dit clairement que \u00e7a ne m\u2019int\u00e9ressait pas alors que j\u2019\u00e9tais sans club. Je suis tr\u00e8s loyal. Je pr\u00e9f\u00e8re ne m\u00eame pas manger que de signer \u00e0 Marseille. C\u2019est dans la t\u00eate. Je suis un Parisien\u00bb, avait-il d\u00e9clar\u00e9 dans le podcast Kampo du journaliste Smail Bouabdellah.<\/p>\n","protected":false},"excerpt":{"rendered":"Serge Aurier, pass\u00e9 par le PSG et Toulouse entre autres, pourrait poser ses valises en Iran. Direction l\u2019Iran&hellip;\n","protected":false},"author":2,"featured_media":276382,"comment_status":"","ping_status":"","sticky":false,"template":"","format":"standard","meta":{"footnotes":""},"categories":[1888],"tags":[1111,1928,11,1927,1777,674,1011,27,1434,12,1926,626,1925,93,25,41576],"class_list":{"0":"post-276381","1":"post","2":"type-post","3":"status-publish","4":"format-standard","5":"has-post-thumbnail","7":"category-paris","8":"tag-actu","9":"tag-actu-paris","10":"tag-actualites","11":"tag-actualites-paris","12":"tag-eu","13":"tag-europe","14":"tag-fr","15":"tag-france","16":"tag-mercato","17":"tag-news","18":"tag-news-paris","19":"tag-paris","20":"tag-paris-news","21":"tag-psg","22":"tag-republique-francaise","23":"tag-serge-aurier"},"share_on_mastodon":{"url":"https:\/\/pubeurope.com\/@fr\/114922594571635489","error":""},"_links":{"self":[{"href":"https:\/\/www.europesays.com\/fr\/wp-json\/wp\/v2\/posts\/276381","targetHints":{"allow":["GET"]}}],"collection":[{"href":"https:\/\/www.europesays.com\/fr\/wp-json\/wp\/v2\/posts"}],"about":[{"href":"https:\/\/www.europesays.com\/fr\/wp-json\/wp\/v2\/types\/post"}],"author":[{"embeddable":true,"href":"https:\/\/www.europesays.com\/fr\/wp-json\/wp\/v2\/users\/2"}],"replies":[{"embeddable":true,"href":"https:\/\/www.europesays.com\/fr\/wp-json\/wp\/v2\/comments?post=276381"}],"version-history":[{"count":0,"href":"https:\/\/www.europesays.com\/fr\/wp-json\/wp\/v2\/posts\/276381\/revisions"}],"wp:featuredmedia":[{"embeddable":true,"href":"https:\/\/www.europesays.com\/fr\/wp-json\/wp\/v2\/media\/276382"}],"wp:attachment":[{"href":"https:\/\/www.europesays.com\/fr\/wp-json\/wp\/v2\/media?parent=276381"}],"wp:term":[{"taxonomy":"category","embeddable":true,"href":"https:\/\/www.europesays.com\/fr\/wp-json\/wp\/v2\/categories?post=276381"},{"taxonomy":"post_tag","embeddable":true,"href":"https:\/\/www.europesays.com\/fr\/wp-json\/wp\/v2\/tags?post=276381"}],"curies":[{"name":"wp","href":"https:\/\/api.w.org\/{rel}","templated":true}]}}