{"id":276387,"date":"2025-07-27T01:28:14","date_gmt":"2025-07-27T01:28:14","guid":{"rendered":"https:\/\/www.europesays.com\/fr\/276387\/"},"modified":"2025-07-27T01:28:14","modified_gmt":"2025-07-27T01:28:14","slug":"a-paris-on-celebre-lanniversaire-des-j-o-sans-oublier-lamertume-laissee-par-lannonce-du-plan-budgetaire","status":"publish","type":"post","link":"https:\/\/www.europesays.com\/fr\/276387\/","title":{"rendered":"\u00c0 Paris, on c\u00e9l\u00e8bre l&rsquo;anniversaire des J.O sans oublier l&rsquo;amertume laiss\u00e9e par l&rsquo;annonce du plan budg\u00e9taire"},"content":{"rendered":"<p>\u00ab\u202fArriv\u00e9e de la d\u00e9l\u00e9gation dans quatre minutes.\u202f\u00bb Il est 8\u2009h\u200956 sur le pont Saint-Louis quand le service de s\u00e9curit\u00e9, pas vraiment sur les dents, est inform\u00e9 de l&rsquo;imminence du top d\u00e9part. C&rsquo;est <a href=\"https:\/\/www.latribune.fr\/la-tribune-dimanche\/sports\/teddy-riner-sur-les-jo-de-paris-on-n-avait-jamais-vu-ca-1029997.html\" rel=\"nofollow noopener\" target=\"_blank\">l&rsquo;anniversaire des Jeux olympqiues <\/a>que l&rsquo;on f\u00eate, et ses t\u00eates pensantes que l&rsquo;on accueille. Une journ\u00e9e \u00e0 se souvenir des belles choses. \u00c0 d\u00e9ambuler dans les lieux marqueurs de l&rsquo;\u00e9v\u00e9nement, au <a href=\"https:\/\/www.latribune.fr\/la-tribune-dimanche\/culture-et-tendances\/gastronomie-sorties\/euphoria-au-grand-palais-miki-l-ovni-aux-vieilles-charrues-ce-que-vous-devez-absolument-decouvrir-cet-ete-1029488.html\" target=\"_blank\" rel=\"nofollow noopener\">Grand Palais<\/a>, au centre aquatique de Saint-Denis, jusqu&rsquo;\u00e0 la vasque des Tuileries. Comme pour mieux rembobiner les sourires de l&rsquo;\u00e9t\u00e9 bienheureux.<\/p>\n<p>La balade a donc d\u00e9but\u00e9 en bord de Seine au petit matin. Y a \u00e9t\u00e9 d\u00e9voil\u00e9 le projet choisi pour devenir le \u00ab\u202fmonument des championnes et des champions\u202f\u00bb. Soit un ensemble de rubans m\u00e9talliques et de quelque 4\u2009. 000\u202fm\u00e9dailles, o\u00f9 figureront les noms des laur\u00e9ats de 2024. De m\u00eame que l&rsquo;ex-nageuse <a href=\"https:\/\/www.latribune.fr\/politique\/2018-12-30\/politique-justice-comment-les-femmes-africaines-ont-pris-le-pouvoir-en-2018-802376.html\" target=\"_blank\" rel=\"nofollow noopener\">Kirsty Coventry<\/a>, qui vient de lui succ\u00e9der \u00e0 la t\u00eate du CIO, Thomas Bach a droit \u00e0 un exemplaire personnalis\u00e9. \u00ab\u202fMerci de ne pas avoir inscrit l&rsquo;ann\u00e9e\u202f\u00bb, badine le champion olympique d&rsquo;escrime 1976. Qui n&rsquo;aura de cesse d&rsquo;\u00e9voquer des Jeux dont \u00ab\u202fchacun, aux \u00c9tats-Unis comme en Asie, parle comme d&rsquo;un moment magique\u202f\u00bb.<\/p>\n","protected":false},"excerpt":{"rendered":"\u00ab\u202fArriv\u00e9e de la d\u00e9l\u00e9gation dans quatre minutes.\u202f\u00bb Il est 8\u2009h\u200956 sur le pont Saint-Louis quand le service de&hellip;\n","protected":false},"author":2,"featured_media":276388,"comment_status":"","ping_status":"","sticky":false,"template":"","format":"standard","meta":{"footnotes":""},"categories":[1888],"tags":[17,11,3010,154,1777,674,1011,27,41578,41577,12,33418,626,25,4561,60],"class_list":{"0":"post-276387","1":"post","2":"type-post","3":"status-publish","4":"format-standard","5":"has-post-thumbnail","7":"category-paris","8":"tag-17","9":"tag-actualites","10":"tag-celebre","11":"tag-des","12":"tag-eu","13":"tag-europe","14":"tag-fr","15":"tag-france","16":"tag-j-o","17":"tag-lanniversaire","18":"tag-news","19":"tag-oublier","20":"tag-paris","21":"tag-republique-francaise","22":"tag-sans","23":"tag-sports"},"share_on_mastodon":{"url":"https:\/\/pubeurope.com\/@fr\/114922606021661642","error":""},"_links":{"self":[{"href":"https:\/\/www.europesays.com\/fr\/wp-json\/wp\/v2\/posts\/276387","targetHints":{"allow":["GET"]}}],"collection":[{"href":"https:\/\/www.europesays.com\/fr\/wp-json\/wp\/v2\/posts"}],"about":[{"href":"https:\/\/www.europesays.com\/fr\/wp-json\/wp\/v2\/types\/post"}],"author":[{"embeddable":true,"href":"https:\/\/www.europesays.com\/fr\/wp-json\/wp\/v2\/users\/2"}],"replies":[{"embeddable":true,"href":"https:\/\/www.europesays.com\/fr\/wp-json\/wp\/v2\/comments?post=276387"}],"version-history":[{"count":0,"href":"https:\/\/www.europesays.com\/fr\/wp-json\/wp\/v2\/posts\/276387\/revisions"}],"wp:featuredmedia":[{"embeddable":true,"href":"https:\/\/www.europesays.com\/fr\/wp-json\/wp\/v2\/media\/276388"}],"wp:attachment":[{"href":"https:\/\/www.europesays.com\/fr\/wp-json\/wp\/v2\/media?parent=276387"}],"wp:term":[{"taxonomy":"category","embeddable":true,"href":"https:\/\/www.europesays.com\/fr\/wp-json\/wp\/v2\/categories?post=276387"},{"taxonomy":"post_tag","embeddable":true,"href":"https:\/\/www.europesays.com\/fr\/wp-json\/wp\/v2\/tags?post=276387"}],"curies":[{"name":"wp","href":"https:\/\/api.w.org\/{rel}","templated":true}]}}