{"id":276389,"date":"2025-07-27T01:29:14","date_gmt":"2025-07-27T01:29:14","guid":{"rendered":"https:\/\/www.europesays.com\/fr\/276389\/"},"modified":"2025-07-27T01:29:14","modified_gmt":"2025-07-27T01:29:14","slug":"jo-2026-les-athletes-russes-presents-sous-strictes-conditions-sports-infos-ski","status":"publish","type":"post","link":"https:\/\/www.europesays.com\/fr\/276389\/","title":{"rendered":"JO 2026 : Les athl\u00e8tes russes pr\u00e9sents sous strictes conditions &#8211; Sports Infos &#8211; Ski"},"content":{"rendered":"<p>Le Comit\u00e9 International Olympique (CIO) n\u2019a pas encore tranch\u00e9 d\u00e9finitivement sur la participation des athl\u00e8tes russes et bi\u00e9lorusses aux Jeux d\u2019hiver de Milan-Cortina 2026, mais il semble pr\u00eat \u00e0 suivre la m\u00eame logique que pour Paris 2024.<\/p>\n<p>\u00ab On ne va pas se pr\u00e9cipiter avant les r\u00e9unions de septembre et d\u00e9cembre, mais on s\u2019orientera probablement dans la m\u00eame direction qu&rsquo;\u00e0 Paris\u00a0\u00bb, a indiqu\u00e9 Kirsty Coventry, pr\u00e9sidente du CIO, \u00e0 l&rsquo;Equipe.<\/p>\n<p>Pour les JO de Paris, les athl\u00e8tes de ces deux pays devaient r\u00e9pondre \u00e0 des crit\u00e8res stricts : se qualifier sportivement, prouver qu\u2019ils ne soutiennent pas activement la guerre en Ukraine et n\u2019ont aucun lien avec l\u2019arm\u00e9e.<\/p>\n<p>Un groupe d\u2019experts, cr\u00e9\u00e9 en mars, a scrut\u00e9 leurs profils en s\u2019appuyant sur diverses sources, notamment des listes officielles d\u2019athl\u00e8tes affili\u00e9s \u00e0 des clubs militaires ou de s\u00e9curit\u00e9, publi\u00e9es en Russie et au B\u00e9larus.<\/p>\n<p>Seuls ceux valid\u00e9s comme \u00ab athl\u00e8tes individuels neutres \u00bb ont pu concourir. Une approche rigoureuse, qui pourrait bien se r\u00e9p\u00e9ter en 2026.<\/p>\n<p><img decoding=\"async\" alt=\"Group17022022fm02273.JPG\" responsive=\"\" src=\"https:\/\/www.europesays.com\/fr\/wp-content\/uploads\/2025\/07\/Group17022022fm02273.JPG\" style=\"max-width: 100%; height: auto;\"\/><\/p>\n<p><strong>Le saviez-vous ?<\/strong><br \/>&#13;<br \/>\nLe CIO n&rsquo;autorise aucun drapeau ni hymne de Russie ou de Bi\u00e9lorussie aux JO tant que la guerre en Ukraine se poursuit. Une mesure qui reste tr\u00e8s surveill\u00e9e par les comit\u00e9s nationaux.<\/p>\n","protected":false},"excerpt":{"rendered":"Le Comit\u00e9 International Olympique (CIO) n\u2019a pas encore tranch\u00e9 d\u00e9finitivement sur la participation des athl\u00e8tes russes et bi\u00e9lorusses&hellip;\n","protected":false},"author":2,"featured_media":276390,"comment_status":"","ping_status":"","sticky":false,"template":"","format":"standard","meta":{"footnotes":""},"categories":[1591],"tags":[11,41579,4130,1887,12,1885,1886,132],"class_list":{"0":"post-276389","1":"post","2":"type-post","3":"status-publish","4":"format-standard","5":"has-post-thumbnail","7":"category-russie","8":"tag-actualites","9":"tag-biathlete","10":"tag-biathlon","11":"tag-federation-de-russie","12":"tag-news","13":"tag-russia","14":"tag-russian-federation","15":"tag-russie"},"share_on_mastodon":{"url":"https:\/\/pubeurope.com\/@fr\/114922610062439007","error":""},"_links":{"self":[{"href":"https:\/\/www.europesays.com\/fr\/wp-json\/wp\/v2\/posts\/276389","targetHints":{"allow":["GET"]}}],"collection":[{"href":"https:\/\/www.europesays.com\/fr\/wp-json\/wp\/v2\/posts"}],"about":[{"href":"https:\/\/www.europesays.com\/fr\/wp-json\/wp\/v2\/types\/post"}],"author":[{"embeddable":true,"href":"https:\/\/www.europesays.com\/fr\/wp-json\/wp\/v2\/users\/2"}],"replies":[{"embeddable":true,"href":"https:\/\/www.europesays.com\/fr\/wp-json\/wp\/v2\/comments?post=276389"}],"version-history":[{"count":0,"href":"https:\/\/www.europesays.com\/fr\/wp-json\/wp\/v2\/posts\/276389\/revisions"}],"wp:featuredmedia":[{"embeddable":true,"href":"https:\/\/www.europesays.com\/fr\/wp-json\/wp\/v2\/media\/276390"}],"wp:attachment":[{"href":"https:\/\/www.europesays.com\/fr\/wp-json\/wp\/v2\/media?parent=276389"}],"wp:term":[{"taxonomy":"category","embeddable":true,"href":"https:\/\/www.europesays.com\/fr\/wp-json\/wp\/v2\/categories?post=276389"},{"taxonomy":"post_tag","embeddable":true,"href":"https:\/\/www.europesays.com\/fr\/wp-json\/wp\/v2\/tags?post=276389"}],"curies":[{"name":"wp","href":"https:\/\/api.w.org\/{rel}","templated":true}]}}