{"id":27639,"date":"2025-04-15T21:35:09","date_gmt":"2025-04-15T21:35:09","guid":{"rendered":"https:\/\/www.europesays.com\/fr\/27639\/"},"modified":"2025-04-15T21:35:09","modified_gmt":"2025-04-15T21:35:09","slug":"toulon-a-la-dga-objectif-reussi-pour-la-reception-des-sous-marins-nucleaires","status":"publish","type":"post","link":"https:\/\/www.europesays.com\/fr\/27639\/","title":{"rendered":"Toulon &#8211; \u00c0 la DGA, objectif r\u00e9ussi pour la r\u00e9ception des sous-marins nucl\u00e9aires"},"content":{"rendered":"<p>                    <img loading=\"lazy\" decoding=\"async\" src=\"https:\/\/www.europesays.com\/fr\/wp-content\/uploads\/2025\/04\/45d9e200b473fa9f7df862b062e1b8.jpg\" class=\"img-responsive post-image\" width=\"680\" height=\"510\" alt=\"Toulon - \u00c0 la DGA, object\" title=\"Toulon - \u00c0 la DGA, objectif r\u00e9ussi pour la r\u00e9ception des sous-marins nucl\u00e9aires\"\/><\/p>\n<p class=\"chapo\">L\u2019ing\u00e9nieur g\u00e9n\u00e9ral de l\u2019armement Nicolas Drogi, directeur du centre d\u2019expertises et d\u2019essais de la DGA, rappelle les grandes \u00e9tapes qui ont marqu\u00e9es l\u2019activit\u00e9 de DGA Techniques navales (DGA TN Toulon) en 2024.<\/p>\n<p>Ainsi, le d\u00e9marrage des essais de qualification \u00e0 la mer de la premi\u00e8re fr\u00e9gate de d\u00e9fense et d\u2019intervention, l\u2019amiral Ronac\u2019h, avec une premi\u00e8re sortie \u00e0 la mer du 7 au 25 octobre, puis une deuxi\u00e8me campagne d\u2019essais du 2 au 20 d\u00e9cembre. Premiers essais d\u2019un premier de s\u00e9rie d\u2019un futur b\u00e2timent de premier rang de la Marine nationale.<\/p>\n<p>SNA BARRACUDA<\/p>\n<p><strong>Nicolas Drogi<\/strong> explique\u00a0: \u00ab\u00a0 Pour r\u00e9aliser ces essais, le personnel de DGA TN a contribu\u00e9, depuis la terre et en mer, que ce soit depuis des navires support ou \u00e0 bord de la fr\u00e9gate elle-m\u00eame. Je tiens \u00e0 rendre hommage \u00e0 l\u2019\u00e9quipe projet qui a travaill\u00e9 \u00e0 l\u2019installation d\u2019un nouveau site d\u2019essais de DGA TN au sud de Lorient, sur le champ de tir op\u00e9r\u00e9 par la FORFUSCO au Lin\u00e8s. Ce site nous permet de r\u00e9aliser des essais des syst\u00e8mes de combat des b\u00e2timents de surface en Atlantique, et donc d\u2019offrir un gain de temps et une plus grande efficacit\u00e9 sur le calendrier des programmes et la r\u00e9ception des b\u00e2timents au neuvage. Ce site a \u00e9t\u00e9 inaugur\u00e9 le 26 juin 2024, moins de deux ans apr\u00e8s la d\u00e9cision de sa cr\u00e9ation. Ouvrir un nouveau site \u00e0 la DGA n\u2019est pas fr\u00e9quent. En ouvrir un dans un d\u00e9lai aussi court, c\u2019est un v\u00e9ritable d\u00e9fi. Et pourtant, le r\u00e9sultat est l\u00e0 puisque ce site a d\u00e9j\u00e0 contribu\u00e9 \u00e0 deux reprises aux essais en mer de la FDI Ronac\u2019h et qu\u2019il va encore \u00eatre une brique essentielle des essais pr\u00e9vus en 2025 jusqu\u2019\u00e0 la r\u00e9ception du bateau \u00a0\u00bb, se f\u00e9licite le directeur du centre d\u2019expertises et d\u2019essais de la DGA.<br class=\"autobr\"\/><br \/>\nL\u2019ing\u00e9nieur g\u00e9n\u00e9ral a \u00e9galement remerci\u00e9 les \u00e9quipes qui ont particip\u00e9 aux essais de r\u00e9ception du syst\u00e8me sonar de la FDI qui se sont d\u00e9roul\u00e9s dans le golfe de Gascogne du 9 au 13 d\u00e9cembre\u00a0:<br class=\"autobr\"\/><br \/>\n\u00ab\u00a0 La quasi-totalit\u00e9 des essais pr\u00e9vus a pu \u00eatre ex\u00e9cut\u00e9e. Donc vu de Paris et vu du programme, l\u2019objectif est rempli et c\u2019est parfait. Dans le domaine des sous-marins, en 2023, DGA TN a particip\u00e9 au bon d\u00e9roulement des essais de qualification du deuxi\u00e8me SNA de la classe Barracuda, le Duguay-Trouin, admis au service actif en avril 2024. Et, nous avons fait de m\u00eame avec le troisi\u00e8me SNA le Tourville qui a \u00e9t\u00e9 r\u00e9ceptionn\u00e9 en novembre dernier pour une admission au service actif en 2025. Dit ainsi, cela semble routinier. Mais r\u00e9ceptionner des sous-marins nucl\u00e9aires d\u2019attaque \u00e0 cette cadence n\u2019a rien d\u2019une \u00e9vidence. Dans mon poste pr\u00e9c\u00e9dent, j\u2019\u00e9tais au Royaume-Uni, un pays qui dispose d\u2019une Marine et de budgets militaires assez similaires \u00e0 ceux de la France. Il a fallu 6 ans aux Britanniques pour mettre en service les trois premiers sous-marins de la classe Astute. La France l\u2019a fait en 3 ans\u00a0\u00bb.<br class=\"autobr\"\/><br \/>\nPar ailleurs, 2024 a \u00e9galement vu la r\u00e9alisation de l\u2019<strong>op\u00e9ration Soleil du Sud,<\/strong> le premier accouplement du NSRS, un sous-marin de sauvetage international, sur un SNA type Suffren au mois de juin au large de Toulon. Une op\u00e9ration r\u00e9alis\u00e9e gr\u00e2ce au travail de pr\u00e9paration de l\u2019\u00e9quipe en charge de la s\u00e9curit\u00e9-plong\u00e9e de DGA TN dont la qualit\u00e9 a \u00e9t\u00e9 particuli\u00e8rement signal\u00e9e.<\/p>\n<p>Photo de Une \u00a9Philippe OLIVIER<\/p>\n","protected":false},"excerpt":{"rendered":"L\u2019ing\u00e9nieur g\u00e9n\u00e9ral de l\u2019armement Nicolas Drogi, directeur du centre d\u2019expertises et d\u2019essais de la DGA, rappelle les grandes&hellip;\n","protected":false},"author":2,"featured_media":27640,"comment_status":"","ping_status":"","sticky":false,"template":"","format":"standard","meta":{"footnotes":""},"categories":[9619],"tags":[1111,11,2408,1777,674,1011,27,12,882,25,2310],"class_list":{"0":"post-27639","1":"post","2":"type-post","3":"status-publish","4":"format-standard","5":"has-post-thumbnail","7":"category-toulon","8":"tag-actu","9":"tag-actualites","10":"tag-appels-d","11":"tag-eu","12":"tag-europe","13":"tag-fr","14":"tag-france","15":"tag-news","16":"tag-provence-alpes-cote-dazur","17":"tag-republique-francaise","18":"tag-toulon"},"share_on_mastodon":{"url":"https:\/\/pubeurope.com\/@fr\/114344134213941459","error":""},"_links":{"self":[{"href":"https:\/\/www.europesays.com\/fr\/wp-json\/wp\/v2\/posts\/27639","targetHints":{"allow":["GET"]}}],"collection":[{"href":"https:\/\/www.europesays.com\/fr\/wp-json\/wp\/v2\/posts"}],"about":[{"href":"https:\/\/www.europesays.com\/fr\/wp-json\/wp\/v2\/types\/post"}],"author":[{"embeddable":true,"href":"https:\/\/www.europesays.com\/fr\/wp-json\/wp\/v2\/users\/2"}],"replies":[{"embeddable":true,"href":"https:\/\/www.europesays.com\/fr\/wp-json\/wp\/v2\/comments?post=27639"}],"version-history":[{"count":0,"href":"https:\/\/www.europesays.com\/fr\/wp-json\/wp\/v2\/posts\/27639\/revisions"}],"wp:featuredmedia":[{"embeddable":true,"href":"https:\/\/www.europesays.com\/fr\/wp-json\/wp\/v2\/media\/27640"}],"wp:attachment":[{"href":"https:\/\/www.europesays.com\/fr\/wp-json\/wp\/v2\/media?parent=27639"}],"wp:term":[{"taxonomy":"category","embeddable":true,"href":"https:\/\/www.europesays.com\/fr\/wp-json\/wp\/v2\/categories?post=27639"},{"taxonomy":"post_tag","embeddable":true,"href":"https:\/\/www.europesays.com\/fr\/wp-json\/wp\/v2\/tags?post=27639"}],"curies":[{"name":"wp","href":"https:\/\/api.w.org\/{rel}","templated":true}]}}