{"id":276393,"date":"2025-07-27T01:31:23","date_gmt":"2025-07-27T01:31:23","guid":{"rendered":"https:\/\/www.europesays.com\/fr\/276393\/"},"modified":"2025-07-27T01:31:23","modified_gmt":"2025-07-27T01:31:23","slug":"au-moins-11-personnes-poignardees-devant-un-supermarche","status":"publish","type":"post","link":"https:\/\/www.europesays.com\/fr\/276393\/","title":{"rendered":"au moins 11 personnes poignard\u00e9es devant un supermarch\u00e9"},"content":{"rendered":"<p>Le suspect a \u00e9t\u00e9 plac\u00e9 en garde \u00e0 vue, a indiqu\u00e9 la police. Selon les m\u00e9dias am\u00e9ricains, parmi les onze personnes bless\u00e9es, certaines le sont gri\u00e8vement.<\/p>\n<p class=\"fig-paragraph\">Au moins 11 personnes ont \u00e9t\u00e9 poignard\u00e9es samedi devant un supermarch\u00e9 du Michigan, au nord des\u00a0<a href=\"http:\/\/www.lefigaro.fr\/international\/dossier\/presidentielle-aux-etats-unis-les-comtes-qui-comptent\" data-fig-type=\"Topic\" data-gtm-custom-categorie=\"navigation\" data-gtm-custom-action=\"crossclick\" data-gtm-custom-label=\"Contextuel\" data-gtm-event=\"customEventSPE\" data-fig-domain=\"LEFIGARO\" rel=\"nofollow noopener\" target=\"_blank\">\u00c9tats-Unis<\/a>, ont annonc\u00e9 les autorit\u00e9s locales.<\/p>\n<p class=\"fig-paragraph\">Les forces de l&rsquo;ordre ont \u00e9t\u00e9 appel\u00e9es en fin d&rsquo;apr\u00e8s-midi pour signaler un incident devant un supermarch\u00e9 Walmart de la ville de Traverse City, a expliqu\u00e9 la police du Michigan. \u00abLe suspect est en garde \u00e0 vue, les d\u00e9tails sont limit\u00e9s pour le moment\u00bb, a-t-elle fait savoir sur X.<\/p>\n<p>                                    <a class=\"fig-a11y-skip a11y-hidden\" href=\"#fig-a11y-skip-main-inarticle\"><br \/>\n        Passer la publicit\u00e9<br \/>\n    <\/a><\/p>\n<p class=\"fig-paragraph\">Selon les m\u00e9dias locaux, au moins 11 personnes ont \u00e9t\u00e9 bless\u00e9es, dont certaines gri\u00e8vement. \u00abNous pouvons confirmer que 11 victimes sont actuellement prises en charge\u00bb, a annonc\u00e9 sur les r\u00e9seaux sociaux l&rsquo;h\u00f4pital de la r\u00e9gion, le Munson Medical Center. L&rsquo;enqu\u00eate est en cours et la police demande aux habitants d&rsquo;\u00ab\u00e9viter la zone\u00bb.<\/p>\n","protected":false},"excerpt":{"rendered":"Le suspect a \u00e9t\u00e9 plac\u00e9 en garde \u00e0 vue, a indiqu\u00e9 la police. Selon les m\u00e9dias am\u00e9ricains, parmi&hellip;\n","protected":false},"author":2,"featured_media":276394,"comment_status":"","ping_status":"","sticky":false,"template":"","format":"standard","meta":{"footnotes":""},"categories":[1589],"tags":[11,73,1866,17359,12,1864,1865,1863,308],"class_list":{"0":"post-276393","1":"post","2":"type-post","3":"status-publish","4":"format-standard","5":"has-post-thumbnail","7":"category-etats-unis","8":"tag-actualites","9":"tag-etats-unis","10":"tag-etats-unis-damerique","11":"tag-michigan","12":"tag-news","13":"tag-united-states","14":"tag-united-states-of-america","15":"tag-us","16":"tag-usa"},"share_on_mastodon":{"url":"https:\/\/pubeurope.com\/@fr\/114922617757797583","error":""},"_links":{"self":[{"href":"https:\/\/www.europesays.com\/fr\/wp-json\/wp\/v2\/posts\/276393","targetHints":{"allow":["GET"]}}],"collection":[{"href":"https:\/\/www.europesays.com\/fr\/wp-json\/wp\/v2\/posts"}],"about":[{"href":"https:\/\/www.europesays.com\/fr\/wp-json\/wp\/v2\/types\/post"}],"author":[{"embeddable":true,"href":"https:\/\/www.europesays.com\/fr\/wp-json\/wp\/v2\/users\/2"}],"replies":[{"embeddable":true,"href":"https:\/\/www.europesays.com\/fr\/wp-json\/wp\/v2\/comments?post=276393"}],"version-history":[{"count":0,"href":"https:\/\/www.europesays.com\/fr\/wp-json\/wp\/v2\/posts\/276393\/revisions"}],"wp:featuredmedia":[{"embeddable":true,"href":"https:\/\/www.europesays.com\/fr\/wp-json\/wp\/v2\/media\/276394"}],"wp:attachment":[{"href":"https:\/\/www.europesays.com\/fr\/wp-json\/wp\/v2\/media?parent=276393"}],"wp:term":[{"taxonomy":"category","embeddable":true,"href":"https:\/\/www.europesays.com\/fr\/wp-json\/wp\/v2\/categories?post=276393"},{"taxonomy":"post_tag","embeddable":true,"href":"https:\/\/www.europesays.com\/fr\/wp-json\/wp\/v2\/tags?post=276393"}],"curies":[{"name":"wp","href":"https:\/\/api.w.org\/{rel}","templated":true}]}}