{"id":276395,"date":"2025-07-27T01:32:18","date_gmt":"2025-07-27T01:32:18","guid":{"rendered":"https:\/\/www.europesays.com\/fr\/276395\/"},"modified":"2025-07-27T01:32:18","modified_gmt":"2025-07-27T01:32:18","slug":"voyage-officiel-du-president-trump-en-ecosse-manifestations-dans-plusieurs-villes","status":"publish","type":"post","link":"https:\/\/www.europesays.com\/fr\/276395\/","title":{"rendered":"Voyage officiel du pr\u00e9sident Trump en \u00c9cosse: manifestations dans plusieurs villes"},"content":{"rendered":"<p>Le pr\u00e9sident am\u00e9ricain Donald Trump a jou\u00e9 au golf samedi sur son nouveau parcours situ\u00e9 pr\u00e8s de Turnberry sur la c\u00f4te \u00e9cossaise, tandis que des manifestants sont descendus dans les rues de plusieurs villes pour d\u00e9noncer sa visite et accuser les dirigeants du Royaume-Uni de complaisance.<\/p>\n<p>Le pr\u00e9sident Trump et son fils Eric ont jou\u00e9 avec l\u2019ambassadeur am\u00e9ricain en Grande-Bretagne, Warren Stephens sur un terrain de golf historique que l\u2019entreprise de la famille Trump a fait l&rsquo;acquisition en 2008. Des centaines de manifestants se sont rassembl\u00e9s dans la rue pav\u00e9e et bord\u00e9e d\u2019arbres devant le consulat am\u00e9ricain \u00e0 environ 160 kilom\u00e8tres d\u2019\u00c9dimbourg, la capitale de l\u2019\u00c9cosse.<\/p>\n<p>Des orateurs sur une sc\u00e8ne de fortune ont d\u00e9clar\u00e9 \u00e0 la foule que Donald Trump n\u2019\u00e9tait pas le bienvenu et ils ont critiqu\u00e9 le premier ministre britannique Keir Starmer pour avoir conclu un r\u00e9cent accord commercial avec l&rsquo;administration Trump aux \u00c9tats-Unis afin d\u2019\u00e9viter des droits de douane \u00e9lev\u00e9s sur les marchandises import\u00e9es du Royaume-Uni.<\/p>\n<p>Des manifestations \u00e9taient pr\u00e9vues dans d\u2019autres villes alors que des militants \u00e9cologistes, des opposants \u00e0 la guerre d\u2019Isra\u00ebl avec le Hamas \u00e0 Gaza et des groupes pro-ukrainiens formaient une \u00abCoalition Stop Trump\u00bb.<\/p>\n<p>\u00abJe pense qu\u2019il y a beaucoup trop de pays qui ressentent la pression de Trump et qui estiment qu\u2019ils doivent l\u2019accepter, mais nous ne devrions pas l\u2019accepter ici\u00bb, a d\u00e9clar\u00e9 une personne de 52 ans qui protestait en portant un manteau rouge et une capuche blanche, comme sur la page couverture de La Servante \u00e9carlate de l&rsquo;\u00e9crivaine canadienne Margaret Atwood, arborant le mot \u00abResist\u00bb sur son visage.<\/p>\n<p>Les gens manifestaient au son de la cornemuse, les gens chantaient \u00abTrump Out!\u00bb et ils tenaient des pancartes sur lesquelles il \u00e9tait inscrit des phrases comme \u00abPas de tapis rouge pour les dictateurs\u00bb, \u00abVous n&rsquo;\u00eates pas le bienvenu ici\u00bb et \u00abArr\u00eatez Trump. Les migrants sont les bienvenus\u00bb. Un chien portait m\u00eame une affiche indiquant \u00abPas de traitement de faveur pour les tyrans\u00bb.<\/p>\n<p>Les manifestations de samedi n\u2019\u00e9taient pas aussi importantes que celles qui ont eu lieu en \u00c9cosse lorsque le pr\u00e9sident Trump a jou\u00e9 sur son autre terrain de golf, Trump International Scotland, pendant son premier mandat en 2018.<\/p>\n<p>Des membres de l\u2019extr\u00eame droite ont aussi utilis\u00e9 les r\u00e9seaux sociaux pour appeler \u00e0 des rassemblements en soutien au pr\u00e9sident Trump dans des endroits comme Glasgow.<\/p>\n<p>En arrivant en \u00c9cosse vendredi soir, le pr\u00e9sident des \u00c9tats-Unis a r\u00e9primand\u00e9 les dirigeants europ\u00e9ens pour ne pas avoir pris de mesures restrictives en immigration. \u00abCette immigration est en train de tuer l\u2019Europe\u00bb, a d\u00e9clar\u00e9 M. Trump.<\/p>\n<p>\u00abVous feriez mieux de vous ressaisir (&#8230;) Vous n\u2019aurez plus l\u2019Europe\u00bb, a affirm\u00e9 le pr\u00e9sident Trump.<\/p>\n<p>Pendant son s\u00e9jour en \u00c9cosse, le pr\u00e9sident am\u00e9ricain doit discuter de commerce avec le premier ministre britannique Keir Starmer et la pr\u00e9sidente de la Commission europ\u00e9enne, Ursula von der Leyen, mais le golf est aussi un sujet majeur.<\/p>\n<p>La famille Trump pr\u00e9voit notamment assister \u00e0 l&rsquo;ouverture officielle de son deuxi\u00e8me terrain de golf en \u00c9cosse mardi.<\/p>\n<p>Donald Trump a longtemps fait pression pour que le parcours de Turnberry accueille l&rsquo;Omnium britannique, ce qu\u2019il n\u2019a pas fait depuis qu\u2019il en est devenu propri\u00e9taire.<\/p>\n<p>Will Weissert, The Associated Press<\/p>\n","protected":false},"excerpt":{"rendered":"Le pr\u00e9sident am\u00e9ricain Donald Trump a jou\u00e9 au golf samedi sur son nouveau parcours situ\u00e9 pr\u00e8s de Turnberry&hellip;\n","protected":false},"author":2,"featured_media":276396,"comment_status":"","ping_status":"","sticky":false,"template":"","format":"standard","meta":{"footnotes":""},"categories":[1588],"tags":[11,75,1777,674,12,7274,41580,473,1853,41581,41582,1851,1850,1852],"class_list":{"0":"post-276395","1":"post","2":"type-post","3":"status-publish","4":"format-standard","5":"has-post-thumbnail","7":"category-royaume-uni","8":"tag-actualites","9":"tag-donald-trump","10":"tag-eu","11":"tag-europe","12":"tag-news","13":"tag-president-americain","14":"tag-president-trump","15":"tag-royaume-uni","16":"tag-royaume-uni-de-grande-bretagne-et-dirlande-du-nord","17":"tag-sejour-en-ecosse","18":"tag-terrain-de-golf","19":"tag-uk","20":"tag-united-kingdom","21":"tag-united-kingdom-of-great-britain-and-northern-ireland"},"share_on_mastodon":{"url":"https:\/\/pubeurope.com\/@fr\/114922621697000176","error":""},"_links":{"self":[{"href":"https:\/\/www.europesays.com\/fr\/wp-json\/wp\/v2\/posts\/276395","targetHints":{"allow":["GET"]}}],"collection":[{"href":"https:\/\/www.europesays.com\/fr\/wp-json\/wp\/v2\/posts"}],"about":[{"href":"https:\/\/www.europesays.com\/fr\/wp-json\/wp\/v2\/types\/post"}],"author":[{"embeddable":true,"href":"https:\/\/www.europesays.com\/fr\/wp-json\/wp\/v2\/users\/2"}],"replies":[{"embeddable":true,"href":"https:\/\/www.europesays.com\/fr\/wp-json\/wp\/v2\/comments?post=276395"}],"version-history":[{"count":0,"href":"https:\/\/www.europesays.com\/fr\/wp-json\/wp\/v2\/posts\/276395\/revisions"}],"wp:featuredmedia":[{"embeddable":true,"href":"https:\/\/www.europesays.com\/fr\/wp-json\/wp\/v2\/media\/276396"}],"wp:attachment":[{"href":"https:\/\/www.europesays.com\/fr\/wp-json\/wp\/v2\/media?parent=276395"}],"wp:term":[{"taxonomy":"category","embeddable":true,"href":"https:\/\/www.europesays.com\/fr\/wp-json\/wp\/v2\/categories?post=276395"},{"taxonomy":"post_tag","embeddable":true,"href":"https:\/\/www.europesays.com\/fr\/wp-json\/wp\/v2\/tags?post=276395"}],"curies":[{"name":"wp","href":"https:\/\/api.w.org\/{rel}","templated":true}]}}