{"id":276399,"date":"2025-07-27T01:34:15","date_gmt":"2025-07-27T01:34:15","guid":{"rendered":"https:\/\/www.europesays.com\/fr\/276399\/"},"modified":"2025-07-27T01:34:15","modified_gmt":"2025-07-27T01:34:15","slug":"laurent-mariotte-annonce-son-depart-deurope-1-apres-7-ans-dantenne","status":"publish","type":"post","link":"https:\/\/www.europesays.com\/fr\/276399\/","title":{"rendered":"Laurent Mariotte annonce son d\u00e9part d\u2019Europe 1 apr\u00e8s 7 ans d&rsquo;antenne"},"content":{"rendered":"<p>Ce samedi 26 juillet, l&rsquo;animateur radio et t\u00e9l\u00e9, Laurent Mariotte a partag\u00e9 un long message sur son compte Instagram. Celui qui partage ses recettes dans l&rsquo;\u00e9mission Petits plats en \u00e9quilibre sur TF1 a annonc\u00e9 quitter Europe 1 o\u00f9 il anime \u00e9galement La table des bons vivants. <\/p>\n<p>Laurent Mariotte commence sa carri\u00e8re \u00e0 la t\u00e9l\u00e9 en 1991. <a href=\"https:\/\/www.programme-tv.net\/news\/loisirs\/381793-exclu-cest-absolument-a-tomber-laurent-mariotte-nous-devoile-sa-recette-estivale-pour-regaler-tous-nos-convives\/\" data-api-deeplink=\"teleloisirs:\/\/news\/381793\" target=\"_blank\" rel=\"noopener\">Passionn\u00e9 par la cuisine<\/a>, il passe son CAP en 2005 et pr\u00e9sente son \u00e9mission 24 minutes chrono sur la cha\u00eene Cuisine TV. Les t\u00e9l\u00e9spectateurs connaissent notamment Laurent Mariotte <a href=\"https:\/\/www.programme-tv.net\/news\/loisirs\/382137-exclu-laurent-mariotte-et-francois-regis-gaudry-nous-livrent-leurs-secrets-pour-un-ete-tres-bon-et-tres-equilibre\/\" data-api-deeplink=\"teleloisirs:\/\/news\/382137\" target=\"_blank\" rel=\"noopener\">pour ses nombreuses recettes <\/a>qu&rsquo;il partage sur TF1 dans <a href=\"https:\/\/www.programme-tv.net\/news\/tv\/353909-albert-de-monaco-dans-petits-plats-en-equilibre-laurent-mariotte-raconte-la-suite-surprenante-de-lemission-une-fois-les-cameras-coupees\/\" data-api-deeplink=\"teleloisirs:\/\/news\/353909\" target=\"_blank\" rel=\"noopener\">Petits Plats en \u00e9quilibre <\/a>depuis 2015. Et en plus de la t\u00e9l\u00e9, il anime depuis 2018 les \u00e9missions : La table des bons vivants ainsi que La table du dimanche, sur Europe 1. Mais voil\u00e0, toute bonne chose \u00e0 une fin ! Ce samedi 26 juillet, l&rsquo;animateur radio et t\u00e9l\u00e9, a partag\u00e9 un long message sur son compte Instagram annon\u00e7ant son d\u00e9part de la station.<\/p>\n<p>Laurent Mariotte annonce son d\u00e9part d\u2019Europe 1 : \u00ab\u00a0Il est temps pour moi de vous dire au revoir\u2026\u00a0\u00bb <\/p>\n<p>Apr\u00e8s sept ans \u00e0 l&rsquo;antenne d&rsquo;Europe 1, Laurent Mariotte tire sa r\u00e9v\u00e9rence. <a href=\"https:\/\/www.programme-tv.net\/news\/loisirs\/382137-exclu-laurent-mariotte-et-francois-regis-gaudry-nous-livrent-leurs-secrets-pour-un-ete-tres-bon-et-tres-equilibre\/\" data-api-deeplink=\"teleloisirs:\/\/news\/382137\" target=\"_blank\" rel=\"noopener\">L&rsquo;animateur de 55 ans<\/a> a partag\u00e9 sur son compte Instagram un carrousel de photo montrant son parcours au sein de la station. Sur les nombreuses photos, il appara\u00eet notamment aux c\u00f4t\u00e9s de <a href=\"https:\/\/www.programme-tv.net\/biographie\/140691-belmondo-luana\/\" data-link-people=\"24e617ab-6154-4e20-aa69-bda409a05901\" target=\"_blank\" rel=\"noopener\">Luana Belmondo<\/a>, <a href=\"https:\/\/www.programme-tv.net\/biographie\/12834-berry-marilou\/\" data-link-people=\"e2d147c7-9361-460d-bdf9-63235ca7a91e\" target=\"_blank\" rel=\"noopener\">Marilou Berry<\/a>, Jean-Luc Petitrenaud, G\u00e9rard Jugnot, Mohamed Cheikh, <a href=\"https:\/\/www.programme-tv.net\/biographie\/8379-lavoine-marc\/\" data-link-people=\"22cdc28b-b157-4412-8236-abf9c497ba06\" target=\"_blank\" rel=\"noopener\">Marc Lavoine<\/a> ou encore <a href=\"https:\/\/www.programme-tv.net\/biographie\/1598-baffie-laurent\/\" data-link-people=\"c4fda7a6-4390-452f-b9a1-8697f4baae15\" target=\"_blank\" rel=\"noopener\">Laurent Baffie<\/a>. <b>\u00ab\u00a0Salut les copains d\u2019Europe 1. Apr\u00e8s 7 ann\u00e9es de bonheur \u00e0 pr\u00e9senter la table des bons vivants sur cette radio, il est temps pour moi de vous dire au revoir\u2026 Et Merci pour votre fid\u00e9lit\u00e9\u00a0\u00bb<\/b><b>,<\/b> a-t-il d&rsquo;abord \u00e9crit avant d&rsquo;ajouter : \u00ab\u00a0C\u2019\u00e9tait une joie d\u2019animer cette \u00e9mission entour\u00e9e de ma bande ! Du march\u00e9 \u00e0 la cuisine en passant par les arri\u00e8re-cuisines, notre alimentation, nous avons essay\u00e9 d\u2019apporter de la p\u00e9dagogie et des \u00e9clairages sur notre alimentation et notre fa\u00e7on de manger\u00a0\u00bb. Laurent Mariotte poursuit ensuite en remerciant les chefs et invit\u00e9s qu&rsquo;il a re\u00e7us dans son \u00e9mission : \u00ab\u00a0Dossiers, d\u00e9bats, reportages, je suis heureux aussi de vous avoir pr\u00e9sent\u00e9 une partie de cette nouvelle g\u00e9n\u00e9ration de cuisiniers engag\u00e9s pour notre plaisir, notre sant\u00e9 et celle de la plan\u00e8te. Merci \u00e0 tous les chefs et nos invit\u00e9s d\u2019avoir si bien jou\u00e9 le jeu et d\u2019avoir partag\u00e9 avec leurs coups de fourchettes et bien plus encore !\u00a0\u00bb, a-t-il exprim\u00e9.<\/p>\n<p>                        Laurent Mariotte remercie sa \u00ab\u00a0belle bande\u00a0\u00bb et a une pens\u00e9e pour Jean-Luc Petitrenaud<\/p>\n<p>\u00ab\u00a0Merci \u00e0 Laurent Guimier de m\u2019avoir fait venir sur Europe 1 et Constance Benqu\u00e9 et Donat Vidal- Revel pour leur confiance. Merci \u00e0 toute ma belle bande et ma fid\u00e8le r\u00e9dactrice en chef Lucile Escourrou pour son aide pr\u00e9cieuse toutes ces ann\u00e9es\u00a0\u00bb, a-t-il ajout\u00e9. Laurent Mariotte a ensuite eu une pens\u00e9e pour <a href=\"https:\/\/www.programme-tv.net\/news\/people\/369937-mort-de-jean-luc-petitrenaud-sa-fille-louise-sort-du-silence-et-rend-un-vibrant-hommage-a-son-papa\/\" data-api-deeplink=\"teleloisirs:\/\/news\/369937\" target=\"_blank\" rel=\"noopener\">son ami Jean-Luc Petitrenaud, d\u00e9c\u00e9d\u00e9 le 10 janvier dernier<\/a>. \u00ab\u00a0Nous finissons la saison avec une moyenne de 800 000 auditeurs\u00a0\u00bb, indique \u00e9galement l&rsquo;animateur.<\/p>\n<blockquote class=\"instagram-media\" data-instgrm-captioned=\"\" data-instgrm-permalink=\"https:\/\/www.instagram.com\/p\/DMj92zgiJL9\/?utm_source=ig_embed&amp;utm_campaign=loading\" data-instgrm-version=\"14\" style=\" background:#FFF; border:0; border-radius:3px; box-shadow:0 0 1px 0 rgba(0,0,0,0.5),0 1px 10px 0 rgba(0,0,0,0.15); margin: 1px; max-width:658px; min-width:326px; padding:0; width:99.375%; width:-webkit-calc(100% - 2px); width:calc(100% - 2px);\"\/>\n<p>        <script async src=\"\/\/www.instagram.com\/embed.js\"><\/script><\/p>\n","protected":false},"excerpt":{"rendered":"Ce samedi 26 juillet, l&rsquo;animateur radio et t\u00e9l\u00e9, Laurent Mariotte a partag\u00e9 un long message sur son compte&hellip;\n","protected":false},"author":2,"featured_media":276400,"comment_status":"","ping_status":"","sticky":false,"template":"","format":"standard","meta":{"footnotes":""},"categories":[1586],"tags":[11,244,1777,674,1473,1011,27,41583,12,25,1630],"class_list":{"0":"post-276399","1":"post","2":"type-post","3":"status-publish","4":"format-standard","5":"has-post-thumbnail","7":"category-europe","8":"tag-actualites","9":"tag-commentaire","10":"tag-eu","11":"tag-europe","12":"tag-europe-1","13":"tag-fr","14":"tag-france","15":"tag-laurent-mariotte","16":"tag-news","17":"tag-republique-francaise","18":"tag-zapping"},"share_on_mastodon":{"url":"https:\/\/pubeurope.com\/@fr\/114922629653162491","error":""},"_links":{"self":[{"href":"https:\/\/www.europesays.com\/fr\/wp-json\/wp\/v2\/posts\/276399","targetHints":{"allow":["GET"]}}],"collection":[{"href":"https:\/\/www.europesays.com\/fr\/wp-json\/wp\/v2\/posts"}],"about":[{"href":"https:\/\/www.europesays.com\/fr\/wp-json\/wp\/v2\/types\/post"}],"author":[{"embeddable":true,"href":"https:\/\/www.europesays.com\/fr\/wp-json\/wp\/v2\/users\/2"}],"replies":[{"embeddable":true,"href":"https:\/\/www.europesays.com\/fr\/wp-json\/wp\/v2\/comments?post=276399"}],"version-history":[{"count":0,"href":"https:\/\/www.europesays.com\/fr\/wp-json\/wp\/v2\/posts\/276399\/revisions"}],"wp:featuredmedia":[{"embeddable":true,"href":"https:\/\/www.europesays.com\/fr\/wp-json\/wp\/v2\/media\/276400"}],"wp:attachment":[{"href":"https:\/\/www.europesays.com\/fr\/wp-json\/wp\/v2\/media?parent=276399"}],"wp:term":[{"taxonomy":"category","embeddable":true,"href":"https:\/\/www.europesays.com\/fr\/wp-json\/wp\/v2\/categories?post=276399"},{"taxonomy":"post_tag","embeddable":true,"href":"https:\/\/www.europesays.com\/fr\/wp-json\/wp\/v2\/tags?post=276399"}],"curies":[{"name":"wp","href":"https:\/\/api.w.org\/{rel}","templated":true}]}}