{"id":276401,"date":"2025-07-27T01:35:19","date_gmt":"2025-07-27T01:35:19","guid":{"rendered":"https:\/\/www.europesays.com\/fr\/276401\/"},"modified":"2025-07-27T01:35:19","modified_gmt":"2025-07-27T01:35:19","slug":"une-strategie-quantique-pour-faire-de-lue-un-leader-mondial-dans-le-secteur-dici-2030","status":"publish","type":"post","link":"https:\/\/www.europesays.com\/fr\/276401\/","title":{"rendered":"Une strat\u00e9gie quantique pour faire de l\u2019UE un leader mondial dans le secteur d\u2019ici 2030"},"content":{"rendered":"<p>La Commission europ\u00e9enne a pr\u00e9sent\u00e9 le 2 juillet 2025 la <strong>Strat\u00e9gie quantique <\/strong>visant \u00e0 faire de l\u2019Union europ\u00e9enne un acteur de premier plan dans le domaine quantique d\u2019ici 2030.<\/p>\n<p>L&rsquo;enjeu du quantique et le r\u00f4le de l&rsquo;Union europ\u00e9enne<\/p>\n<p>L\u2019Europe se trouve aujourd\u2019hui \u00e0 un tournant tandis que la course mondiale \u00e0 l\u2019exploitation des technologies quantiques s\u2019acc\u00e9l\u00e8re, men\u00e9e par les \u00c9tats-Unis et la Chine. Ces technologies ont d\u00e9sormais des applications bien concr\u00e8tes, des scanners d&rsquo;imagerie par r\u00e9sonance magn\u00e9tique (IRM) dans le domaine de la sant\u00e9 et des avanc\u00e9es mat\u00e9rielles dans le domaine de l&rsquo;\u00e9nergie, aux capteurs gravim\u00e9triques pour la g\u00e9ophysique et la navigation, en passant par les communications s\u00e9curis\u00e9es et l&rsquo;informatique quantique qui r\u00e9sout des probl\u00e8mes complexes dans les domaines de la logistique et de la finance. Le secteur est en forte expansion\u00a0: d\u2019ici \u00e0 2040, il devrait cr\u00e9er des milliers d\u2019emplois hautement qualifi\u00e9s dans l\u2019UE et d\u00e9passer une valeur mondiale de 155 milliards d\u2019euros.<\/p>\n<p>L\u2019Europe dispose de points forts dans la course au quantique. Environ un tiers de toutes les entreprises du secteur quantique dans le monde sont bas\u00e9es dans l&rsquo;UE, lesquelles fournissent pr\u00e8s de la moiti\u00e9 des composants mat\u00e9riels et logiciels utilis\u00e9s dans les ordinateurs quantiques. Le continent peine toutefois \u00e0 traduire ses capacit\u00e9s d\u2019innovation en r\u00e9elles opportunit\u00e9s de march\u00e9. De fait, elle se classe d\u00e9sormais seulement au troisi\u00e8me rang mondial en mati\u00e8re de brevets d\u00e9pos\u00e9s pour l\u2019informatique quantique, la d\u00e9tection et la communication.<\/p>\n<p>Les actions attendues<\/p>\n<p>La strat\u00e9gie cible <strong>cinq domaines<\/strong>\u00a0: la recherche et l&rsquo;innovation, les infrastructures quantiques, le renforcement des \u00e9cosyst\u00e8mes, les technologies spatiales et \u00e0 double usage, et les comp\u00e9tences quantiques. Pour remplir les objectifs fix\u00e9s, des actions sp\u00e9cifiques ont \u00e9t\u00e9 d\u00e9finies, en particulier\u00a0:<\/p>\n<ul>\n<li>Le lancement de l\u2019initiative de recherche et innovation <strong>Quantum Europe<\/strong>, un effort conjoint de l&rsquo;UE et des \u00c9tats membres visant \u00e0 soutenir la recherche fondamentale et \u00e0 d\u00e9velopper des applications dans des secteurs publics et industriels prioritaires\u00a0;<\/li>\n<li>La cr\u00e9ation d&rsquo;une <strong>installation de conception quantique<\/strong> et de <strong>six lignes pilotes de puces quantiques<\/strong>, soutenues par un financement public pouvant atteindre 50 millions d&rsquo;euros, afin de transformer les prototypes scientifiques en produits manufacturables\u00a0;<\/li>\n<li>Le lancement d\u2019une <strong>installation pilote pour l\u2019Internet quantique europ\u00e9en<\/strong> ;<\/li>\n<li>L\u2019extension du r\u00e9seau de p\u00f4les de comp\u00e9tences quantiques dans l\u2019ensemble de l\u2019UE et la cr\u00e9ation de <strong>l\u2019Acad\u00e9mie europ\u00e9enne des comp\u00e9tences quantiques<\/strong> en 2026 ;<\/li>\n<li>L\u2019\u00e9laboration d\u2019une <strong>feuille de route pour les technologies quantiques dans l\u2019espace<\/strong> en collaboration avec l\u2019Agence spatiale europ\u00e9enne (ESA) et la participation \u00e0 la feuille de route europ\u00e9enne pour les technologies de l\u2019armement.<\/li>\n<\/ul>\n<p>Cette strat\u00e9gie vise \u00e0 <strong>augmenter la part des financements priv\u00e9s mondiaux<\/strong> dont b\u00e9n\u00e9ficient les entreprises quantiques europ\u00e9ennes, qui est actuellement d&rsquo;environ 5 %, afin de stimuler la croissance des start-ups et des scale-ups europ\u00e9ennes et de promouvoir l&rsquo;adoption des solutions quantiques europ\u00e9ennes par les industries europ\u00e9ennes.<\/p>\n<p>La strat\u00e9gie sera suivie d&rsquo;une <strong>proposition de R\u00e8glement sur la technologie quantique<\/strong> (Quantum Act), attendue en 2026, qui devrait renforcer l&rsquo;\u00e9cosyst\u00e8me quantique et les efforts d&rsquo;industrialisation en incitant les \u00c9tats membres et les entreprises, les investisseurs et les chercheurs \u00e0 investir dans des installations de production (pilotes), dans le cadre d&rsquo;initiatives nationales ou r\u00e9gionales \u00e0 grande \u00e9chelle \u00e0 l&rsquo;\u00e9chelle de l&rsquo;UE.<\/p>\n<p>Plus d&rsquo;informations :<\/p>\n<p><a href=\"https:\/\/ec.europa.eu\/commission\/presscorner\/detail\/en\/ip_25_1682\" target=\"_blank\" rel=\"noopener nofollow\">Lire le communiqu\u00e9 de presse de la Commission europ\u00e9enne<\/a><\/p>\n<p><a href=\"https:\/\/digital-strategy.ec.europa.eu\/en\/library\/quantum-europe-strategy\" target=\"_blank\" rel=\"noopener nofollow\">Consulter la Strat\u00e9gie quantique de l\u2019UE<\/a><\/p>\n<p><a href=\"https:\/\/ec.europa.eu\/commission\/presscorner\/detail\/en\/fs_25_1684\" target=\"_blank\" rel=\"noopener nofollow\">Lire la fiche d\u2019information<\/a><\/p>\n<p><a href=\"https:\/\/ec.europa.eu\/commission\/presscorner\/detail\/fr\/qanda_25_1683\" target=\"_blank\" rel=\"noopener nofollow\">Lire le Q&amp;A<\/a><\/p>\n<p><a href=\"#\" rel=\"nofollow\" onclick=\"window.print(); return false;\" title=\"Printer Friendly, PDF &amp; Email\"><img decoding=\"async\" class=\"pf-button-img\" src=\"https:\/\/www.europesays.com\/fr\/wp-content\/uploads\/2025\/07\/print-button.png\" alt=\"Print Friendly, PDF &amp; Email\" style=\"width: 66px;height: 24px;\"\/><\/a><\/p>\n","protected":false},"excerpt":{"rendered":"La Commission europ\u00e9enne a pr\u00e9sent\u00e9 le 2 juillet 2025 la Strat\u00e9gie quantique visant \u00e0 faire de l\u2019Union europ\u00e9enne&hellip;\n","protected":false},"author":2,"featured_media":224306,"comment_status":"","ping_status":"","sticky":false,"template":"","format":"standard","meta":{"footnotes":""},"categories":[1586],"tags":[11,1777,674,1779,1011,27,12,25,1778,364],"class_list":{"0":"post-276401","1":"post","2":"type-post","3":"status-publish","4":"format-standard","5":"has-post-thumbnail","7":"category-europe","8":"tag-actualites","9":"tag-eu","10":"tag-europe","11":"tag-european-union","12":"tag-fr","13":"tag-france","14":"tag-news","15":"tag-republique-francaise","16":"tag-ue","17":"tag-union-europeenne"},"share_on_mastodon":{"url":"https:\/\/pubeurope.com\/@fr\/114922633543016064","error":""},"_links":{"self":[{"href":"https:\/\/www.europesays.com\/fr\/wp-json\/wp\/v2\/posts\/276401","targetHints":{"allow":["GET"]}}],"collection":[{"href":"https:\/\/www.europesays.com\/fr\/wp-json\/wp\/v2\/posts"}],"about":[{"href":"https:\/\/www.europesays.com\/fr\/wp-json\/wp\/v2\/types\/post"}],"author":[{"embeddable":true,"href":"https:\/\/www.europesays.com\/fr\/wp-json\/wp\/v2\/users\/2"}],"replies":[{"embeddable":true,"href":"https:\/\/www.europesays.com\/fr\/wp-json\/wp\/v2\/comments?post=276401"}],"version-history":[{"count":0,"href":"https:\/\/www.europesays.com\/fr\/wp-json\/wp\/v2\/posts\/276401\/revisions"}],"wp:featuredmedia":[{"embeddable":true,"href":"https:\/\/www.europesays.com\/fr\/wp-json\/wp\/v2\/media\/224306"}],"wp:attachment":[{"href":"https:\/\/www.europesays.com\/fr\/wp-json\/wp\/v2\/media?parent=276401"}],"wp:term":[{"taxonomy":"category","embeddable":true,"href":"https:\/\/www.europesays.com\/fr\/wp-json\/wp\/v2\/categories?post=276401"},{"taxonomy":"post_tag","embeddable":true,"href":"https:\/\/www.europesays.com\/fr\/wp-json\/wp\/v2\/tags?post=276401"}],"curies":[{"name":"wp","href":"https:\/\/api.w.org\/{rel}","templated":true}]}}