{"id":276408,"date":"2025-07-27T01:39:10","date_gmt":"2025-07-27T01:39:10","guid":{"rendered":"https:\/\/www.europesays.com\/fr\/276408\/"},"modified":"2025-07-27T01:39:10","modified_gmt":"2025-07-27T01:39:10","slug":"bhatia-et-olesen-en-tete-pavon-et-perez-dans-le-top-30-au-3m-open-lequipe","status":"publish","type":"post","link":"https:\/\/www.europesays.com\/fr\/276408\/","title":{"rendered":"Bhatia et Olesen en t\u00eate, Pavon et Perez dans le top 30 au 3M Open &#8211; L&#039;\u00c9quipe"},"content":{"rendered":"<ol>\n<li><a href=\"https:\/\/news.google.com\/rss\/articles\/CBMisgFBVV95cUxOaUdhLTRvSWhhQUlzem9GSnBXNEtfVHdVTngwTHNKdzgxS0lnWGdscVhmS1l4MXZRQUFnSWFodWNLRldKM3pfd21CYWszb0Z2RVFLUWxCSjhUMzU4al8wTjc5QkNibHlRVVJENjVNREZUX1R4Ui1CZ3AyUGZrRnZNajhhZ04zekxZcFh2UHF2V2VBWjRtbFJ4ZVdOY3c4dWoxM083ZUVoTk14bzUwMklNS1p3?oc=5\" target=\"_blank\" rel=\"nofollow noopener\">Bhatia et Olesen en t\u00eate, Pavon et Perez dans le top 30 au 3M Open<\/a>&nbsp;&nbsp;L&rsquo;\u00c9quipe<\/li>\n<li><a href=\"https:\/\/news.google.com\/rss\/articles\/CBMijAJBVV95cUxNMTYyOFVWZWd2Y1VDdE1nT3QwZzFPUXdzY1VJR3NtdUhXQVk5MllxMDlJbGFmV1kzRVhGZU1RbzkwS2VLNG9TSzBPQjh3TjEtekZScXd5UnhrRVhUQXNBN2lyUS05NjhsLVUtY2FUVm55dU9GWWVhN3RTYzBvMFFkWFJfVVVYVHF2cWtJX3lKU2czQ1YwbUUwSTVWaVJuSlBKNWd3R3F0RmZYMGZqWE5mcXFhb1VpZDBKV2lNdUY4WUdDTW5IV25DaXBnVWZGeFZOUGVtMEpzeEhsQ3hfQ2EwTk5vYWNDTUxBVXhFYUVpanpCaFZfTGp6QlprLXlLY0VrSlJ4WUZWeFZvNmF3?oc=5\" target=\"_blank\" rel=\"nofollow noopener\">Golf. PGA Tour &#8211; 3M Open : Thorbj\u00f8rn Olesen aux commandes apr\u00e8s le 2e tour, les Fran\u00e7ais dans le cut<\/a>&nbsp;&nbsp;Ouest-France<\/li>\n<li><a href=\"https:\/\/news.google.com\/rss\/articles\/CBMitAFBVV95cUxOVjRjMzNDenpETmR2bnJodXlKTWhKT0R5dUl3S0gxUXJUSW0yNFJzZl93bGVpRmVMWXc5MDZjN2RIa3lpbUt6YjN3NlVkYjBuVXJ1RUdsYUxqMG5iOTNNOTFsSU15NHljZm1sSXdkM1EzclVfOVZDZHdqSGUtMGtYSTk0T28wcVI2WXFQNm9vU0t0ZlpkSS1sRE1nUGJaNFRhU0hJNXRPTmlfZzZmRFhybVEtVE8?oc=5\" target=\"_blank\" rel=\"nofollow noopener\">Thorbj\u00f8rn Olesen vire en t\u00eate, les Fran\u00e7ais passent le cut<\/a>&nbsp;&nbsp;Golf Plan\u00e8te<\/li>\n<li><a href=\"https:\/\/news.google.com\/rss\/articles\/CBMikgFBVV95cUxPZVZGMTRFTHV4ekFkR1hNQjItZThVX2ZndG9Pd0gyTjVuR1pWaldBTGotbzBhS1JsN3VVMzE3eUZOSm9LbUZKSEhvM2Q3aFgxMjRuWmI2WjBCM3NTcG1HQ01TVHE0LUxIcTB2N19fMUNPVmJKaTZzN2xUYldNTXd5N0hmUVdMN054UTRrdkZtZXdvUQ?oc=5\" target=\"_blank\" rel=\"nofollow noopener\">Cut et frayeurs pour les Bleus au 3M Open<\/a>&nbsp;&nbsp;L&rsquo;\u00c9quipe<\/li>\n<li><a href=\"https:\/\/news.google.com\/rss\/articles\/CBMiogFBVV95cUxNRHJRSWxUa3dIU3NGTThtcktPeFozVEpsVmZkUWgzSTJBZ1V3bmRNT0ptY3dGZ2VlWWs5S2l0aGhEdUlXRGJPZHhnaGdKZUVZcmw2aHZRVFp2VGJfNkJBNmhGTE5wbmk0ODNKM3hjNmVNSERVOTVKeU0yTlRTWkMwcjZ3XzNTRzVsTDdMSXQwMDBHeDBrMTBhSEhBNGFLUjBNclE?oc=5\" target=\"_blank\" rel=\"nofollow noopener\">Golf professionnel : Perez 11e apr\u00e8s le premier tour<\/a>&nbsp;&nbsp;F\u00e9d\u00e9ration fran\u00e7aise de golf (ffgolf)<\/li>\n<\/ol>\n","protected":false},"excerpt":{"rendered":"Bhatia et Olesen en t\u00eate, Pavon et Perez dans le top 30 au 3M Open&nbsp;&nbsp;L&rsquo;\u00c9quipe Golf. PGA Tour&hellip;\n","protected":false},"author":2,"featured_media":276409,"comment_status":"","ping_status":"","sticky":false,"template":"","format":"standard","meta":{"footnotes":""},"categories":[1418],"tags":[1011,27,1472,60],"class_list":{"0":"post-276408","1":"post","2":"type-post","3":"status-publish","4":"format-standard","5":"has-post-thumbnail","7":"category-golf","8":"tag-fr","9":"tag-france","10":"tag-golf","11":"tag-sports"},"share_on_mastodon":{"url":"https:\/\/pubeurope.com\/@fr\/114922649180460814","error":""},"_links":{"self":[{"href":"https:\/\/www.europesays.com\/fr\/wp-json\/wp\/v2\/posts\/276408","targetHints":{"allow":["GET"]}}],"collection":[{"href":"https:\/\/www.europesays.com\/fr\/wp-json\/wp\/v2\/posts"}],"about":[{"href":"https:\/\/www.europesays.com\/fr\/wp-json\/wp\/v2\/types\/post"}],"author":[{"embeddable":true,"href":"https:\/\/www.europesays.com\/fr\/wp-json\/wp\/v2\/users\/2"}],"replies":[{"embeddable":true,"href":"https:\/\/www.europesays.com\/fr\/wp-json\/wp\/v2\/comments?post=276408"}],"version-history":[{"count":0,"href":"https:\/\/www.europesays.com\/fr\/wp-json\/wp\/v2\/posts\/276408\/revisions"}],"wp:featuredmedia":[{"embeddable":true,"href":"https:\/\/www.europesays.com\/fr\/wp-json\/wp\/v2\/media\/276409"}],"wp:attachment":[{"href":"https:\/\/www.europesays.com\/fr\/wp-json\/wp\/v2\/media?parent=276408"}],"wp:term":[{"taxonomy":"category","embeddable":true,"href":"https:\/\/www.europesays.com\/fr\/wp-json\/wp\/v2\/categories?post=276408"},{"taxonomy":"post_tag","embeddable":true,"href":"https:\/\/www.europesays.com\/fr\/wp-json\/wp\/v2\/tags?post=276408"}],"curies":[{"name":"wp","href":"https:\/\/api.w.org\/{rel}","templated":true}]}}