{"id":276410,"date":"2025-07-27T01:41:23","date_gmt":"2025-07-27T01:41:23","guid":{"rendered":"https:\/\/www.europesays.com\/fr\/276410\/"},"modified":"2025-07-27T01:41:23","modified_gmt":"2025-07-27T01:41:23","slug":"je-compte-donner-le-maximum-yohan-villanove-rejoint-le-roc-avec-ambition","status":"publish","type":"post","link":"https:\/\/www.europesays.com\/fr\/276410\/","title":{"rendered":"\u00ab\u00a0Je compte donner le maximum\u00a0\u00bb\u00a0: Yohan Villanove rejoint le ROC avec ambition"},"content":{"rendered":"<p>\n                                                                    l&rsquo;essentiel<br \/>\n                                                                Le ROC muscle son effectif avec l\u2019arriv\u00e9e du rugbyman Yohan Villanove, sp\u00e9cialiste des postes d\u2019arri\u00e8re et d\u2019ouvreur. Un renfort strat\u00e9gique pour s\u00e9curiser deux r\u00f4les cl\u00e9s du jeu au pied.\n                            <\/p>\n<p>Le ROC compte d\u00e9sormais parmi ses rangs Yohan Villanove, \u00e2g\u00e9 de 29 ans. Le rugbyman mesure 1m77 et p\u00e8se 81\u00a0kg.\u00a0Il arrive en droite ligne du C.O. Berre-L\u2019Etang (F\u00e9d\u00e9rale 1). Il peut \u00e9voluer aux postes d\u2019arri\u00e8re ou de demi d\u2019ouverture. Un renfort de choix en n\u00b0\u00a010 et en n\u00b0\u00a015, ces deux places \u00e9tant tr\u00e8s importantes et demandant certaines sp\u00e9cificit\u00e9s, comme un bon jeu au pied par exemple.<\/p>\n<p>\u00c0 son arriv\u00e9e, Yohan d\u00e9clarait\u00a0: \u00ab\u00a0Je suis tr\u00e8s heureux de rejoindre le ROC. J\u2019ai h\u00e2te de d\u00e9buter cette nouvelle aventure et je compte donner le maximum pour mes nouvelles couleurs\u00a0\u00bb. Sa pr\u00e9sence permettra de renforcer les postes d\u00e9licats d\u2019arri\u00e8re et d\u2019ouverture.<\/p>\n","protected":false},"excerpt":{"rendered":"l&rsquo;essentiel Le ROC muscle son effectif avec l\u2019arriv\u00e9e du rugbyman Yohan Villanove, sp\u00e9cialiste des postes d\u2019arri\u00e8re et d\u2019ouvreur.&hellip;\n","protected":false},"author":2,"featured_media":276411,"comment_status":"","ping_status":"","sticky":false,"template":"","format":"standard","meta":{"footnotes":""},"categories":[1416],"tags":[1011,27,479,1468,60],"class_list":{"0":"post-276410","1":"post","2":"type-post","3":"status-publish","4":"format-standard","5":"has-post-thumbnail","7":"category-rugby","8":"tag-fr","9":"tag-france","10":"tag-rugby","11":"tag-rugby-football","12":"tag-sports"},"share_on_mastodon":{"url":"https:\/\/pubeurope.com\/@fr\/114922657105852056","error":""},"_links":{"self":[{"href":"https:\/\/www.europesays.com\/fr\/wp-json\/wp\/v2\/posts\/276410","targetHints":{"allow":["GET"]}}],"collection":[{"href":"https:\/\/www.europesays.com\/fr\/wp-json\/wp\/v2\/posts"}],"about":[{"href":"https:\/\/www.europesays.com\/fr\/wp-json\/wp\/v2\/types\/post"}],"author":[{"embeddable":true,"href":"https:\/\/www.europesays.com\/fr\/wp-json\/wp\/v2\/users\/2"}],"replies":[{"embeddable":true,"href":"https:\/\/www.europesays.com\/fr\/wp-json\/wp\/v2\/comments?post=276410"}],"version-history":[{"count":0,"href":"https:\/\/www.europesays.com\/fr\/wp-json\/wp\/v2\/posts\/276410\/revisions"}],"wp:featuredmedia":[{"embeddable":true,"href":"https:\/\/www.europesays.com\/fr\/wp-json\/wp\/v2\/media\/276411"}],"wp:attachment":[{"href":"https:\/\/www.europesays.com\/fr\/wp-json\/wp\/v2\/media?parent=276410"}],"wp:term":[{"taxonomy":"category","embeddable":true,"href":"https:\/\/www.europesays.com\/fr\/wp-json\/wp\/v2\/categories?post=276410"},{"taxonomy":"post_tag","embeddable":true,"href":"https:\/\/www.europesays.com\/fr\/wp-json\/wp\/v2\/tags?post=276410"}],"curies":[{"name":"wp","href":"https:\/\/api.w.org\/{rel}","templated":true}]}}