{"id":276412,"date":"2025-07-27T01:42:10","date_gmt":"2025-07-27T01:42:10","guid":{"rendered":"https:\/\/www.europesays.com\/fr\/276412\/"},"modified":"2025-07-27T01:42:10","modified_gmt":"2025-07-27T01:42:10","slug":"fernandez-rejoint-la-finale-a-washington-apres-un-gros-combat-contre-rybakina","status":"publish","type":"post","link":"https:\/\/www.europesays.com\/fr\/276412\/","title":{"rendered":"Fernandez rejoint la finale \u00e0 Washington apr\u00e8s un gros combat contre Rybakina"},"content":{"rendered":"<p>                <img decoding=\"async\" src=\"https:\/\/www.europesays.com\/fr\/wp-content\/uploads\/2025\/07\/iYWi.jpg\" alt=\"Fernandez rejoint la finale \u00e0 Washington apr\u00e8s un gros combat contre Rybakina\"\/><\/p>\n<p>Leylah Fernandez signe un joli retour au premier plan en ayant valid\u00e9 sa qualification pour la finale du WTA 500 de Washington.<\/p>\n<p>Oppos\u00e9e \u00e0 Elena Rybakina en demi-finale, la Canadienne a su tenir la cadence dans un match o\u00f9 les breaks ont \u00e9t\u00e9 rares (deux dans le deuxi\u00e8me set). Men\u00e9e 7-6, 5-4 et service \u00e0 suivre pour Rybakina, Fernandez a su renverser la situation pour s\u2019imposer 6-7, 7-6, 7-6 apr\u00e8s 3h12 de jeu.<\/p>\n<p>Qualifi\u00e9e pour la septi\u00e8me finale de sa carri\u00e8re et la deuxi\u00e8me en WTA 500, la joueuse de 22 ans pourrait rencontrer Emma Raducanu dans un remake de la finale de l\u2019US Open 2021. Mais la Britannique devra pour cela venir \u00e0 bout d\u2019Anna Kalinskaya.<\/p>\n","protected":false},"excerpt":{"rendered":"Leylah Fernandez signe un joli retour au premier plan en ayant valid\u00e9 sa qualification pour la finale du&hellip;\n","protected":false},"author":2,"featured_media":276413,"comment_status":"","ping_status":"","sticky":false,"template":"","format":"standard","meta":{"footnotes":""},"categories":[1415],"tags":[1011,27,60,1467],"class_list":{"0":"post-276412","1":"post","2":"type-post","3":"status-publish","4":"format-standard","5":"has-post-thumbnail","7":"category-tennis","8":"tag-fr","9":"tag-france","10":"tag-sports","11":"tag-tennis"},"share_on_mastodon":{"url":"https:\/\/pubeurope.com\/@fr\/114922661017419769","error":""},"_links":{"self":[{"href":"https:\/\/www.europesays.com\/fr\/wp-json\/wp\/v2\/posts\/276412","targetHints":{"allow":["GET"]}}],"collection":[{"href":"https:\/\/www.europesays.com\/fr\/wp-json\/wp\/v2\/posts"}],"about":[{"href":"https:\/\/www.europesays.com\/fr\/wp-json\/wp\/v2\/types\/post"}],"author":[{"embeddable":true,"href":"https:\/\/www.europesays.com\/fr\/wp-json\/wp\/v2\/users\/2"}],"replies":[{"embeddable":true,"href":"https:\/\/www.europesays.com\/fr\/wp-json\/wp\/v2\/comments?post=276412"}],"version-history":[{"count":0,"href":"https:\/\/www.europesays.com\/fr\/wp-json\/wp\/v2\/posts\/276412\/revisions"}],"wp:featuredmedia":[{"embeddable":true,"href":"https:\/\/www.europesays.com\/fr\/wp-json\/wp\/v2\/media\/276413"}],"wp:attachment":[{"href":"https:\/\/www.europesays.com\/fr\/wp-json\/wp\/v2\/media?parent=276412"}],"wp:term":[{"taxonomy":"category","embeddable":true,"href":"https:\/\/www.europesays.com\/fr\/wp-json\/wp\/v2\/categories?post=276412"},{"taxonomy":"post_tag","embeddable":true,"href":"https:\/\/www.europesays.com\/fr\/wp-json\/wp\/v2\/tags?post=276412"}],"curies":[{"name":"wp","href":"https:\/\/api.w.org\/{rel}","templated":true}]}}