{"id":276416,"date":"2025-07-27T01:45:15","date_gmt":"2025-07-27T01:45:15","guid":{"rendered":"https:\/\/www.europesays.com\/fr\/276416\/"},"modified":"2025-07-27T01:45:15","modified_gmt":"2025-07-27T01:45:15","slug":"on-ne-peut-plus-rester-silencieux-le-message-dalerte-de-lewis-hamilton-sur-la-situation-des-civils-a-gaza","status":"publish","type":"post","link":"https:\/\/www.europesays.com\/fr\/276416\/","title":{"rendered":"\u00ab\u00a0On ne peut plus rester silencieux\u00a0\u00bb\u00a0: le message d\u2019alerte de Lewis Hamilton sur la situation des civils \u00e0 Gaza"},"content":{"rendered":"<p class=\"paragraph text_align_left lp-f-body-02\">Que ce soit pour des causes LGBT ou environnementales, <a href=\"https:\/\/www.leparisien.fr\/sports\/formule-1\/f1-gp-de-belgique-lewis-hamilton-penalise-apres-une-erreur-et-elimine-des-la-q1-26-07-2025-RQYJMN42DBACPIFYJ7AEX5BDXM.php\" target=\"_self\" rel=\"nofollow noopener\">Lewis Hamilton<\/a> n\u2019a jamais h\u00e9sit\u00e9 ces derni\u00e8res ann\u00e9es \u00e0 prendre position sur <a href=\"https:\/\/www.leparisien.fr\/sports\/formule-1\/je-veux-que-la-communaute-noire-sache-que-je-suis-avec-elle-le-racisme-lautre-combat-de-lewis-hamilton-29-06-2022-TKDWVWQNCFDKVKCLRDIZZNLYPM.php\" target=\"_blank\" rel=\"noreferrer nofollow noopener\">tout types de sujets<\/a> lui tenant \u00e0 c\u0153ur, hors du sport. Pr\u00e9sent ce week-end en Belgique pour disputer le Grand Prix de <a href=\"https:\/\/www.leparisien.fr\/sports\/formule-1\/\" target=\"_blank\" rel=\"noreferrer nofollow noopener\">Formule 1<\/a> sur le circuit de Spa-Francorchamps d\u2019o\u00f9 il partira depuis la 16e position, Lewis Hamilton a pouss\u00e9 un gros coup de gueule sur <a href=\"https:\/\/www.leparisien.fr\/international\/israel\/la-souffrance-a-atteint-de-nouveaux-sommets-a-gaza-la-famine-qui-indigne-le-monde-24-07-2025-AYDTUOLNABEJZOZFCV52GOCCVE.php\" target=\"_blank\" rel=\"noreferrer nofollow noopener\">la situation des civils en Palestine, victimes de la guerre \u00e0 Gaza<\/a>.<\/p>\n<p class=\"paragraph text_align_left lp-f-body-02\">Via plusieurs storys sur Instagram, le septuple champion du monde de F1 a exprim\u00e9 \u00ab la d\u00e9vastation totale que je ressens en voyant ce qui se passe \u00e0 Gaza \u00bb. Tout en ajoutant : \u00ab On ne peut plus rester silencieux \u00bb. Depuis plusieurs mois, Isra\u00ebl impose un blocus total \u00e0 Gaza.<\/p>\n<p class=\"paragraph text_align_left lp-f-body-02\">Une situation inacceptable aux yeux du pilote de Ferrari qui exige que de l\u2019aide soit apport\u00e9e le plus vite possible aux civils : \u00ab Des enfants meurent de faim alors que les organisations humanitaires sont incapables d\u2019acheminer en toute s\u00e9curit\u00e9 de la nourriture, de l\u2019eau potable, des fournitures m\u00e9dicales &#8211; les besoins humains les plus \u00e9l\u00e9mentaires. Il n\u2019y a aucune justification \u00e0 cela. \u00bb<\/p>\n<p><img decoding=\"async\" class=\"image \" loading=\"lazy\" src=\"https:\/\/www.europesays.com\/fr\/wp-content\/uploads\/2025\/07\/PZJTNWP2L5EUPNW5SO5IY3MDPM.jpg\" alt=\"capture Instagram Lewis Hamilton\" align=\"\" data-rubrique-principale=\"\" data-article-type=\"\" fetchpriority=\"auto\"\/>capture Instagram Lewis Hamilton\u00ab Le silence et l\u2019inaction de la communaut\u00e9 internationale seront jug\u00e9s par les g\u00e9n\u00e9rations futures \u00bb<\/p>\n<p class=\"paragraph text_align_left lp-f-body-02\">Face \u00e0 cette situation, Lewis Hamilton a point\u00e9 du doigt \u00ab le silence et l\u2019inaction de la communaut\u00e9 internationale qui seront jug\u00e9s par les g\u00e9n\u00e9rations futures. \u00bb Le pilote a ensuite envoy\u00e9 un message fort aux dirigeants en leur demandant de r\u00e9gler au plus vite la situation \u00e0 Gaza : \u00ab Chaque jour qui passe sans que l\u2019aide parvienne en toute s\u00e9curit\u00e9 aux Palestiniens et sans cessez-le-feu, c\u2019est autant de vies perdues. Les dirigeants doivent faire tout ce qui est en leur pouvoir pour mettre fin \u00e0 ces souffrances, et ils doivent le faire maintenant. \u00bb<\/p>\n<p class=\"paragraph text_align_left lp-f-body-02\">D\u00e9sireux d\u2019aider les Palestiniens, le Britannique a appel\u00e9 sa communaut\u00e9 \u00e0 faire des dons \u00e0 des associations oeuvrant pour aider la population : \u00ab Il est difficile de ne pas se sentir impuissant dans des moments comme celui-ci, mais si vous voulez vous joindre \u00e0 moi pour faire un don, voici quelques organisations qui aident sur le terrain : M\u00e9decins sans Fronti\u00e8res, l\u2019aide m\u00e9dicale pour les Palestiniens, \u00ab la Croix Rouge, l\u2019Unicef et Sauvez les enfants. \u00bb<\/p>\n","protected":false},"excerpt":{"rendered":"Que ce soit pour des causes LGBT ou environnementales, Lewis Hamilton n\u2019a jamais h\u00e9sit\u00e9 ces derni\u00e8res ann\u00e9es \u00e0&hellip;\n","protected":false},"author":2,"featured_media":276417,"comment_status":"","ping_status":"","sticky":false,"template":"","format":"standard","meta":{"footnotes":""},"categories":[1412],"tags":[1451,1452,1453,1454,1455,1011,27,14,60],"class_list":{"0":"post-276416","1":"post","2":"type-post","3":"status-publish","4":"format-standard","5":"has-post-thumbnail","7":"category-f1","8":"tag-f1","9":"tag-formula-1","10":"tag-formula1","11":"tag-formule-1","12":"tag-formule1","13":"tag-fr","14":"tag-france","15":"tag-international","16":"tag-sports"},"share_on_mastodon":{"url":"https:\/\/pubeurope.com\/@fr\/114922672909953821","error":""},"_links":{"self":[{"href":"https:\/\/www.europesays.com\/fr\/wp-json\/wp\/v2\/posts\/276416","targetHints":{"allow":["GET"]}}],"collection":[{"href":"https:\/\/www.europesays.com\/fr\/wp-json\/wp\/v2\/posts"}],"about":[{"href":"https:\/\/www.europesays.com\/fr\/wp-json\/wp\/v2\/types\/post"}],"author":[{"embeddable":true,"href":"https:\/\/www.europesays.com\/fr\/wp-json\/wp\/v2\/users\/2"}],"replies":[{"embeddable":true,"href":"https:\/\/www.europesays.com\/fr\/wp-json\/wp\/v2\/comments?post=276416"}],"version-history":[{"count":0,"href":"https:\/\/www.europesays.com\/fr\/wp-json\/wp\/v2\/posts\/276416\/revisions"}],"wp:featuredmedia":[{"embeddable":true,"href":"https:\/\/www.europesays.com\/fr\/wp-json\/wp\/v2\/media\/276417"}],"wp:attachment":[{"href":"https:\/\/www.europesays.com\/fr\/wp-json\/wp\/v2\/media?parent=276416"}],"wp:term":[{"taxonomy":"category","embeddable":true,"href":"https:\/\/www.europesays.com\/fr\/wp-json\/wp\/v2\/categories?post=276416"},{"taxonomy":"post_tag","embeddable":true,"href":"https:\/\/www.europesays.com\/fr\/wp-json\/wp\/v2\/tags?post=276416"}],"curies":[{"name":"wp","href":"https:\/\/api.w.org\/{rel}","templated":true}]}}