{"id":276424,"date":"2025-07-27T01:50:11","date_gmt":"2025-07-27T01:50:11","guid":{"rendered":"https:\/\/www.europesays.com\/fr\/276424\/"},"modified":"2025-07-27T01:50:11","modified_gmt":"2025-07-27T01:50:11","slug":"arpentage-du-livre-decoloniser-le-droit-de-marine-calmet-avec-le-collectif-kifah-indymedia-nantes","status":"publish","type":"post","link":"https:\/\/www.europesays.com\/fr\/276424\/","title":{"rendered":"Arpentage du livre \u201cD\u00e9coloniser le droit\u201d de Marine Calmet avec le collectif Kifah \u00bb Indymedia Nantes"},"content":{"rendered":"<p><img fetchpriority=\"high\" decoding=\"async\" class=\"alignnone size-medium wp-image-150753\" src=\"https:\/\/www.europesays.com\/fr\/wp-content\/uploads\/2025\/07\/ArpentaJs1-300x300.png\" alt=\"\" width=\"300\" height=\"300\"  \/><\/p>\n<p><strong>\ud83d\udcd6 ARPENTAGES D\u2019\u00c9T\u00c9 \u2013 TROISI\u00c8ME \u00c9DITION \ud83d\udd25 <\/strong><br \/><strong>C\u2019est l\u2019\u00e9t\u00e9 mais la lutte continue !<\/strong><\/p>\n<p>\u00c0 la rentr\u00e9e on BR\u00dbLE TOUT, mais avant \u00e7a profitons de cet \u00e9t\u00e9 pour se rencontrer, s\u2019auto-former, discuter.<\/p>\n<p>Cette semaine, sur proposition du <strong>collectif nantais @kifah,<\/strong> on vous propose de lire ensemble <strong>\u201cD\u00e9coloniser le droit\u201d de Marine Calmet.<\/strong><\/p>\n<p>\u201cLe droit est un objet \u00e9minemment politique. C\u2019est lui qui a soutenu le colonialisme, et qui aujourd\u2019hui soutient l\u2019extractivisme et la destruction du monde. Mais ce pourrait \u00eatre lui, demain, qui nous conduit vers les fondements d\u2019une soci\u00e9t\u00e9 v\u00e9ritablement \u00e9cologique.<\/p>\n<p>Ce petit livre abordable est une porte d\u2019entr\u00e9e p\u00e9dagogique et radicale pour comprendre les enjeux juridiques \u00e0 l\u2019aune des probl\u00e9matiques \u00e9cologiques. Une vraie le\u00e7on d\u2019humilit\u00e9 sur la diversit\u00e9 des normes, et donc la diversit\u00e9 des droits.<\/p>\n<p>Le droit occidental moderne est un outil de domination \u00e0 d\u00e9construire.<\/p>\n<p>De son combat aux c\u00f4t\u00e9s des autochtones contre Montagne d\u2019Or (immense projet minier en Guyane) \u00e0 ses engagements pour la reconnaissance des droits de la nature (avec l\u2019association Wild Legal), Marine Calmet nous invite \u00e0 questionner les fondements m\u00eame du droit occidental moderne.\u201d<\/p>\n<p>Pour \u00e7a nous nous diviserons des parties -pas trop longues- du livre et constituerons des petits groupes pour lire et \u00e9changer, avant de se retrouver en grand groupe pour restituer ce que nous avons lu et en discuter! Pas de pression, C\u2019est ouvert \u00e0 tous.tes, le but c\u2019est de passer un chouette moment de discussions collectives \ud83d\udc9e\ud83d\udd25<\/p>\n<p>~&gt; on se charge d\u2019emmener le livre !<\/p>\n<p>\ud83c\udf1e RDV \u00e0 19H MERCREDI 30 JUILLET<br \/>\ud83d\udccdsous les Nefs, face au Stereolux, 4 boulevard L\u00e9on-Bureau, 44000 Nantes<\/p>\n","protected":false},"excerpt":{"rendered":"\ud83d\udcd6 ARPENTAGES D\u2019\u00c9T\u00c9 \u2013 TROISI\u00c8ME \u00c9DITION \ud83d\udd25 C\u2019est l\u2019\u00e9t\u00e9 mais la lutte continue ! \u00c0 la rentr\u00e9e on&hellip;\n","protected":false},"author":2,"featured_media":276425,"comment_status":"","ping_status":"","sticky":false,"template":"","format":"standard","meta":{"footnotes":""},"categories":[1357],"tags":[1379,58,59,1011,27,1380],"class_list":{"0":"post-276424","1":"post","2":"type-post","3":"status-publish","4":"format-standard","5":"has-post-thumbnail","7":"category-livres","8":"tag-books","9":"tag-divertissement","10":"tag-entertainment","11":"tag-fr","12":"tag-france","13":"tag-livres"},"share_on_mastodon":{"url":"https:\/\/pubeurope.com\/@fr\/114922692538130705","error":""},"_links":{"self":[{"href":"https:\/\/www.europesays.com\/fr\/wp-json\/wp\/v2\/posts\/276424","targetHints":{"allow":["GET"]}}],"collection":[{"href":"https:\/\/www.europesays.com\/fr\/wp-json\/wp\/v2\/posts"}],"about":[{"href":"https:\/\/www.europesays.com\/fr\/wp-json\/wp\/v2\/types\/post"}],"author":[{"embeddable":true,"href":"https:\/\/www.europesays.com\/fr\/wp-json\/wp\/v2\/users\/2"}],"replies":[{"embeddable":true,"href":"https:\/\/www.europesays.com\/fr\/wp-json\/wp\/v2\/comments?post=276424"}],"version-history":[{"count":0,"href":"https:\/\/www.europesays.com\/fr\/wp-json\/wp\/v2\/posts\/276424\/revisions"}],"wp:featuredmedia":[{"embeddable":true,"href":"https:\/\/www.europesays.com\/fr\/wp-json\/wp\/v2\/media\/276425"}],"wp:attachment":[{"href":"https:\/\/www.europesays.com\/fr\/wp-json\/wp\/v2\/media?parent=276424"}],"wp:term":[{"taxonomy":"category","embeddable":true,"href":"https:\/\/www.europesays.com\/fr\/wp-json\/wp\/v2\/categories?post=276424"},{"taxonomy":"post_tag","embeddable":true,"href":"https:\/\/www.europesays.com\/fr\/wp-json\/wp\/v2\/tags?post=276424"}],"curies":[{"name":"wp","href":"https:\/\/api.w.org\/{rel}","templated":true}]}}