{"id":276426,"date":"2025-07-27T01:51:15","date_gmt":"2025-07-27T01:51:15","guid":{"rendered":"https:\/\/www.europesays.com\/fr\/276426\/"},"modified":"2025-07-27T01:51:15","modified_gmt":"2025-07-27T01:51:15","slug":"fans-de-lete-ou-je-suis-devenue-jolie-prime-video-a-deja-trouve-la-serie-qui-prendra-sa-suite-dans-votre-coeur","status":"publish","type":"post","link":"https:\/\/www.europesays.com\/fr\/276426\/","title":{"rendered":"Fans de L\u2019\u00e9t\u00e9 o\u00f9 je suis devenue jolie, Prime Video a d\u00e9j\u00e0 trouv\u00e9 la s\u00e9rie qui prendra sa suite dans votre c\u0153ur"},"content":{"rendered":"<p>L&rsquo;\u00e9t\u00e9 o\u00f9 je suis devenue jolie prendra officiellement fin le 17 septembre prochain sur Prime Video. Mais ne vous inqui\u00e9tez pas, la plateforme de streaming pr\u00e9pare d\u00e9j\u00e0 le terrain pour une nouvelle s\u00e9rie pour ados qui remplacera certainement la romance dans votre c\u0153ur. <\/p>\n<p>L&rsquo;\u00e9t\u00e9 o\u00f9 je suis devenue jolie fait incontestablement partie des s\u00e9ries qui ont marqu\u00e9 l&rsquo;esprit des abonn\u00e9s de <a href=\"https:\/\/www.programme-tv.net\/guide-amazon\/\" rel=\"nofollow noopener\" target=\"_blank\">Prime Video<\/a> ces derni\u00e8res ann\u00e9es. Apr\u00e8s avoir longtemps fait les beaux jours de la plateforme de streaming, la romance <a href=\"https:\/\/www.programme-tv.net\/news\/series-tv\/333941-lete-ou-je-suis-devenue-jolie-saison-3-casting-intrigues-les-premieres-infos-sur-la-suite-de-la-serie-prime-video\/\" data-api-deeplink=\"teleloisirs:\/\/news\/333941\" rel=\"nofollow noopener\" target=\"_blank\">va tirer sa r\u00e9v\u00e9rence au terme d&rsquo;une saison 3<\/a>, dont les deux premiers \u00e9pisodes ont \u00e9t\u00e9 mis en ligne le 16 juillet dernier. Heureusement pour les fans,<a href=\"https:\/\/www.programme-tv.net\/news\/series-tv\/383427-l-ete-ou-je-suis-devenue-jolie-saison-3-quand-sortent-les-prochains-episodes-le-calendrier-de-diffusion\/\" data-api-deeplink=\"teleloisirs:\/\/news\/383427\" rel=\"nofollow noopener\" target=\"_blank\"> les prochains \u00e9pisodes sortiront \u00e0 un rythme hebdomadaire<\/a> jusqu&rsquo;au 17 septembre prochain. L&rsquo;\u00e9t\u00e9 o\u00f9 je suis devenue jolie laissera un grand vide dans le c\u0153ur des fans. Mais ils pourront vite se consoler avec cette nouvelle s\u00e9rie pour ados qui arrive tr\u00e8s prochainement sur leur \u00e9cran.<\/p>\n<p><b>Every Year After<\/b><b> : de quoi parlera cette s\u00e9rie qui fera chavirer le c\u0153ur des fans de <\/b><b>L&rsquo;\u00e9t\u00e9 o\u00f9 je suis devenue jolie<\/b><b> ?<\/b><\/p>\n<p>Bas\u00e9e sur le best-seller Tous nos \u00e9t\u00e9s (Every Summer After en VO) de Carley Fortune, <b>Every Year After<\/b> se d\u00e9roule sur six ans et une semaine \u00e0 Barry&rsquo;s Bay et est d\u00e9crite comme \u00ab\u00a0une histoire amusante, passionnante et romantique qui pose la question : et si votre premier amour \u00e9tait en fait votre \u00e2me s\u0153ur ?\u00a0\u00bb. Amy B. Harris, connue pour son travail sur The Wilds, occupera le poste de showrunneuse pour l&rsquo;adaptation de Tous nos \u00e9t\u00e9s. La sc\u00e9nariste am\u00e9ricaine remplace ainsi sa cons\u0153ur Leila Gerstein, \u00e0 l&rsquo;origine de la s\u00e9rie Hart of Dixie, apr\u00e8s que celle-ci a quitt\u00e9 le projet en raison de \u00ab\u00a0diff\u00e9rends cr\u00e9atifs\u00a0\u00bb. La romanci\u00e8re Carley Fortune participera aussi \u00e0 la production de l&rsquo;adaptation de son roman en tant que productrice ex\u00e9cutive. Aucune date de sortie pour Every Year After n&rsquo;a pour le moment \u00e9t\u00e9 communiqu\u00e9e par Prime Video.<\/p>\n<p>                        <b>Every Year After<\/b><b> : une star de la s\u00e9rie <\/b><b>High School Musical<\/b><b> au casting de la nouvelle romance de Prime Video<\/b><\/p>\n<p>Comme le rapporte le m\u00e9dia am\u00e9ricain Deadline, Sadie Soverall (Saltburn) et Matt Cornett (High School Musical : La Com\u00e9die Musicale, la s\u00e9rie) incarneront Percy et Sam, les personnages principaux de la s\u00e9rie Every Year After. \u00c0 leurs c\u00f4t\u00e9s, on retrouvera Aurora Perrineau (Kaos), <a href=\"https:\/\/www.programme-tv.net\/biographie\/570798-cowen-abigail\/\" data-link-people=\"83fea9c3-43d0-471a-8f23-8f6555b98477\" rel=\"nofollow noopener\" target=\"_blank\">Abigail Cowen<\/a> (Destin : La Saga Winx), Michael Bradway (Chicago Fire) ainsi que Joseph Chiu (Fear Street : Prom Queen).<\/p>\n<p>Article \u00e9crit en collaboration avec 6M\u00e9dias<\/p>\n","protected":false},"excerpt":{"rendered":"L&rsquo;\u00e9t\u00e9 o\u00f9 je suis devenue jolie prendra officiellement fin le 17 septembre prochain sur Prime Video. Mais ne&hellip;\n","protected":false},"author":2,"featured_media":276427,"comment_status":"","ping_status":"","sticky":false,"template":"","format":"standard","meta":{"footnotes":""},"categories":[1356],"tags":[4225,244,58,59,1011,27,4224,11219,129,252,1364],"class_list":{"0":"post-276426","1":"post","2":"type-post","3":"status-publish","4":"format-standard","5":"has-post-thumbnail","7":"category-television","8":"tag-amazon-prime-vidu00e9o","9":"tag-commentaire","10":"tag-divertissement","11":"tag-entertainment","12":"tag-fr","13":"tag-france","14":"tag-pub-streaming-prime-video","15":"tag-su00e9rie-amazon","16":"tag-svod","17":"tag-television","18":"tag-tv"},"share_on_mastodon":{"url":"https:\/\/pubeurope.com\/@fr\/114922696452829996","error":""},"_links":{"self":[{"href":"https:\/\/www.europesays.com\/fr\/wp-json\/wp\/v2\/posts\/276426","targetHints":{"allow":["GET"]}}],"collection":[{"href":"https:\/\/www.europesays.com\/fr\/wp-json\/wp\/v2\/posts"}],"about":[{"href":"https:\/\/www.europesays.com\/fr\/wp-json\/wp\/v2\/types\/post"}],"author":[{"embeddable":true,"href":"https:\/\/www.europesays.com\/fr\/wp-json\/wp\/v2\/users\/2"}],"replies":[{"embeddable":true,"href":"https:\/\/www.europesays.com\/fr\/wp-json\/wp\/v2\/comments?post=276426"}],"version-history":[{"count":0,"href":"https:\/\/www.europesays.com\/fr\/wp-json\/wp\/v2\/posts\/276426\/revisions"}],"wp:featuredmedia":[{"embeddable":true,"href":"https:\/\/www.europesays.com\/fr\/wp-json\/wp\/v2\/media\/276427"}],"wp:attachment":[{"href":"https:\/\/www.europesays.com\/fr\/wp-json\/wp\/v2\/media?parent=276426"}],"wp:term":[{"taxonomy":"category","embeddable":true,"href":"https:\/\/www.europesays.com\/fr\/wp-json\/wp\/v2\/categories?post=276426"},{"taxonomy":"post_tag","embeddable":true,"href":"https:\/\/www.europesays.com\/fr\/wp-json\/wp\/v2\/tags?post=276426"}],"curies":[{"name":"wp","href":"https:\/\/api.w.org\/{rel}","templated":true}]}}