{"id":276432,"date":"2025-07-27T01:55:16","date_gmt":"2025-07-27T01:55:16","guid":{"rendered":"https:\/\/www.europesays.com\/fr\/276432\/"},"modified":"2025-07-27T01:55:16","modified_gmt":"2025-07-27T01:55:16","slug":"le-blog-de-la-redac-atp-moutet-le-genie-creatif-ca-paye","status":"publish","type":"post","link":"https:\/\/www.europesays.com\/fr\/276432\/","title":{"rendered":"Le blog de la r\u00e9dac&rsquo;, ATP > Moutet, le g\u00e9nie cr\u00e9atif \u00e7a paye&#8230;"},"content":{"rendered":"<p>Face \u00e0 Daniil Medvedev, Corentin Moutet a encore prouv\u00e9 qu\u2019il \u00e9tait vrai\u00adment un joueur \u00e0 part. Au del\u00e0 des fameux services \u00e0 la cuill\u00e8re, c\u2019est bien son g\u00e9nie cr\u00e9atif qui fait main\u00adte\u00adnant la diff\u00e9rence.\u00a0<\/p>\n<p>Et si on vante faci\u00adle\u00adment sa capa\u00adcit\u00e9 \u00e0 rendre son adver\u00adsaire un peu fou, il faut aussi insister sur la qualit\u00e9 de la tech\u00adnique du Fran\u00e7ais. Car Corentin sait tout faire, frapper \u00e0 plat, jouer des slices, mettre du\u00a0spin.\u00a0<\/p>\n<p>Et c\u2019est ce qui fina\u00adle\u00adment g\u00eane ses adver\u00adsaires surtout dans un circuit o\u00f9 le jeu des cham\u00adpions est mono\u00adtone bas\u00e9 sur la puis\u00adsance, rien que\u00a0\u00e7a.\u00a0<\/p>\n<p>Cette nuit, face \u00e0 De Minaur, Coco aura encore sa chance.\u00a0<\/p>\n<p>Le voir en finale d\u2019un ATP500 serait une vraie bonne nouvelle pour le tennis moderne.<\/p>\n<p class=\"post-published-date\" style=\"color: silver; font-size: 75%; text-align: left;\">Publi\u00e9 le samedi 26 juillet 2025 \u00e0 18:29<\/p>\n","protected":false},"excerpt":{"rendered":"Face \u00e0 Daniil Medvedev, Corentin Moutet a encore prouv\u00e9 qu\u2019il \u00e9tait vrai\u00adment un joueur \u00e0 part. Au del\u00e0&hellip;\n","protected":false},"author":2,"featured_media":276433,"comment_status":"","ping_status":"","sticky":false,"template":"","format":"standard","meta":{"footnotes":""},"categories":[9],"tags":[3252,8081,1011,27,60],"class_list":{"0":"post-276432","1":"post","2":"type-post","3":"status-publish","4":"format-standard","5":"has-post-thumbnail","7":"category-sports","8":"tag-daniil-medvedev","9":"tag-de-minaur","10":"tag-fr","11":"tag-france","12":"tag-sports"},"share_on_mastodon":{"url":"https:\/\/pubeurope.com\/@fr\/114922712160910014","error":""},"_links":{"self":[{"href":"https:\/\/www.europesays.com\/fr\/wp-json\/wp\/v2\/posts\/276432","targetHints":{"allow":["GET"]}}],"collection":[{"href":"https:\/\/www.europesays.com\/fr\/wp-json\/wp\/v2\/posts"}],"about":[{"href":"https:\/\/www.europesays.com\/fr\/wp-json\/wp\/v2\/types\/post"}],"author":[{"embeddable":true,"href":"https:\/\/www.europesays.com\/fr\/wp-json\/wp\/v2\/users\/2"}],"replies":[{"embeddable":true,"href":"https:\/\/www.europesays.com\/fr\/wp-json\/wp\/v2\/comments?post=276432"}],"version-history":[{"count":0,"href":"https:\/\/www.europesays.com\/fr\/wp-json\/wp\/v2\/posts\/276432\/revisions"}],"wp:featuredmedia":[{"embeddable":true,"href":"https:\/\/www.europesays.com\/fr\/wp-json\/wp\/v2\/media\/276433"}],"wp:attachment":[{"href":"https:\/\/www.europesays.com\/fr\/wp-json\/wp\/v2\/media?parent=276432"}],"wp:term":[{"taxonomy":"category","embeddable":true,"href":"https:\/\/www.europesays.com\/fr\/wp-json\/wp\/v2\/categories?post=276432"},{"taxonomy":"post_tag","embeddable":true,"href":"https:\/\/www.europesays.com\/fr\/wp-json\/wp\/v2\/tags?post=276432"}],"curies":[{"name":"wp","href":"https:\/\/api.w.org\/{rel}","templated":true}]}}