{"id":276434,"date":"2025-07-27T01:56:10","date_gmt":"2025-07-27T01:56:10","guid":{"rendered":"https:\/\/www.europesays.com\/fr\/276434\/"},"modified":"2025-07-27T01:56:10","modified_gmt":"2025-07-27T01:56:10","slug":"stade-rennais-le-dehanche-sexy-de-salma-hayek-en-bikini-fait-exploser-les-compteurs","status":"publish","type":"post","link":"https:\/\/www.europesays.com\/fr\/276434\/","title":{"rendered":"Stade Rennais\u00a0: le d\u00e9hanch\u00e9 sexy de Salma Hayek en bikini fait exploser les compteurs !"},"content":{"rendered":"<p><strong>L\u2019\u00e9t\u00e9 est (encore) br\u00fblant sur les r\u00e9seaux, et ce n\u2019est pas Salma Hayek qui dira le contraire. \u00c0 58 ans, l\u2019actrice mexicaine a une nouvelle fois enflamm\u00e9 Instagram avec une vid\u00e9o devenue virale en quelques heures.\u00a0<\/strong><\/p>\n<p>Salma Hayek est d\u00e9cid\u00e9ment tr\u00e8s en forme cet \u00e9t\u00e9. Une semaine apr\u00e8s avoir affol\u00e9 les routes du Tour de France avec un maillot du Stade Rennais, la compagne de Fran\u00e7ois-Henri Pinault a remis le couvert. En bikini blanc, la star oscaris\u00e9e a offert \u00e0 ses millions d\u2019abonn\u00e9s une danse sensuelle sur un morceau de Bad Bunny. R\u00e9sultat : plus d\u2019un million de likes, des milliers de commentaires et un Reel qui tourne en boucle.<\/p>\n<p>Cette s\u00e9quence, captur\u00e9e sur une plage paradisiaque, a \u00e9t\u00e9 publi\u00e9e sur son compte officiel. Salma y appara\u00eet radieuse, libre, assum\u00e9e. Une fa\u00e7on pour elle de rappeler que le glamour et la sensualit\u00e9 ne sont pas une affaire d\u2019\u00e2ge. \u00c0 l\u2019aise dans son corps, elle d\u00e9gage une confiance qui inspire \u2014 et qui pla\u00eet, comme en t\u00e9moigne l\u2019emballement de ses fans.<\/p>\n<p>Salma Hayek affole la toile<\/p>\n<p>Cette vid\u00e9o s\u2019inscrit dans la foul\u00e9e de sa r\u00e9cente couverture pour\u00a0Sports Illustrated Mexico, o\u00f9 elle s\u2019affiche sublime et naturelle. \u00c0 travers ses publications, l\u2019actrice continue de casser les codes de l\u2019industrie, pr\u00f4nant l\u2019acceptation de soi et la beaut\u00e9 au-del\u00e0 des standards habituels.<\/p>\n<p>La s\u00e9quence n\u2019est pas pass\u00e9e inaper\u00e7ue non plus du c\u00f4t\u00e9 des m\u00e9dias people. De\u00a0TMZ\u00a0\u00e0\u00a0Hola!, tous ont relay\u00e9 le ph\u00e9nom\u00e8ne. Une preuve de plus que Salma Hayek reste, ann\u00e9e apr\u00e8s ann\u00e9e, une ic\u00f4ne incontournable \u2014 et une reine des r\u00e9seaux sociaux.<\/p>\n<blockquote class=\"instagram-media\" data-instgrm-captioned=\"\" data-instgrm-permalink=\"https:\/\/www.instagram.com\/reel\/DMdGxPpoTjP\/?utm_source=ig_embed&amp;utm_campaign=loading\" data-instgrm-version=\"14\" style=\"background:#FFF;border:0;border-radius:3px;box-shadow:0 0 1px 0 rgba(0,0,0,0.5),0 1px 10px 0 rgba(0,0,0,0.15);margin:1px;max-width:540px;min-width:326px;padding:0;width:calc(100% - 2px)\"\/>\n<p><script async src=\"\/\/www.instagram.com\/embed.js\"><\/script><\/p>\n","protected":false},"excerpt":{"rendered":"L\u2019\u00e9t\u00e9 est (encore) br\u00fblant sur les r\u00e9seaux, et ce n\u2019est pas Salma Hayek qui dira le contraire. \u00c0&hellip;\n","protected":false},"author":2,"featured_media":276435,"comment_status":"","ping_status":"","sticky":false,"template":"","format":"standard","meta":{"footnotes":""},"categories":[8],"tags":[11,448,58,59,63,1011,27,66,3388,12,10662],"class_list":{"0":"post-276434","1":"post","2":"type-post","3":"status-publish","4":"format-standard","5":"has-post-thumbnail","7":"category-divertissement","8":"tag-actualites","9":"tag-champions-league","10":"tag-divertissement","11":"tag-entertainment","12":"tag-football","13":"tag-fr","14":"tag-france","15":"tag-ligue-1","16":"tag-matchs","17":"tag-news","18":"tag-transferts"},"share_on_mastodon":{"url":"https:\/\/pubeurope.com\/@fr\/114922716767449773","error":""},"_links":{"self":[{"href":"https:\/\/www.europesays.com\/fr\/wp-json\/wp\/v2\/posts\/276434","targetHints":{"allow":["GET"]}}],"collection":[{"href":"https:\/\/www.europesays.com\/fr\/wp-json\/wp\/v2\/posts"}],"about":[{"href":"https:\/\/www.europesays.com\/fr\/wp-json\/wp\/v2\/types\/post"}],"author":[{"embeddable":true,"href":"https:\/\/www.europesays.com\/fr\/wp-json\/wp\/v2\/users\/2"}],"replies":[{"embeddable":true,"href":"https:\/\/www.europesays.com\/fr\/wp-json\/wp\/v2\/comments?post=276434"}],"version-history":[{"count":0,"href":"https:\/\/www.europesays.com\/fr\/wp-json\/wp\/v2\/posts\/276434\/revisions"}],"wp:featuredmedia":[{"embeddable":true,"href":"https:\/\/www.europesays.com\/fr\/wp-json\/wp\/v2\/media\/276435"}],"wp:attachment":[{"href":"https:\/\/www.europesays.com\/fr\/wp-json\/wp\/v2\/media?parent=276434"}],"wp:term":[{"taxonomy":"category","embeddable":true,"href":"https:\/\/www.europesays.com\/fr\/wp-json\/wp\/v2\/categories?post=276434"},{"taxonomy":"post_tag","embeddable":true,"href":"https:\/\/www.europesays.com\/fr\/wp-json\/wp\/v2\/tags?post=276434"}],"curies":[{"name":"wp","href":"https:\/\/api.w.org\/{rel}","templated":true}]}}