{"id":276442,"date":"2025-07-27T02:00:15","date_gmt":"2025-07-27T02:00:15","guid":{"rendered":"https:\/\/www.europesays.com\/fr\/276442\/"},"modified":"2025-07-27T02:00:15","modified_gmt":"2025-07-27T02:00:15","slug":"dautres-pays-europeens-vont-bientot-sengager-a-reconnaitre-letat-de-palestine-affirme-jean-noel-barrot","status":"publish","type":"post","link":"https:\/\/www.europesays.com\/fr\/276442\/","title":{"rendered":"D&rsquo;autres pays europ\u00e9ens vont bient\u00f4t s&rsquo;engager \u00e0 reconna\u00eetre l&rsquo;\u00c9tat de Palestine, affirme Jean-No\u00ebl Barrot"},"content":{"rendered":"<p>Le premier ministre britannique Keir Starmer a r\u00e9p\u00e9t\u00e9 vendredi qu\u2019une reconnaissance par Londres devait \u00abs\u2019inscrire dans un plan plus global\u00bb, et Berlin a dit ne pas l\u2019envisager \u00ab\u00e0 court terme\u00bb.<\/p>\n<p class=\"fig-paragraph\">Des pays europ\u00e9ens \u00abconfirmeront leur intention de reconna\u00eetre l&rsquo;\u00c9tat de Palestine\u00bb lors d&rsquo;une conf\u00e9rence de l&rsquo;ONU lundi et mardi \u00e0 New York, dans le sillage de la France\u00a0<a href=\"http:\/\/www.lefigaro.fr\/international\/etat-de-palestine-le-pari-risque-d-emmanuel-macron-20250725\" target=\"_blank\" data-fig-type=\"Article\" rel=\"noopener\" data-gtm-custom-categorie=\"navigation\" data-gtm-custom-action=\"crossclick\" data-gtm-custom-label=\"Contextuel\" data-gtm-event=\"customEventSPE\" data-fig-domain=\"LEFIGARO\">qui a annonc\u00e9 qu&rsquo;elle le fera en septembre<\/a>, affirme le ministre fran\u00e7ais des Affaires \u00e9trang\u00e8res. Lors de cette conf\u00e9rence copr\u00e9sid\u00e9e par la France et l&rsquo;Arabie saoudite visant \u00e0 relancer l&rsquo;id\u00e9e d&rsquo;une solution \u00e0 deux \u00c9tats au Moyen-Orient, \u00abpour la premi\u00e8re fois, les pays arabes condamneront le Hamas et appelleront \u00e0 son d\u00e9sarmement, ce qui consacrera son isolement d\u00e9finitif\u00bb, assure \u00e9galement Jean-No\u00ebl Barrot, dans un entretien \u00e0 la\u00a0<a href=\"https:\/\/www.latribune.fr\/la-tribune-dimanche\/dans-le-monde\/jean-noel-barrot-ministre-de-l-europe-et-des-affaires-etrangeres-a-new-york-nous-allons-consacrer-l-isolement-definitif-du-hamas-1030424.html\" target=\"_blank\" rel=\"noopener\" data-gtm-custom-categorie=\"navigation\" data-gtm-custom-action=\"crossclick\" data-gtm-custom-label=\"Contextuel\" data-gtm-event=\"customEventSPE\">Tribune Dimanche<\/a> .<\/p>\n<p class=\"fig-paragraph\">Le ministre n&rsquo;a pas pr\u00e9cis\u00e9 quels pays entendaient rejoindre le groupe des \u00c9tats europ\u00e9ens ayant d\u00e9j\u00e0 reconnu l&rsquo;\u00c9tat de Palestine, qui compte notamment l&rsquo;Espagne, l&rsquo;Irlande, la Pologne, la Su\u00e8de&#8230; La France deviendra le premier pays du G7 \u00e0 le faire lors de la prochaine Assembl\u00e9e g\u00e9n\u00e9rale de l&rsquo;ONU. Le premier ministre britannique Keir Starmer a r\u00e9p\u00e9t\u00e9 vendredi qu&rsquo;une reconnaissance par Londres devait \u00abs&rsquo;inscrire dans un plan plus global\u00bb, et Berlin a dit ne pas l&rsquo;envisager \u00ab\u00e0 court terme\u00bb.<\/p>\n<p>                                    <a class=\"fig-a11y-skip a11y-hidden\" href=\"#fig-a11y-skip-main-inarticle\"><br \/>\n        Passer la publicit\u00e9<br \/>\n    <\/a><\/p>\n<p>Une conf\u00e9rence sur la solution \u00e0 deux \u00c9tats report\u00e9e<\/p>\n<p class=\"fig-paragraph\">Une conf\u00e9rence sur une solution \u00e0 deux \u00c9tats \u00e9tait initialement pr\u00e9vue en juin au plus haut niveau, mais avait \u00e9t\u00e9 report\u00e9e en raison de la guerre entre l&rsquo;Iran et Isra\u00ebl. Une premi\u00e8re r\u00e9union au niveau minist\u00e9riel commence lundi \u00e0 New York, avant un sommet attendu en septembre. \u00abLa perspective de l&rsquo;existence d&rsquo;un \u00c9tat de Palestine n&rsquo;a jamais \u00e9t\u00e9 aussi menac\u00e9e ni aussi n\u00e9cessaire\u00bb, dans le contexte de \u00abla destruction de la bande de Gaza, la colonisation isra\u00e9lienne d\u00e9brid\u00e9e en Cisjordanie qui fragilise l&rsquo;id\u00e9e m\u00eame d&rsquo;une continuit\u00e9 territoriale, la r\u00e9signation de la communaut\u00e9 internationale\u00bb, estime M Barrot.<\/p>\n<p class=\"fig-paragraph\">\u00abPenser obtenir un cessez-le-feu durable et la lib\u00e9ration des otages du Hamas et sa reddition sans avoir pr\u00e9alablement dessin\u00e9 une perspective politique est illusoire\u00bb, ajoute-t-il. \u00c0 New York, \u00abavec l&rsquo;Arabie saoudite, acteur majeur de la r\u00e9gion, nous pr\u00e9senterons une vision commune pour l\u2019apr\u00e8s-guerre en vue d&rsquo;assurer la reconstruction, la s\u00e9curit\u00e9 et la gouvernance de Gaza et d&rsquo;ouvrir ainsi la voie \u00e0 la solution \u00e0 deux \u00c9tats\u00bb, affirme-t-il.<\/p>\n<p class=\"fig-paragraph\">\u00abNotre d\u00e9marche est parfaitement compatible avec la logique des accords d&rsquo;Abraham\u00bb, qui ont vu en 2020 Bahre\u00efn, les \u00c9mirats arabes unis, le Maroc et le Soudan \u00e9tablir des liens formels avec Isra\u00ebl, et \u00abfacilitera, le moment venu, la conclusion de nouveaux accords port\u00e9s par l&rsquo;administration am\u00e9ricaine\u00bb, estime-t-il. Selon le d\u00e9compte et les v\u00e9rifications de l&rsquo;AFP, au moins 142 des 193 \u00c9tats membres de l&rsquo;ONU (dont la France) reconnaissent d\u00e9sormais l&rsquo;\u00c9tat palestinien proclam\u00e9 par la direction palestinienne en exil en 1988.<\/p>\n","protected":false},"excerpt":{"rendered":"Le premier ministre britannique Keir Starmer a r\u00e9p\u00e9t\u00e9 vendredi qu\u2019une reconnaissance par Londres devait \u00abs\u2019inscrire dans un plan&hellip;\n","protected":false},"author":2,"featured_media":276443,"comment_status":"","ping_status":"","sticky":false,"template":"","format":"standard","meta":{"footnotes":""},"categories":[4],"tags":[1111,47,11,1109,1112,118,1108,107,1106,1107,1011,27,1110,1114,14,12,1113,316,25],"class_list":{"0":"post-276442","1":"post","2":"type-post","3":"status-publish","4":"format-standard","5":"has-post-thumbnail","7":"category-france","8":"tag-actu","9":"tag-actualite","10":"tag-actualites","11":"tag-breves","12":"tag-depeches","13":"tag-faits-divers","14":"tag-fil","15":"tag-fil-info","16":"tag-flash","17":"tag-flash-actu","18":"tag-fr","19":"tag-france","20":"tag-informations","21":"tag-infos","22":"tag-international","23":"tag-news","24":"tag-nouvelles","25":"tag-politique","26":"tag-republique-francaise"},"share_on_mastodon":{"url":"https:\/\/pubeurope.com\/@fr\/114922731827948481","error":""},"_links":{"self":[{"href":"https:\/\/www.europesays.com\/fr\/wp-json\/wp\/v2\/posts\/276442","targetHints":{"allow":["GET"]}}],"collection":[{"href":"https:\/\/www.europesays.com\/fr\/wp-json\/wp\/v2\/posts"}],"about":[{"href":"https:\/\/www.europesays.com\/fr\/wp-json\/wp\/v2\/types\/post"}],"author":[{"embeddable":true,"href":"https:\/\/www.europesays.com\/fr\/wp-json\/wp\/v2\/users\/2"}],"replies":[{"embeddable":true,"href":"https:\/\/www.europesays.com\/fr\/wp-json\/wp\/v2\/comments?post=276442"}],"version-history":[{"count":0,"href":"https:\/\/www.europesays.com\/fr\/wp-json\/wp\/v2\/posts\/276442\/revisions"}],"wp:featuredmedia":[{"embeddable":true,"href":"https:\/\/www.europesays.com\/fr\/wp-json\/wp\/v2\/media\/276443"}],"wp:attachment":[{"href":"https:\/\/www.europesays.com\/fr\/wp-json\/wp\/v2\/media?parent=276442"}],"wp:term":[{"taxonomy":"category","embeddable":true,"href":"https:\/\/www.europesays.com\/fr\/wp-json\/wp\/v2\/categories?post=276442"},{"taxonomy":"post_tag","embeddable":true,"href":"https:\/\/www.europesays.com\/fr\/wp-json\/wp\/v2\/tags?post=276442"}],"curies":[{"name":"wp","href":"https:\/\/api.w.org\/{rel}","templated":true}]}}