{"id":276447,"date":"2025-07-27T02:05:29","date_gmt":"2025-07-27T02:05:29","guid":{"rendered":"https:\/\/www.europesays.com\/fr\/276447\/"},"modified":"2025-07-27T02:05:29","modified_gmt":"2025-07-27T02:05:29","slug":"meurthe-et-moselle-deux-campeurs-sauvent-une-petite-fille-de-la-noyade","status":"publish","type":"post","link":"https:\/\/www.europesays.com\/fr\/276447\/","title":{"rendered":"Meurthe-et-Moselle. Deux campeurs sauvent une petite fille de la noyade"},"content":{"rendered":"<p>Mathieu (47 ans) et Manu (46 ans) sont deux amis d\u2019enfance. Depuis de nombreuses ann\u00e9es, ils ont l\u2019habitude de se retrouver tous les \u00e9t\u00e9s avec leur famille, au petit camping de Bainville-aux-Miroirs, situ\u00e9e en bordure de la Moselle.<\/p>\n<p>Ce dimanche 20\u00a0juillet, vers 15h, les deux amis entendent des appels au secours provenant de la petite plage situ\u00e9e sur l\u2019autre versant de cette rivi\u00e8re.<\/p>\n<p>  Baignade non surveill\u00e9e\u00a0: danger<\/p>\n<p>Une famille avec deux enfants \u00e2g\u00e9s de six et huit ans s\u2019est retrouv\u00e9e l\u00e0 pour se rafra\u00eechir et profiter du calme de cet endroit. Le p\u00e8re et les enfants ont commenc\u00e9 \u00e0 patauger dans l\u2019eau qui semble paisible avec peu de fond, puis ils se sont \u00e9loign\u00e9s de la berge. Ne connaissant certainement pas les lieux, le trio tombe bient\u00f4t dans un profond trou d\u2019eau.<\/p>\n<p>Le p\u00e8re, qui est un pi\u00e8tre nageur ne pourra pas sauver ses deux enfants. Il agrippe le gar\u00e7on et \u00e0 bien du mal a s\u2019extirper du trou d\u2019eau. La petite fille est engloutie par l\u2019eau.<\/p>\n<p>La m\u00e8re, rest\u00e9e sur la plage, voit le drame et hurle au secours.<\/p>\n<p>Nos deux campeurs sont l\u00e0 et Mathieu n\u2019h\u00e9site pas un instant, il se lance, tout habill\u00e9, dans l\u2019eau pour tenter de sauver la gamine. Il r\u00e9ussit l\u2019impossible et arrive \u00e0 sortir celle-ci de l\u2019eau, vivante. Le pire a \u00e9t\u00e9 \u00e9vit\u00e9 de justesse.<\/p>\n<p>Un effort violent<\/p>\n<p>Manu et Mathieu sont ext\u00e9nu\u00e9s par cet effort violent et soudain. Au bout d\u2019un moment, tout le monde retrouve son calme et les parents n\u2019ont pas assez de mots pour remercier les deux sauveteurs improvis\u00e9s.<\/p>\n<p>Mathieu nous d\u00e9clare\u00a0: \u00ab\u00a0Quand j\u2019ai vu la petite couler, j\u2019ai tout de suite d\u00e9val\u00e9 la berge et j\u2019ai plong\u00e9 sans r\u00e9fl\u00e9chir. C\u2019\u00e9tait une question de secondes. J\u2019ai r\u00e9ussi \u00e0 la remonter et \u00e0 la garder contre moi pour la ramener jusqu\u2019\u00e0 la rive o\u00f9 Manu nous a aid\u00e9s, tous les deux, \u00e0 sortir de l\u2019eau. On n\u2019est pas des h\u00e9ros, on a juste r\u00e9agi en fonction de la situation\u00a0\u00bb.<\/p>\n<p>Ce genre d\u2019incident montre encore une fois que les jeux d\u2019eau, dans des lieux non surveill\u00e9s, peuvent \u00eatre tr\u00e8s dangereux et risquent parfois de se terminer en trag\u00e9die.<\/p>\n","protected":false},"excerpt":{"rendered":"Mathieu (47 ans) et Manu (46 ans) sont deux amis d\u2019enfance. Depuis de nombreuses ann\u00e9es, ils ont l\u2019habitude&hellip;\n","protected":false},"author":2,"featured_media":276448,"comment_status":"","ping_status":"","sticky":false,"template":"","format":"standard","meta":{"footnotes":""},"categories":[9635],"tags":[1111,11,41586,18599,1707,1704,1706,1705,1777,674,274,1011,27,775,3457,1702,12,25],"class_list":{"0":"post-276447","1":"post","2":"type-post","3":"status-publish","4":"format-standard","5":"has-post-thumbnail","7":"category-nancy","8":"tag-actu","9":"tag-actualites","10":"tag-bainville-aux-miroirs","11":"tag-cc-du-pays-du-saintois-54b","12":"tag-edition-luneville","13":"tag-edition-nancy-et-agglomeration","14":"tag-edition-pont-a-mousson","15":"tag-edition-toul","16":"tag-eu","17":"tag-europe","18":"tag-faits-divers-justice","19":"tag-fr","20":"tag-france","21":"tag-grand-est","22":"tag-meurthe-et-moselle","23":"tag-nancy","24":"tag-news","25":"tag-republique-francaise"},"share_on_mastodon":{"url":"https:\/\/pubeurope.com\/@fr\/114922751439210595","error":""},"_links":{"self":[{"href":"https:\/\/www.europesays.com\/fr\/wp-json\/wp\/v2\/posts\/276447","targetHints":{"allow":["GET"]}}],"collection":[{"href":"https:\/\/www.europesays.com\/fr\/wp-json\/wp\/v2\/posts"}],"about":[{"href":"https:\/\/www.europesays.com\/fr\/wp-json\/wp\/v2\/types\/post"}],"author":[{"embeddable":true,"href":"https:\/\/www.europesays.com\/fr\/wp-json\/wp\/v2\/users\/2"}],"replies":[{"embeddable":true,"href":"https:\/\/www.europesays.com\/fr\/wp-json\/wp\/v2\/comments?post=276447"}],"version-history":[{"count":0,"href":"https:\/\/www.europesays.com\/fr\/wp-json\/wp\/v2\/posts\/276447\/revisions"}],"wp:featuredmedia":[{"embeddable":true,"href":"https:\/\/www.europesays.com\/fr\/wp-json\/wp\/v2\/media\/276448"}],"wp:attachment":[{"href":"https:\/\/www.europesays.com\/fr\/wp-json\/wp\/v2\/media?parent=276447"}],"wp:term":[{"taxonomy":"category","embeddable":true,"href":"https:\/\/www.europesays.com\/fr\/wp-json\/wp\/v2\/categories?post=276447"},{"taxonomy":"post_tag","embeddable":true,"href":"https:\/\/www.europesays.com\/fr\/wp-json\/wp\/v2\/tags?post=276447"}],"curies":[{"name":"wp","href":"https:\/\/api.w.org\/{rel}","templated":true}]}}