{"id":27647,"date":"2025-04-15T21:39:31","date_gmt":"2025-04-15T21:39:31","guid":{"rendered":"https:\/\/www.europesays.com\/fr\/27647\/"},"modified":"2025-04-15T21:39:31","modified_gmt":"2025-04-15T21:39:31","slug":"en-fin-de-vie-les-ascenseurs-du-metro-de-rouen-vont-etre-bientot-tous-remplaces","status":"publish","type":"post","link":"https:\/\/www.europesays.com\/fr\/27647\/","title":{"rendered":"En fin de vie, les ascenseurs du m\u00e9tro de Rouen vont \u00eatre bient\u00f4t tous remplac\u00e9s"},"content":{"rendered":"<p>            Par<br \/>\n        <strong><br \/>\n            <a href=\"https:\/\/actu.fr\/auteur\/fmass\" title=\"Consulter tous les articles de Fabien Massin\" target=\"_blank\" rel=\"noopener\">Fabien Massin<\/a><br \/>\n        <\/strong><\/p>\n<p>        Publi\u00e9 le<\/p>\n<p>            14 avr. 2025 \u00e0 7h14<br \/>\n        ; mis \u00e0 jour le 14 avr. 2025 \u00e0 12h03    <\/p>\n<p>Le m\u00e9tro (<a href=\"https:\/\/actu.fr\/normandie\/rouen_76540\/doit-on-dire-tramway-metro-rouen-normandie-actu-met-fin-debat_13152304.html\" target=\"_blank\" rel=\"noopener\">tramway en r\u00e9alit\u00e9<\/a>) de <strong>Rouen (Seine-Maritime)<\/strong> <a href=\"https:\/\/actu.fr\/normandie\/rouen_76540\/le-metro-de-rouen-a-30-ans-cinq-choses-que-vous-ne-saviez-peut-etre-pas-sur-notre-tramway_62006016.html\" target=\"_blank\" rel=\"noopener\">a f\u00eat\u00e9 ses 30\u00a0ans 2024<\/a>. Et avec lui les ascenseurs qui datent de sa construction dans les ann\u00e9es 1990.<\/p>\n<p class=\" wall-content\">Trentenaires, <strong>ils arrivent donc en fin de vie<\/strong> et vont \u00eatre bient\u00f4t remplac\u00e9s.<\/p>\n<p>Trois ans de travaux<\/p>\n<p class=\" wall-content\">\u00ab\u2009Une d\u00e9marche de renouvellement des ascenseurs a \u00e9t\u00e9 engag\u00e9e par la M\u00e9tropole avec un <strong>\u00e9chelonnement des travaux sur 3\u00a0ans<\/strong> de 2025 \u00e0 2028, indique-t-on \u00e0 la M\u00e9tropole Rouen Normandie. La M\u00e9tropole est actuellement en consultation des prestataires, il est donc encore trop t\u00f4t pour parler planning et m\u00e9thodologie adopt\u00e9e.\u2009\u00bb<\/p>\n<p class=\" wall-content\">Le budget est estim\u00e9 \u00e0<strong> 2\u00a0millions d\u2019euros<\/strong> (travaux, ma\u00eetrise d\u2019\u0153uvre, assistance \u00e0 ma\u00eetrise d\u2019ouvrage et contr\u00f4leur technique).<\/p>\n<p>Suivez l\u2019actualit\u00e9 de Rouen sur notre <a href=\"https:\/\/www.whatsapp.com\/channel\/0029VaKfnf99hXF2ddApFB1D\" target=\"_blank\" rel=\"noopener\">cha\u00eene WhatsApp<\/a> et sur notre <a href=\"https:\/\/www.tiktok.com\/@76actu.fr?lang=fr\" target=\"_blank\" rel=\"noopener\">compte TikTok<\/a><\/p>\n<p class=\" wall-content\">Suivez toute l\u2019actualit\u00e9 de vos villes et m\u00e9dias favoris en vous inscrivant \u00e0 <a href=\"https:\/\/moncompte.actu.fr\" title=\"D\u00e9couvez Mon Actu\" rel=\"nofollow noopener\" data-trk=\"{&quot;cta&quot;:{&quot;action&quot;:&quot;https:\\\/\\\/moncompte.actu.fr&quot;,&quot;category&quot;:&quot;mon compte&quot;,&quot;from&quot;:&quot;article footer&quot;,&quot;name&quot;:&quot;Mon actu&quot;,&quot;type&quot;:&quot;cta&quot;}}\" target=\"_blank\">Mon Actu<\/a>.<\/p>\n<p>                    <script async src=\"\/\/www.tiktok.com\/embed.js\"><\/script><\/p>\n","protected":false},"excerpt":{"rendered":"Par Fabien Massin Publi\u00e9 le 14 avr. 2025 \u00e0 7h14 ; mis \u00e0 jour le 14 avr. 2025&hellip;\n","protected":false},"author":2,"featured_media":27648,"comment_status":"","ping_status":"","sticky":false,"template":"","format":"standard","meta":{"footnotes":""},"categories":[9587],"tags":[1111,11,33,1777,674,1011,27,9725,12,5161,25,9726,9590,2803],"class_list":{"0":"post-27647","1":"post","2":"type-post","3":"status-publish","4":"format-standard","5":"has-post-thumbnail","7":"category-rouen","8":"tag-actu","9":"tag-actualites","10":"tag-economie","11":"tag-eu","12":"tag-europe","13":"tag-fr","14":"tag-france","15":"tag-metropole-rouen","16":"tag-news","17":"tag-normandie","18":"tag-republique-francaise","19":"tag-reseau-astuce-tcar","20":"tag-rouen","21":"tag-transport"},"share_on_mastodon":{"url":"https:\/\/pubeurope.com\/@fr\/114344149934452906","error":""},"_links":{"self":[{"href":"https:\/\/www.europesays.com\/fr\/wp-json\/wp\/v2\/posts\/27647","targetHints":{"allow":["GET"]}}],"collection":[{"href":"https:\/\/www.europesays.com\/fr\/wp-json\/wp\/v2\/posts"}],"about":[{"href":"https:\/\/www.europesays.com\/fr\/wp-json\/wp\/v2\/types\/post"}],"author":[{"embeddable":true,"href":"https:\/\/www.europesays.com\/fr\/wp-json\/wp\/v2\/users\/2"}],"replies":[{"embeddable":true,"href":"https:\/\/www.europesays.com\/fr\/wp-json\/wp\/v2\/comments?post=27647"}],"version-history":[{"count":0,"href":"https:\/\/www.europesays.com\/fr\/wp-json\/wp\/v2\/posts\/27647\/revisions"}],"wp:featuredmedia":[{"embeddable":true,"href":"https:\/\/www.europesays.com\/fr\/wp-json\/wp\/v2\/media\/27648"}],"wp:attachment":[{"href":"https:\/\/www.europesays.com\/fr\/wp-json\/wp\/v2\/media?parent=27647"}],"wp:term":[{"taxonomy":"category","embeddable":true,"href":"https:\/\/www.europesays.com\/fr\/wp-json\/wp\/v2\/categories?post=27647"},{"taxonomy":"post_tag","embeddable":true,"href":"https:\/\/www.europesays.com\/fr\/wp-json\/wp\/v2\/tags?post=27647"}],"curies":[{"name":"wp","href":"https:\/\/api.w.org\/{rel}","templated":true}]}}