{"id":276476,"date":"2025-07-27T02:32:17","date_gmt":"2025-07-27T02:32:17","guid":{"rendered":"https:\/\/www.europesays.com\/fr\/276476\/"},"modified":"2025-07-27T02:32:17","modified_gmt":"2025-07-27T02:32:17","slug":"marseille-facile-face-a-gerone-greenwood-marque-encore","status":"publish","type":"post","link":"https:\/\/www.europesays.com\/fr\/276476\/","title":{"rendered":"Marseille facile face \u00e0 G\u00e9rone, Greenwood marque encore"},"content":{"rendered":"<p>L\u2019OM a battu les Espagnols de G\u00e9rone (2-0) ce samedi pour son troisi\u00e8me match de pr\u00e9paration cet \u00e9t\u00e9.<\/p>\n<p class=\"fig-paragraph\">L&rsquo;Olympique de Marseille s&rsquo;est impos\u00e9 2-0 face au club espagnol de G\u00e9rone samedi soir en Andorre, sur deux penalties sign\u00e9s Greenwood et Gouiri, pour son troisi\u00e8me match de pr\u00e9paration avant la reprise de la Ligue 1.<\/p>\n<p class=\"fig-paragraph\">Tr\u00e8s sup\u00e9rieurs techniquement au club espagnol, qualifi\u00e9 en Ligue des champions la saison pass\u00e9e mais seulement 16e de la Liga, les Marseillais ont mis 20 minutes pour trouver leur rythme, sur la pelouse d&rsquo;un petit stade d&rsquo;Andorre o\u00f9 leurs supporters \u00e9taient \u00e9galement ultra dominateurs en tribunes.<\/p>\n<p>                                    <a class=\"fig-a11y-skip a11y-hidden\" href=\"#fig-a11y-skip-main-inarticle\"><br \/>\n        Passer la publicit\u00e9<br \/>\n    <\/a><\/p>\n<p class=\"fig-paragraph\">Apr\u00e8s une frayeur \u00e0 la 6e minute, avec un sauvetage de Balerdi sur une frappe du v\u00e9t\u00e9ran n\u00e9erlandais Daley Blind, seul face \u00e0 Rulli, l&rsquo;OM a peu \u00e0 peu pris le contr\u00f4le de la rencontre, avec une nouvelle fois un Greenwood \u00e9tincelant, auteur de son cinqui\u00e8me but en trois rencontres.<\/p>\n<p>Medina et Gomes en forme<\/p>\n<p class=\"fig-paragraph\">Si la faute sur l&rsquo;attaquant anglais \u00e0 l&rsquo;origine du premier penalty (34e) n&rsquo;\u00e9tait pas du tout \u00e9vidente, elle l&rsquo;\u00e9tait par contre pour celle sur Amine Harit (61e), apr\u00e8s un superbe une-deux avec Gouiri. Et le score est totalement logique sur l&rsquo;ensemble d&rsquo;une rencontre lors de laquelle de Zerbi avait totalement chang\u00e9 son \u00e9quipe d\u00e8s la 70e minute.<\/p>\n<p class=\"fig-paragraph\">Si cet OM version 2025\/2026 ne s&rsquo;est pas forc\u00e9, les supporters ont au moins d\u00e9couvert l&rsquo;agressivit\u00e9 et la combativit\u00e9 du defenseur argentin Facundo Medina et la finesse technique du milieu de terrain anglais Angel Gomes, deux de leurs nouvelles recrues. Mais aussi la maturit\u00e9 et l&rsquo;impact physique d&rsquo;un des \u00abminots\u00bb du club, le milieu de terrain Darryl Bakola,<\/p>\n<p class=\"fig-paragraph\">Toujours invaincu dans cette pr\u00e9paration, apr\u00e8s une victoire 5-0 contre l&rsquo;Excelsior Maasluis, club de D3 n\u00e9erlandaise, puis 1-1 contre le Royal Olympic Charleroi, en D2 belge, l&rsquo;OM a encore deux clubs espagnols au programme cette semaine, Valence mardi \u00e0 Tarragone (Espagne) puis le FC S\u00e9ville samedi pour son retour au V\u00e9lodrome.<\/p>\n<p class=\"fig-paragraph\">Puis ce sera les Anglais d&rsquo;Aston Villa, le 9 ao\u00fbt, toujours au V\u00e9lodrome, avant d&rsquo;ouvrir la nouvelle saison de Ligue 1 le 15 ao\u00fbt \u00e0 Rennes.<\/p>\n","protected":false},"excerpt":{"rendered":"L\u2019OM a battu les Espagnols de G\u00e9rone (2-0) ce samedi pour son troisi\u00e8me match de pr\u00e9paration cet \u00e9t\u00e9.&hellip;\n","protected":false},"author":2,"featured_media":276477,"comment_status":"","ping_status":"","sticky":false,"template":"","format":"standard","meta":{"footnotes":""},"categories":[2814],"tags":[1111,11,1777,674,1011,27,884,12,1176,882,25],"class_list":{"0":"post-276476","1":"post","2":"type-post","3":"status-publish","4":"format-standard","5":"has-post-thumbnail","7":"category-marseille","8":"tag-actu","9":"tag-actualites","10":"tag-eu","11":"tag-europe","12":"tag-fr","13":"tag-france","14":"tag-marseille","15":"tag-news","16":"tag-olympique-de-marseille","17":"tag-provence-alpes-cote-dazur","18":"tag-republique-francaise"},"share_on_mastodon":{"url":"https:\/\/pubeurope.com\/@fr\/114922857707484823","error":""},"_links":{"self":[{"href":"https:\/\/www.europesays.com\/fr\/wp-json\/wp\/v2\/posts\/276476","targetHints":{"allow":["GET"]}}],"collection":[{"href":"https:\/\/www.europesays.com\/fr\/wp-json\/wp\/v2\/posts"}],"about":[{"href":"https:\/\/www.europesays.com\/fr\/wp-json\/wp\/v2\/types\/post"}],"author":[{"embeddable":true,"href":"https:\/\/www.europesays.com\/fr\/wp-json\/wp\/v2\/users\/2"}],"replies":[{"embeddable":true,"href":"https:\/\/www.europesays.com\/fr\/wp-json\/wp\/v2\/comments?post=276476"}],"version-history":[{"count":0,"href":"https:\/\/www.europesays.com\/fr\/wp-json\/wp\/v2\/posts\/276476\/revisions"}],"wp:featuredmedia":[{"embeddable":true,"href":"https:\/\/www.europesays.com\/fr\/wp-json\/wp\/v2\/media\/276477"}],"wp:attachment":[{"href":"https:\/\/www.europesays.com\/fr\/wp-json\/wp\/v2\/media?parent=276476"}],"wp:term":[{"taxonomy":"category","embeddable":true,"href":"https:\/\/www.europesays.com\/fr\/wp-json\/wp\/v2\/categories?post=276476"},{"taxonomy":"post_tag","embeddable":true,"href":"https:\/\/www.europesays.com\/fr\/wp-json\/wp\/v2\/tags?post=276476"}],"curies":[{"name":"wp","href":"https:\/\/api.w.org\/{rel}","templated":true}]}}