{"id":276481,"date":"2025-07-27T02:37:18","date_gmt":"2025-07-27T02:37:18","guid":{"rendered":"https:\/\/www.europesays.com\/fr\/276481\/"},"modified":"2025-07-27T02:37:18","modified_gmt":"2025-07-27T02:37:18","slug":"ados-francais-juifs-debarques-dun-vol-vueling-paris-demande-des-explications-a-la-compagnie","status":"publish","type":"post","link":"https:\/\/www.europesays.com\/fr\/276481\/","title":{"rendered":"Ados fran\u00e7ais juifs d\u00e9barqu\u00e9s d&rsquo;un vol Vueling : Paris demande des \u00ab\u00a0explications\u00a0\u00bb \u00e0 la compagnie"},"content":{"rendered":"<ul class=\"jsx-862013697 ArticleChapo__List\">\n<li class=\"jsx-862013697 ArticleChapo__List_Item flex\">Le ministre fran\u00e7ais des Affaires \u00e9trang\u00e8res, Jean-No\u00ebl Barrot, a appel\u00e9 la PDG de la compagnie a\u00e9rienne Vueling apr\u00e8s le d\u00e9barquement d&rsquo;un groupe de jeunes Fran\u00e7ais juifs d&rsquo;un avion de la compagnie.<\/li>\n<li class=\"jsx-862013697 ArticleChapo__List_Item flex\">Il lui a demand\u00e9 des \u00ab\u00a0\u00e9l\u00e9ments d&rsquo;explication\u00a0\u00bb, alors qu&rsquo;une enqu\u00eate interne a \u00e9t\u00e9 diligent\u00e9e.<\/li>\n<\/ul>\n<p data-module=\"article-paragraph\" class=\"jsx-3046738180 Paragraph\">Paris ne compte pas en rester l\u00e0. Le chef de la diplomatie fran\u00e7aise, Jean-No\u00ebl Barrot, a appel\u00e9 la PDG de la compagnie a\u00e9rienne Vueling, Carolina Martinoli, vendredi 25 juillet, pour lui demander des \u00ab\u00a0\u00e9l\u00e9ments d&rsquo;explication\u00a0\u00bb apr\u00e8s qu&rsquo;une cinquantaine d&rsquo;adolescents fran\u00e7ais de confession juive ont \u00e9t\u00e9 <a href=\"https:\/\/www.tf1info.fr\/international\/espagne-vueling-un-groupe-d-adolescents-francais-juifs-debarque-d-un-avion-une-plainte-pour-discrimination-bientot-deposee-2384961.html\" target=\"_blank\" rel=\"noopener\">d\u00e9barqu\u00e9s d&rsquo;un avion<\/a> \u00e0 leur retour d&rsquo;un s\u00e9jour de deux semaines en Espagne.<\/p>\n<p data-module=\"article-paragraph\" class=\"jsx-3046738180 Paragraph Paragraph__End\">L&rsquo;incident, survenu mercredi 23 juillet apr\u00e8s-midi, alors que le groupe s&rsquo;appr\u00eatait \u00e0 d\u00e9coller de l&rsquo;a\u00e9roport de Valence \u00e0 destination de Paris-Orly, a <a href=\"https:\/\/www.tf1info.fr\/justice-faits-divers\/verif-ados-francais-juifs-debarques-d-un-vol-vueling-y-avait-il-vraiment-un-drapeau-palestinien-dans-le-cockpit-avion-2385170.html\" target=\"_blank\" rel=\"noopener\">suscit\u00e9 une vive pol\u00e9mique<\/a>.\u00a0<\/p>\n<p data-module=\"article-paragraph\" class=\"jsx-3046738180 Paragraph\">Le ministre fran\u00e7ais des Affaires \u00e9trang\u00e8res a fait \u00ab\u00a0part de la vive \u00e9motion suscit\u00e9e par le d\u00e9barquement d&rsquo;un groupe de jeunes Fran\u00e7ais juifs d&rsquo;un avion de la compagnie\u00a0\u00bb, a indiqu\u00e9 le Quai d&rsquo;Orsay dans <a href=\"https:\/\/www.diplomatie.gouv.fr\/fr\/dossiers-pays\/espagne\/evenements\/article\/espagne-incident-dans-un-avion-de-la-compagnie-vueling-26-07-2025\" target=\"_blank\" rel=\"noopener\">un communiqu\u00e9 (nouvelle fen\u00eatre)<\/a> mis en ligne samedi 26 juillet. \u00ab\u00a0Il a \u00e9t\u00e9 demand\u00e9 des \u00e9l\u00e9ments d&rsquo;explication, notamment pour d\u00e9terminer si ces compatriotes avaient fait l&rsquo;objet de discriminations li\u00e9es \u00e0 leur confession\u00a0\u00bb.<\/p>\n<p data-module=\"article-paragraph\" class=\"jsx-3046738180 Paragraph Paragraph__End\">La patronne de la compagnie \u00ab\u00a0lui a assur\u00e9 qu&rsquo;une enqu\u00eate interne rigoureuse \u00e9tait en cours et que les conclusions de cette enqu\u00eate seraient partag\u00e9es avec les autorit\u00e9s fran\u00e7aises et espagnoles\u00a0\u00bb. Par ailleurs, des explications ont \u00e9t\u00e9 demand\u00e9es \u00e0 l&rsquo;ambassadeur d&rsquo;Espagne en France.<\/p>\n<p>Une plainte d\u00e9pos\u00e9e contre Vueling<\/p>\n<p data-module=\"article-paragraph\" class=\"jsx-3046738180 Paragraph Paragraph__End\">L&rsquo;association Club Kineret, organisatrice de la colonie de vacances, a annonc\u00e9 son intention de porter plainte \u00ab\u00a0pour violence physique, psychologique et discrimination sur le fondement de la religion\u00a0\u00bb, a affirm\u00e9 \u00e0 l&rsquo;AFP son avocate, Julie Jacob. Elle a \u00e9voqu\u00e9 des \u00ab\u00a0circonstances aggravantes\u00a0\u00bb, certains enfants \u00e9tant \u00e2g\u00e9s de \u00ab\u00a0moins de 15 ans\u00a0\u00bb.\u00a0<\/p>\n<p><a href=\"https:\/\/www.tf1info.fr\/justice-faits-divers\/verif-ados-francais-juifs-debarques-d-un-vol-vueling-y-avait-il-vraiment-un-drapeau-palestinien-dans-le-cockpit-avion-2385170.html\" rel=\"noopener\" class=\"jsx-3308031228 Link flex\" target=\"_blank\"><img decoding=\"async\" src=\"https:\/\/www.europesays.com\/fr\/wp-content\/uploads\/2025\/07\/verif-drapeau-palestinien-cockpit-vueling-330489-0@1x.jpeg\" alt=\"Une photo montrant un drapeau ressemblant au drapeau palestinien a \u00e9t\u00e9 associ\u00e9 \u00e0 l'incident du vol Valence - Paris durant lequel des adolescents de confession juive ont \u00e9t\u00e9 d\u00e9barqu\u00e9s.\" loading=\"lazy\" importance=\"low\" fetchpriority=\"low\" class=\"\" aria-hidden=\"true\"\/><\/p>\n<p class=\"jsx-3657663356 ReadMoreArticle__Title\">Lire aussi<\/p>\n<p class=\"jsx-3657663356\">V\u00c9RIF&rsquo; &#8211; Ados fran\u00e7ais juifs d\u00e9barqu\u00e9s d&rsquo;un vol Vueling : y avait-il vraiment un drapeau palestinien dans le cockpit ?<\/p>\n<p><\/a><\/p>\n<p data-module=\"article-paragraph\" class=\"jsx-3046738180 Paragraph Paragraph__End\">Dans un communiqu\u00e9 publi\u00e9 jeudi 24 juillet, Vueling a imput\u00e9 cet incident aux adolescents, accus\u00e9s d&rsquo;avoir eu un \u00ab\u00a0comportement inappropri\u00e9\u00a0\u00bb et \u00ab\u00a0une attitude fortement conflictuelle, mettant en p\u00e9ril le bon d\u00e9roulement du vol\u00a0\u00bb. L&rsquo;organisateur de la colonie a, au contraire, affirm\u00e9 que les adolescents avaient \u00e9t\u00e9 d\u00e9barqu\u00e9s \u00ab\u00a0sans motif valable\u00a0\u00bb.<\/p>\n<p>Y.R. avec AFP<\/p>\n","protected":false},"excerpt":{"rendered":"Le ministre fran\u00e7ais des Affaires \u00e9trang\u00e8res, Jean-No\u00ebl Barrot, a appel\u00e9 la PDG de la compagnie a\u00e9rienne Vueling apr\u00e8s&hellip;\n","protected":false},"author":2,"featured_media":276482,"comment_status":"","ping_status":"","sticky":false,"template":"","format":"standard","meta":{"footnotes":""},"categories":[1888],"tags":[1111,1928,11,1927,6155,1921,13143,123,1777,674,6017,1011,27,1922,2121,12,1926,626,1925,9474,25,2803,133,1920],"class_list":{"0":"post-276481","1":"post","2":"type-post","3":"status-publish","4":"format-standard","5":"has-post-thumbnail","7":"category-paris","8":"tag-actu","9":"tag-actu-paris","10":"tag-actualites","11":"tag-actualites-paris","12":"tag-antisemitisme","13":"tag-article-video","14":"tag-avion-secteur-aerien","15":"tag-espagne","16":"tag-eu","17":"tag-europe","18":"tag-fait-divers","19":"tag-fr","20":"tag-france","21":"tag-info","22":"tag-jean-noel-barrot","23":"tag-news","24":"tag-news-paris","25":"tag-paris","26":"tag-paris-news","27":"tag-religion-et-croyances","28":"tag-republique-francaise","29":"tag-transport","30":"tag-video","31":"tag-video-international"},"share_on_mastodon":{"url":"https:\/\/pubeurope.com\/@fr\/114922877466809179","error":""},"_links":{"self":[{"href":"https:\/\/www.europesays.com\/fr\/wp-json\/wp\/v2\/posts\/276481","targetHints":{"allow":["GET"]}}],"collection":[{"href":"https:\/\/www.europesays.com\/fr\/wp-json\/wp\/v2\/posts"}],"about":[{"href":"https:\/\/www.europesays.com\/fr\/wp-json\/wp\/v2\/types\/post"}],"author":[{"embeddable":true,"href":"https:\/\/www.europesays.com\/fr\/wp-json\/wp\/v2\/users\/2"}],"replies":[{"embeddable":true,"href":"https:\/\/www.europesays.com\/fr\/wp-json\/wp\/v2\/comments?post=276481"}],"version-history":[{"count":0,"href":"https:\/\/www.europesays.com\/fr\/wp-json\/wp\/v2\/posts\/276481\/revisions"}],"wp:featuredmedia":[{"embeddable":true,"href":"https:\/\/www.europesays.com\/fr\/wp-json\/wp\/v2\/media\/276482"}],"wp:attachment":[{"href":"https:\/\/www.europesays.com\/fr\/wp-json\/wp\/v2\/media?parent=276481"}],"wp:term":[{"taxonomy":"category","embeddable":true,"href":"https:\/\/www.europesays.com\/fr\/wp-json\/wp\/v2\/categories?post=276481"},{"taxonomy":"post_tag","embeddable":true,"href":"https:\/\/www.europesays.com\/fr\/wp-json\/wp\/v2\/tags?post=276481"}],"curies":[{"name":"wp","href":"https:\/\/api.w.org\/{rel}","templated":true}]}}