{"id":276487,"date":"2025-07-27T02:40:21","date_gmt":"2025-07-27T02:40:21","guid":{"rendered":"https:\/\/www.europesays.com\/fr\/276487\/"},"modified":"2025-07-27T02:40:21","modified_gmt":"2025-07-27T02:40:21","slug":"tour-de-france-etape-21-les-horaires-du-passage-de-la-caravane-ville-par-ville-de-mantes-la-ville-a-paris","status":"publish","type":"post","link":"https:\/\/www.europesays.com\/fr\/276487\/","title":{"rendered":"Tour de France, \u00e9tape 21 : les horaires du passage de la caravane ville par ville de Mantes-la-Ville \u00e0 Paris"},"content":{"rendered":"<p class=\"paragraph text_align_left lp-f-body-02\">Le parcours de <a href=\"https:\/\/www.leparisien.fr\/sports\/cyclisme\/tour-de-france\/tour-de-france-2025-le-parcours-et-le-profil-de-letape-21-entre-mantes-la-ville-et-paris-les-champs-elysees-02-07-2025-PLTIBHSSYBDY7A2U75XPG4MWVA.php\" target=\"_self\" rel=\"nofollow noopener\">la 21e \u00e9tape<\/a> du <a href=\"https:\/\/www.leparisien.fr\/sports\/cyclisme\/tour-de-france\/\" target=\"_blank\" rel=\"noreferrer nofollow noopener\">Tour de France<\/a> sera anim\u00e9 d\u00e8s 14h25 le dimanche 27 juillet avec le d\u00e9part de la caravane de Mantes-la-Ville. Son arriv\u00e9e \u00e0 Paris est pr\u00e9vue vers 17h45, tandis que le peloton s\u2019\u00e9lancera \u00e0 16h25.<\/p>\n<p>Les horaires de passage de la caravane<\/p>\n<p class=\"paragraph text_align_left lp-f-body-02\">Ville par ville, retrouvez les horaires de passage de la caravane. Par exemple, elle passera \u00e0 Ch\u00e2teau de Versailles (Yvelines), \u00e0 15h23, au 37,8e kilom\u00e8tre de l\u2019\u00e9tape.<\/p>\n<ul class=\"margin_bottom_md fs_18_26 fs_20_28_ad blue-dot\">\n<li class=\"mb_150 pl_325\">14:10 &#8211; VC MANTES-LA-VILLE<\/li>\n<li class=\"mb_150 pl_325\">14:15 &#8211; MANTES-LA-JOLIE (VC-D983 A)<\/li>\n<li class=\"mb_150 pl_325\">14:17 &#8211; D983 A LIMAY (D983 A-D146)<\/li>\n<li class=\"mb_150 pl_325\">14:21 &#8211; D146 PORCHEVILLE<\/li>\n<li class=\"mb_150 pl_325\">14:25 &#8211; Les Garennes (ISSOU)<\/li>\n<li class=\"mb_150 pl_325\">14:25 &#8211; MANTES-LA-VILLE<\/li>\n<li class=\"mb_150 pl_325\">14:27 &#8211; GARGENVILLE (D146-D130)<\/li>\n<li class=\"mb_150 pl_325\">14:28 &#8211; D130 \u00cele de Rangiport<\/li>\n<li class=\"mb_150 pl_325\">14:30 &#8211; \u00c9P\u00d4NE (D130-D113-D191)<\/li>\n<li class=\"mb_150 pl_325\">14:33 &#8211; D191 N\u00c9ZEL<\/li>\n<li class=\"mb_150 pl_325\">14:35 &#8211; Passage \u00e0 niveau N\u00b0 14.<\/li>\n<li class=\"mb_150 pl_325\">14:37 &#8211; AULNAY-SUR-MAULDRE (D191-VC)<\/li>\n<li class=\"mb_150 pl_325\">14:39 &#8211; VC BAZEMONT<\/li>\n<li class=\"mb_150 pl_325\">14:40 &#8211; C\u00f4te de Bazemont<\/li>\n<li class=\"mb_150 pl_325\">14:41 &#8211; Beulle (MAULE) (VC-D45)<\/li>\n<li class=\"mb_150 pl_325\">14:43 &#8211; D45 Les Joncs Marins (HERBEVILLE) (pr\u00e8s)<\/li>\n<li class=\"mb_150 pl_325\">14:46 &#8211; LES ALLUETS-LE-ROI (D45-D198)<\/li>\n<li class=\"mb_150 pl_325\">14:52 &#8211; D198 CRESPI\u00c8RES (D198-D307)<\/li>\n<li class=\"mb_150 pl_325\">14:56 &#8211; D307 DAVRON (pr\u00e8s)<\/li>\n<li class=\"mb_150 pl_325\">14:58 &#8211; FEUCHEROLLES (D307-D30) (pr\u00e8s)<\/li>\n<li class=\"mb_150 pl_325\">15:00 &#8211; D30 Carrefour D30-D74<\/li>\n<li class=\"mb_150 pl_325\">15:01 &#8211; D74 CHAVENAY (D74-D97)<\/li>\n<li class=\"mb_150 pl_325\">15:07 &#8211; D97 VILLEPREUX (D97-D161-D12)<\/li>\n<li class=\"mb_150 pl_325\">15:12 &#8211; D12 Carrefour D12-D11<\/li>\n<li class=\"mb_150 pl_325\">15:13 &#8211; D11 FONTENAY-LE-FLEURY<\/li>\n<li class=\"mb_150 pl_325\">15:15 &#8211; SAINT-CYR-L\u2019\u00c9COLE (D11-D10)<\/li>\n<li class=\"mb_150 pl_325\">15:23 &#8211; Ch\u00e2teau de Versailles<\/li>\n<li class=\"mb_150 pl_325\">15:23 &#8211; VERSAILLES (D10-VC-D186-D10-D56)<\/li>\n<li class=\"mb_150 pl_325\">15:29 &#8211; D56 VIROFLAY (D56-VC-D53)<\/li>\n<li class=\"mb_150 pl_325\">15:31 &#8211; D53 V\u00c9LIZY-VILLACOUBLAY<\/li>\n<li class=\"mb_150 pl_325\">15:32 &#8211; HAUTS-DE-SEINE (92)<\/li>\n<li class=\"mb_150 pl_325\">15:32 &#8211; CHAVILLE (D53-D181)<\/li>\n<li class=\"mb_150 pl_325\">15:35 &#8211; D181 C\u00f4te du Pav\u00e9 des Gardes<\/li>\n<li class=\"mb_150 pl_325\">15:36 &#8211; S\u00c8VRES<\/li>\n<li class=\"mb_150 pl_325\">15:37 &#8211; MEUDON (D181-VC)<\/li>\n<li class=\"mb_150 pl_325\">15:40 &#8211; VC ISSY-LES-MOULINEAUX (VC-D7)<\/li>\n<li class=\"mb_150 pl_325\">15:44 &#8211; PARIS (75)<\/li>\n<li class=\"mb_150 pl_325\">15:45 &#8211; PARIS (entr\u00e9e)<\/li>\n<li class=\"mb_150 pl_325\">15:49 &#8211; Tour Eiffel<\/li>\n<li class=\"mb_150 pl_325\">15:56 &#8211; Palais du Louvre<\/li>\n<li class=\"mb_150 pl_325\">16:00 &#8211; 1er passage sur la ligne d\u2019arriv\u00e9e<\/li>\n<li class=\"mb_150 pl_325\">16:10 &#8211; 2e passage sur la ligne d\u2019arriv\u00e9e<\/li>\n<li class=\"mb_150 pl_325\">16:21 &#8211; 3e passage sur la ligne d\u2019arriv\u00e9e<\/li>\n<li class=\"mb_150 pl_325\">16:22 &#8211; PARIS &#8211; HAUT DES CHAMPS-ELYS\u00c9ES (3E PASSAGE)<\/li>\n<li class=\"mb_150 pl_325\">16:31 &#8211; 4e passage sur la ligne d\u2019arriv\u00e9e<\/li>\n<li class=\"mb_150 pl_325\">16:44 &#8211; C\u00f4te de la Butte Montmartre<\/li>\n<li class=\"mb_150 pl_325\">16:54 &#8211; 5e passage sur la ligne d\u2019arriv\u00e9e<\/li>\n<li class=\"mb_150 pl_325\">17:10 &#8211; C\u00f4te de la Butte Montmartre<\/li>\n<li class=\"mb_150 pl_325\">17:19 &#8211; 6e passage sur la ligne d\u2019arriv\u00e9e<\/li>\n<li class=\"mb_150 pl_325\">17:36 &#8211; C\u00f4te de la Butte Montmartre<\/li>\n<li class=\"mb_150 pl_325\">17:45 &#8211; PARIS Champs-\u00c9lys\u00e9es<\/li>\n<\/ul>\n<p class=\"paragraph text_align_left lp-f-body-02\">Retrouvez les profils, horaires de passages et autres actualit\u00e9s du Tour de France 2025 sur <a href=\"https:\/\/www.leparisien.fr\/sports\/cyclisme\/tour-de-france\/\" target=\"_self\" rel=\"nofollow noopener\">la page d\u00e9di\u00e9e<\/a>.<\/p>\n","protected":false},"excerpt":{"rendered":"Le parcours de la 21e \u00e9tape du Tour de France sera anim\u00e9 d\u00e8s 14h25 le dimanche 27 juillet&hellip;\n","protected":false},"author":2,"featured_media":276488,"comment_status":"","ping_status":"","sticky":false,"template":"","format":"standard","meta":{"footnotes":""},"categories":[1888],"tags":[11,207,1777,674,1011,27,12,626,25,60,210],"class_list":{"0":"post-276487","1":"post","2":"type-post","3":"status-publish","4":"format-standard","5":"has-post-thumbnail","7":"category-paris","8":"tag-actualites","9":"tag-cyclisme","10":"tag-eu","11":"tag-europe","12":"tag-fr","13":"tag-france","14":"tag-news","15":"tag-paris","16":"tag-republique-francaise","17":"tag-sports","18":"tag-tour-de-france"},"share_on_mastodon":{"url":"https:\/\/pubeurope.com\/@fr\/114922889195284605","error":""},"_links":{"self":[{"href":"https:\/\/www.europesays.com\/fr\/wp-json\/wp\/v2\/posts\/276487","targetHints":{"allow":["GET"]}}],"collection":[{"href":"https:\/\/www.europesays.com\/fr\/wp-json\/wp\/v2\/posts"}],"about":[{"href":"https:\/\/www.europesays.com\/fr\/wp-json\/wp\/v2\/types\/post"}],"author":[{"embeddable":true,"href":"https:\/\/www.europesays.com\/fr\/wp-json\/wp\/v2\/users\/2"}],"replies":[{"embeddable":true,"href":"https:\/\/www.europesays.com\/fr\/wp-json\/wp\/v2\/comments?post=276487"}],"version-history":[{"count":0,"href":"https:\/\/www.europesays.com\/fr\/wp-json\/wp\/v2\/posts\/276487\/revisions"}],"wp:featuredmedia":[{"embeddable":true,"href":"https:\/\/www.europesays.com\/fr\/wp-json\/wp\/v2\/media\/276488"}],"wp:attachment":[{"href":"https:\/\/www.europesays.com\/fr\/wp-json\/wp\/v2\/media?parent=276487"}],"wp:term":[{"taxonomy":"category","embeddable":true,"href":"https:\/\/www.europesays.com\/fr\/wp-json\/wp\/v2\/categories?post=276487"},{"taxonomy":"post_tag","embeddable":true,"href":"https:\/\/www.europesays.com\/fr\/wp-json\/wp\/v2\/tags?post=276487"}],"curies":[{"name":"wp","href":"https:\/\/api.w.org\/{rel}","templated":true}]}}