{"id":276489,"date":"2025-07-27T02:41:21","date_gmt":"2025-07-27T02:41:21","guid":{"rendered":"https:\/\/www.europesays.com\/fr\/276489\/"},"modified":"2025-07-27T02:41:21","modified_gmt":"2025-07-27T02:41:21","slug":"des-frappes-en-russie-et-en-ukraine-font-au-moins-cinq-morts","status":"publish","type":"post","link":"https:\/\/www.europesays.com\/fr\/276489\/","title":{"rendered":"Des frappes en Russie et en Ukraine font au moins cinq morts"},"content":{"rendered":"<p class=\"paragraph text_align_left lp-f-body-02\">Alors que les discussions entre Moscou et Kiev ont d\u00e9but\u00e9 pour organiser une rencontre entre les deux dirigeants <a href=\"https:\/\/www.leparisien.fr\/international\/crise-de-la-natalite-en-russie-la-defaite-que-vladimir-poutine-veut-cacher-20-07-2025-VNNCBSCPABFZBMWXFRTGLLNYYU.php\" target=\"_self\" rel=\"nofollow noopener\">Vladimir Poutine<\/a> et<a href=\"https:\/\/www.leparisien.fr\/international\/ukraine-manifestations-tolle-retropedalage-volodymyr-zelensky-fragilise-par-sa-tendance-autoritaire-croissante-24-07-2025-QNP3CKWU2NDRTHGLARXYEOPJQU.php\" target=\"_self\" rel=\"nofollow noopener\"> Volodymyr Zelensky<\/a>, les frappes a\u00e9riennes se poursuivent de part et d\u2019autre. Dans la nuit de vendredi \u00e0 samedi, des frappes a\u00e9riennes russes et ukrainiennes ont fait au moins trois morts dans le centre de l\u2019Ukraine et deux dans l\u2019ouest de la Russie, selon les autorit\u00e9s.<\/p>\n<p class=\"paragraph text_align_left lp-f-body-02\">En Russie, \u00ab dans le district de Zimovnikovski (\u2026), une voiture a pris feu \u00e0 la suite d\u2019une attaque de drone. Deux personnes sont mortes \u00bb, a annonc\u00e9 sur Telegram Iouri Sliousar, le gouverneur de la r\u00e9gion de Rostov, frontali\u00e8re de l\u2019Ukraine.<\/p>\n<p class=\"paragraph text_align_left lp-f-body-02\">Selon le minist\u00e8re russe de la D\u00e9fense, la d\u00e9fense antia\u00e9rienne a intercept\u00e9 54 drones dont 24 dans la r\u00e9gion de Briansk, elle aussi frontali\u00e8re de l\u2019Ukraine.<\/p>\n<p class=\"title-embed-dailymotion lp-color-text lp-f-subtitle-04\">Vid\u00e9oGuerre en Ukraine : la Russie lance les exercices \u00ab Temp\u00eate de juillet \u00bb<\/p>\n<p class=\"paragraph text_align_left lp-f-body-02\">C\u00f4t\u00e9 ukrainien, une salve de tirs de drones russes a tu\u00e9 trois personnes et fait six bless\u00e9s dans la r\u00e9gion centrale de <a href=\"https:\/\/www.leparisien.fr\/international\/ukraine\/premiere-victoire-russe-dans-la-region-de-dnipropetrovsk-larmee-ukrainienne-est-elle-au-bord-de-la-rupture-08-07-2025-THLRDVKKIVGA7GBYYLLC5ZNUII.php\" target=\"_self\" rel=\"nofollow noopener\">Dnipropetrovsk<\/a> selon son gouverneur Sergui\u00ef Lissak sur T\u00e9l\u00e9gram. Il pr\u00e9cise qu\u2019une des victimes a p\u00e9ri dans un village de la r\u00e9gion et qu\u2019une personne de 21 ans est d\u00e9c\u00e9d\u00e9e des suites de ses blessures \u00e0 l\u2019h\u00f4pital.<\/p>\n<p class=\"paragraph text_align_left lp-f-body-02\">Un peu plus t\u00f4t, Borys Filatov, le maire de Dnipro, avait d\u00e9plor\u00e9 la mort d\u2019une personne dans \u00ab un gratte-ciel haut de gamme \u00bb. Ce dernier a d\u00e9plor\u00e9 le \u00ab manque d\u2019abris \u00bb, tout en appelant la population \u00e0 ne pas \u00ab rester dans les \u00e9tages sup\u00e9rieurs \u00bb pendant les bombardements.<\/p>\n<p>Des frappes qui ne resteront pas \u00ab sans r\u00e9ponse \u00bb<\/p>\n<p class=\"paragraph text_align_left lp-f-body-02\">Lors de cette op\u00e9ration militaire men\u00e9e par la Russie, 208 <a href=\"https:\/\/www.leparisien.fr\/international\/ukraine\/guerre-en-ukraine-2-000-drones-en-une-seule-nuit-dici-novembre-cest-quoi-cette-incroyable-attaque-russe-qui-affole-kiev-22-07-2025-QEPMSXUIBNGDLLIYJ2RRTC5JJQ.php\" target=\"_self\" rel=\"nofollow noopener\">drones<\/a> et 27 missiles diff\u00e9rents ont \u00e9t\u00e9 utilis\u00e9s, affirme l\u2019arm\u00e9e ukrainienne, qui dit avoir abattu 183 drones et 17 missiles.<\/p>\n<p class=\"paragraph text_align_left lp-f-body-02\"><a href=\"https:\/\/www.leparisien.fr\/international\/guerre-en-ukraine-cinq-morts-dans-des-frappes-russes-sans-precedent-a-kherson-et-kharkiv-07-06-2025-FREGTC6AUVAWRHO4MCTCURWVA4.php\" target=\"_self\" rel=\"nofollow noopener\">La province de Kharkiv<\/a> dans le Nord-Est a elle aussi \u00e9t\u00e9 touch\u00e9e avec trois bless\u00e9s dans la ville de Zmiiv tout comme la r\u00e9gion de Zaporijjia dans le sud de l\u2019Ukraine ou plusieurs incendies ont \u00e9t\u00e9 constat\u00e9s notamment dans un immeuble r\u00e9sidentiel.<\/p>\n<p class=\"paragraph text_align_left lp-f-body-02\">Le maire de Kharkiv, Igor Terekhov, a d\u00e9clar\u00e9 sur Telegram, que sa ville avait \u00e9t\u00e9 \u00ab la cible d\u2019une attaque combin\u00e9e \u00bb pendant au moins trois heures. \u00ab L\u2019ennemi s\u2019est servi de plusieurs types d\u2019armes simultan\u00e9ment des bombes guid\u00e9es, des missiles balistiques et des drones suicides \u00bb, a-t-il ajout\u00e9.<\/p>\n<p class=\"paragraph text_align_left lp-f-body-02\">Face \u00e0 ces bombardements, <a href=\"https:\/\/www.leparisien.fr\/international\/ukraine\/loi-anticorruption-en-ukraine-volodymyr-zelensky-dit-avoir-ecoute-les-manifestants-25-07-2025-V3OFE5AGX5ABZBULL2K4MIJG4Q.php\" target=\"_self\" rel=\"nofollow noopener\">le pr\u00e9sident Volodymyr Zelensky<\/a> a r\u00e9agi promettant une r\u00e9ponse ferme contre le voisin russe. Il affirme sur X : \u00ab De telles frappes ne peuvent certainement pas rester sans r\u00e9ponse et les drones ukrainiens de longue port\u00e9e en garantissent une \u00bb.<\/p>\n","protected":false},"excerpt":{"rendered":"Alors que les discussions entre Moscou et Kiev ont d\u00e9but\u00e9 pour organiser une rencontre entre les deux dirigeants&hellip;\n","protected":false},"author":2,"featured_media":276490,"comment_status":"","ping_status":"","sticky":false,"template":"","format":"standard","meta":{"footnotes":""},"categories":[1591],"tags":[11,1887,14,12,1885,1886,132,220],"class_list":{"0":"post-276489","1":"post","2":"type-post","3":"status-publish","4":"format-standard","5":"has-post-thumbnail","7":"category-russie","8":"tag-actualites","9":"tag-federation-de-russie","10":"tag-international","11":"tag-news","12":"tag-russia","13":"tag-russian-federation","14":"tag-russie","15":"tag-ukraine"},"share_on_mastodon":{"url":"https:\/\/pubeurope.com\/@fr\/114922893189756389","error":""},"_links":{"self":[{"href":"https:\/\/www.europesays.com\/fr\/wp-json\/wp\/v2\/posts\/276489","targetHints":{"allow":["GET"]}}],"collection":[{"href":"https:\/\/www.europesays.com\/fr\/wp-json\/wp\/v2\/posts"}],"about":[{"href":"https:\/\/www.europesays.com\/fr\/wp-json\/wp\/v2\/types\/post"}],"author":[{"embeddable":true,"href":"https:\/\/www.europesays.com\/fr\/wp-json\/wp\/v2\/users\/2"}],"replies":[{"embeddable":true,"href":"https:\/\/www.europesays.com\/fr\/wp-json\/wp\/v2\/comments?post=276489"}],"version-history":[{"count":0,"href":"https:\/\/www.europesays.com\/fr\/wp-json\/wp\/v2\/posts\/276489\/revisions"}],"wp:featuredmedia":[{"embeddable":true,"href":"https:\/\/www.europesays.com\/fr\/wp-json\/wp\/v2\/media\/276490"}],"wp:attachment":[{"href":"https:\/\/www.europesays.com\/fr\/wp-json\/wp\/v2\/media?parent=276489"}],"wp:term":[{"taxonomy":"category","embeddable":true,"href":"https:\/\/www.europesays.com\/fr\/wp-json\/wp\/v2\/categories?post=276489"},{"taxonomy":"post_tag","embeddable":true,"href":"https:\/\/www.europesays.com\/fr\/wp-json\/wp\/v2\/tags?post=276489"}],"curies":[{"name":"wp","href":"https:\/\/api.w.org\/{rel}","templated":true}]}}