{"id":276491,"date":"2025-07-27T02:42:18","date_gmt":"2025-07-27T02:42:18","guid":{"rendered":"https:\/\/www.europesays.com\/fr\/276491\/"},"modified":"2025-07-27T02:42:18","modified_gmt":"2025-07-27T02:42:18","slug":"german-jeune-ukrainien-champion-de-france-dhalterophilie-porte-par-le-poids-de-lexil","status":"publish","type":"post","link":"https:\/\/www.europesays.com\/fr\/276491\/","title":{"rendered":"German, jeune Ukrainien champion de France d\u2019halt\u00e9rophilie, port\u00e9 par le poids de l\u2019exil"},"content":{"rendered":"<p class=\"wp-block-post-excerpt__excerpt\">\u00c0 13 ans, German Polinstov est devenu champion de France d\u2019halt\u00e9rophilie dans sa cat\u00e9gorie. De l\u2019exil avec sa famille fuyant les Russes dans le Donbass \u00e0 une vie \u00e0 la rue \u00e0 Bordeaux, jusqu\u2019aux podiums des comp\u00e9titions sportives, le parcours de ce jeune gar\u00e7on force l\u2019admiration. Deuxi\u00e8me portrait de l\u2019\u00e9t\u00e9 2025 de notre s\u00e9rie \u00ab\u00a0Du monde en Gironde\u00a0\u00bb. <\/p>\n<p class=\"font-sans\">\n\t\t\tCet article est en acc\u00e8s libre. Pour soutenir Rue89Bordeaux,<br \/>\n\t\t\t<a class=\"underline\" href=\"https:\/\/rue89bordeaux.com\/abonnement\/\" target=\"_blank\" rel=\"noopener\">abonnez-vous<\/a>.\n\t\t<\/p>\n<p>Margaux B\u00e9gards<\/p>\n<p>Publi\u00e9 le 26 juillet 2025\u00a0\u00a0\u00b7\u00a0\u00a0<\/p>\n<p>Imprim\u00e9 le 27 juillet 2025 \u00e0 04h16\u00a0\u00a0\u00b7\u00a0\u00a0<\/p>\n<p>\t\t\t\t\t3\u00a0minutes\n<\/p>\n<p>Il y a des victoires plus belles que d\u2019autres. Celle du 28 juin dernier, la famille de German aura du mal \u00e0 l\u2019oublier : ce jour-l\u00e0, le petit gar\u00e7on qui se r\u00eave champion d\u2019halt\u00e9rophilie montait sur la plus haute marche du podium des championnats de France dans la cat\u00e9gorie U13 des moins de 61 kg.<\/p>\n<p>Car ce sport, c\u2019est avant tout une histoire de famille chez les Polintsov. \u00ab\u00a0Mon p\u00e8re m\u2019a montr\u00e9 ce sport et j\u2019ai d\u00e9cid\u00e9 d\u2019en faire\u00a0\u00bb, explique German. Un sport qu\u2019il pratique depuis l\u2019\u00e2ge de 7 ans, et pour lequel il s\u2019investit parce qu\u2019il \u00ab\u00a0aime gagner des comp\u00e9titions et devenir plus fort\u00a0\u00bb. <\/p>\n<p><img loading=\"lazy\" decoding=\"async\" width=\"792\" height=\"877\" src=\"https:\/\/www.europesays.com\/fr\/wp-content\/uploads\/2025\/07\/german-polintsov-2-792x877.jpg\" alt=\"\" class=\"wp-image-167086\"  \/> German, entour\u00e9 de son p\u00e8re et de son petit-fr\u00e8re, porte fi\u00e8rement sa m\u00e9daille de champion de France U13 M61 Photo\u00a0: archives familiales<\/p>\n<p>\t\tEn France, rapidement \u00e0 la rue<\/p>\n<p>German n\u2019a que 2 ans lorsque ses parents fuient l\u2019offensive russe au Donbass. Mark et Oksana Polinstov quittent Donetsk en 2014, au d\u00e9but de la guerre opposant le gouvernement ukrainien \u00e0 des s\u00e9paratistes pro-russes\u00a0et \u00e0 la\u00a0Russie. Pass\u00e9s par la Pologne puis l\u2019Allemange, o\u00f9 est n\u00e9 le petit fr\u00e8re de German, Oskar, la famille Polintsov arrive en France en 2017.<\/p>\n<p>Ils encha\u00eenent les logements provisoires, les h\u00e9bergements d\u2019urgence et les squats. En 2022, German devient une nouvelle fois grand fr\u00e8re et Olivier rejoint la fratrie. Rue89 Bordeaux les avait rencontr\u00e9 en 2023, alors qu\u2019<a href=\"https:\/\/rue89bordeaux.com\/2023\/08\/une-famille-ukrainienne-avec-trois-enfants-vit-sous-tentes-a-saint-jean-dillac-en-attendant-un-logement\/\" target=\"_blank\" rel=\"noreferrer noopener\">ils vivaient sous tentes<\/a> dans un bois communal \u00e0 Saint-Jean-d\u2019Illac. Ils avaient \u00e9t\u00e9 contraints de quitter un logement qui leur avait \u00e9t\u00e9 pr\u00eat\u00e9 en raison d\u2019une accumulation de d\u00e9fauts de paiements.<\/p>\n<p>Aujourd\u2019hui, ces gal\u00e8res sont en grande partie derri\u00e8re eux. La famille r\u00e9side dans un appartement \u00e0 Pessac depuis le mois de mars. German est scolaris\u00e9 au coll\u00e8ge Alouette, o\u00f9 il rentrera en 4\u00e8me au mois de septembre, et concilie du mieux qu\u2019il peut ses entrainements avec les cours. Une autre passion en dehors du sport ? \u00ab\u00a0Non\u00a0\u00bb, r\u00e9pond-il timidement, le sourire en coin comme s\u2019il s\u2019en excusait presque.<\/p>\n<p>\t\tTrois entrainements par semaine<\/p>\n<p>L\u2019halt\u00e9rophilie est un sport de force qui combine deux mouvements principaux : l\u2019arrach\u00e9 et l\u2019\u00e9paul\u00e9-jet\u00e9. Le premier consiste \u00e0 soulever une barre charg\u00e9e de disques du sol jusqu\u2019au-dessus de la t\u00eate en un seul mouvement rapide ; le second se fait en deux temps o\u00f9 le sportif soul\u00e8ve d\u2019abord la barre jusqu\u2019aux \u00e9paules puis la l\u00e8ve au-dessus de sa t\u00eate. Lors des championnats de France, German a soulev\u00e9 des poids allant jusqu\u2019\u00e0 57 kg. <\/p>\n<p>\u00c0 raison de trois entrainements par semaine, les lundi, mercredi et samedi, German parfait sa technique dans une salle de sport \u00e0 Bordeaux sous l\u2019\u0153il avis\u00e9 de son p\u00e8re. Ce dernier a fait le choix de l\u2019entrainer lui-m\u00eame, fort de son exp\u00e9rience personnelle dans la pratique de ce sport.<\/p>\n<blockquote class=\"wp-block-quote is-layout-flow wp-block-quote-is-layout-flow\">\n<p>\u00ab\u00a0C\u2019est toujours diff\u00e9rent, quand il y a une grosse comp\u00e9tition c\u2019est deux heures d\u2019entrainement, peut-\u00eatre trois. Quand on travaille que le physique, une heure et c\u2019est fini\u00a0\u00bb, d\u00e9taille le jeune gar\u00e7on.<\/p>\n<\/blockquote>\n<p><img loading=\"lazy\" decoding=\"async\" width=\"792\" height=\"528\" src=\"https:\/\/www.europesays.com\/fr\/wp-content\/uploads\/2025\/07\/german-polintsov-1-792x528.jpg\" alt=\"\" class=\"wp-image-167073\"  \/> Le sport c\u2019est une affaire de famille chez les Polintsov Photo\u00a0: MB\/Rue89 Bordeaux<\/p>\n<p>Objectif JO<\/p>\n<p>Des efforts qui portent leurs fruits. Sous le regard fier de ses parents, German montre les m\u00e9dailles que son fr\u00e8re Oskar est parti chercher dans sa chambre. Voil\u00e0 deux ans qu\u2019il a acquis la nationalit\u00e9 fran\u00e7aise lui permettant d\u2019entrer dans le monde des comp\u00e9titions, et il peut d\u00e9j\u00e0 se targuer d\u2019avoir glan\u00e9 toutes les premi\u00e8res places cette ann\u00e9e. Mark et Oksana voient dans le sport un moyen pour leurs enfants de s\u2019\u00e9panouir :<\/p>\n<blockquote class=\"wp-block-quote is-layout-flow wp-block-quote-is-layout-flow\">\n<p>\u00ab\u00a0C\u2019est culturel en Ukraine l\u2019halt\u00e9rophilie, c\u2019est bon pour la sant\u00e9, l\u2019\u00e9nergie et le c\u0153ur\u00a0\u00bb, soulignent-ils.  <\/p>\n<\/blockquote>\n<p>Une discipline qui pourrait ouvrir \u00e0 German les portes des plus grands comp\u00e9titions internationales. Car c\u2019est bien \u00e7a son objectif, devenir professionnel et \u00ab\u00a0repr\u00e9senter la France aux Jeux Olympiques\u00a0\u00bb glisse-t-il.<\/p>\n<p>Rue89 Bordeaux a besoin de vos dons<\/p>\n<p>Mille mercis \u00e0 nos 131 donateurs ! Gr\u00e2ce \u00e0 vous, nous avons atteint notre objectif initial de 10\u202f000\u202f\u20ac. Ce soutien va nous permettre de renflouer notre tr\u00e9sorerie, apr\u00e8s le d\u00e9sengagement en 2025 d\u2019un annonceur important \u2013 Bordeaux M\u00e9tropole \u2013 et de r\u00e9gler nos factures en attente.<br \/>Cependant, la cagnotte reste ouverte jusqu\u2019\u00e0 fin septembre afin de vous laisser l\u2019occasion de continuer \u00e0 soutenir votre m\u00e9dia ind\u00e9pendant. Chaque don est d\u00e9ductible des imp\u00f4ts \u00e0 hauteur de 66\u202f%. En recevoir davantage nous permettra de consolider nos finances, d\u2019envisager une rentr\u00e9e sereine, et surtout, d\u2019enrichir nos contenus et de renforcer notre r\u00e9daction.<\/p>\n","protected":false},"excerpt":{"rendered":"\u00c0 13 ans, German Polinstov est devenu champion de France d\u2019halt\u00e9rophilie dans sa cat\u00e9gorie. De l\u2019exil avec sa&hellip;\n","protected":false},"author":2,"featured_media":276492,"comment_status":"","ping_status":"","sticky":false,"template":"","format":"standard","meta":{"footnotes":""},"categories":[1590],"tags":[11,1997,39892,1777,674,1061,12,517,220],"class_list":{"0":"post-276491","1":"post","2":"type-post","3":"status-publish","4":"format-standard","5":"has-post-thumbnail","7":"category-ukraine","8":"tag-actualites","9":"tag-bordeaux","10":"tag-du-monde-en-gironde","11":"tag-eu","12":"tag-europe","13":"tag-immigration","14":"tag-news","15":"tag-sport","16":"tag-ukraine"},"share_on_mastodon":{"url":"https:\/\/pubeurope.com\/@fr\/114922897012673547","error":""},"_links":{"self":[{"href":"https:\/\/www.europesays.com\/fr\/wp-json\/wp\/v2\/posts\/276491","targetHints":{"allow":["GET"]}}],"collection":[{"href":"https:\/\/www.europesays.com\/fr\/wp-json\/wp\/v2\/posts"}],"about":[{"href":"https:\/\/www.europesays.com\/fr\/wp-json\/wp\/v2\/types\/post"}],"author":[{"embeddable":true,"href":"https:\/\/www.europesays.com\/fr\/wp-json\/wp\/v2\/users\/2"}],"replies":[{"embeddable":true,"href":"https:\/\/www.europesays.com\/fr\/wp-json\/wp\/v2\/comments?post=276491"}],"version-history":[{"count":0,"href":"https:\/\/www.europesays.com\/fr\/wp-json\/wp\/v2\/posts\/276491\/revisions"}],"wp:featuredmedia":[{"embeddable":true,"href":"https:\/\/www.europesays.com\/fr\/wp-json\/wp\/v2\/media\/276492"}],"wp:attachment":[{"href":"https:\/\/www.europesays.com\/fr\/wp-json\/wp\/v2\/media?parent=276491"}],"wp:term":[{"taxonomy":"category","embeddable":true,"href":"https:\/\/www.europesays.com\/fr\/wp-json\/wp\/v2\/categories?post=276491"},{"taxonomy":"post_tag","embeddable":true,"href":"https:\/\/www.europesays.com\/fr\/wp-json\/wp\/v2\/tags?post=276491"}],"curies":[{"name":"wp","href":"https:\/\/api.w.org\/{rel}","templated":true}]}}